{"id":134851,"date":"2026-01-06T10:12:06","date_gmt":"2026-01-06T10:12:06","guid":{"rendered":"https:\/\/www.europesays.com\/fi\/134851\/"},"modified":"2026-01-06T10:12:06","modified_gmt":"2026-01-06T10:12:06","slug":"suositun-progemetalliyhtyeen-riveissa-myllertaa-kaksi-pitkaaikaista-jasenta-lahti-samalla-ovenavauksella","status":"publish","type":"post","link":"https:\/\/www.europesays.com\/fi\/134851\/","title":{"rendered":"Suositun progemetalliyhtyeen riveiss\u00e4 myllert\u00e4\u00e4 &#8211; Kaksi pitk\u00e4aikaista j\u00e4sent\u00e4 l\u00e4hti samalla ovenavauksella"},"content":{"rendered":"<p>Englantilainen progemetalliyhtye Haken tiedottaa \u201draskain syd\u00e4min\u201d sosiaalisessa mediassa, ett\u00e4 sek\u00e4 kitaristi Charles Griffiths ett\u00e4 basisti Conner Green ovat j\u00e4tt\u00e4neet yhtyeen.<\/p>\n<p>\u201dOlemme suuresti kiitollisia yhteisest\u00e4 ajasta, jonka aikana loimme musiikkia, kiersimme maailmaa ja saavutimme asioita, joiden kuvittelimme olevan mahdottomia. Sek\u00e4 Charlie ett\u00e4 Conner ovat korvaamattomia niin muusikkoina kuin yksil\u00f6in\u00e4 ja he ovat antaneet todella paljon tehd\u00e4kseen b\u00e4ndist\u00e4 sen mik\u00e4 se on t\u00e4n\u00e4\u00e4n. Emme voi kiitt\u00e4\u00e4 heit\u00e4 kylliksi, mutta toivotamme heille kaikkea hyv\u00e4\u00e4 jatkossa\u201d, yhtye tiedottaa ja kertoo samalla julkaisevansa kuluvan vuoden aikana uutta musiikkia.<\/p>\n<p>Haken perustettiin vuonna 2007. Kitaristi Griffiths liittyi mukaan 2008 ja oli mukana kaikilla orkesterin seitsem\u00e4ll\u00e4 pitk\u00e4soitolla. Basisti Green liittyi mukaan 2014 ja soitti nelj\u00e4ll\u00e4 viimeisimm\u00e4ll\u00e4 albumilla.<\/p>\n<p>Yhtyeen viimeisin pitk\u00e4soitto Fauna julkaistiin 2023.<\/p>\n<p>Lue my\u00f6s: <a href=\"https:\/\/www.soundi.fi\/uutiskirje\/\" title=\"Tilaa Soundin uutiskirje\" class=\"underline-custom !font-montserrat !font-bold !underline-offset-4 !decoration-4 !decoration-red-600 !text-md\" rel=\"nofollow noopener\" target=\"_blank\">Tilaa Soundin uutiskirje ja tied\u00e4t mist\u00e4 kahvitauolla puhutaan! Nappaa ajankohtaiset musiikin uutiset ja puheenaiheet suoraan s\u00e4hk\u00f6postiin t\u00e4st\u00e4.<\/a><\/p>\n","protected":false},"excerpt":{"rendered":"Englantilainen progemetalliyhtye Haken tiedottaa \u201draskain syd\u00e4min\u201d sosiaalisessa mediassa, ett\u00e4 sek\u00e4 kitaristi Charles Griffiths ett\u00e4 basisti Conner Green ovat&hellip;\n","protected":false},"author":2,"featured_media":134852,"comment_status":"","ping_status":"","sticky":false,"template":"","format":"standard","meta":{"footnotes":""},"categories":[132],"tags":[137,33,31,30,195,47,32,109],"class_list":{"0":"post-134851","1":"post","2":"type-post","3":"status-publish","4":"format-standard","5":"has-post-thumbnail","7":"category-musiikki","8":"tag-entertainment","9":"tag-fi","10":"tag-finland","11":"tag-finnish","12":"tag-music","13":"tag-musiikki","14":"tag-suomi","15":"tag-viihde"},"share_on_mastodon":{"url":"https:\/\/pubeurope.com\/@fi\/115847622961458652","error":""},"_links":{"self":[{"href":"https:\/\/www.europesays.com\/fi\/wp-json\/wp\/v2\/posts\/134851","targetHints":{"allow":["GET"]}}],"collection":[{"href":"https:\/\/www.europesays.com\/fi\/wp-json\/wp\/v2\/posts"}],"about":[{"href":"https:\/\/www.europesays.com\/fi\/wp-json\/wp\/v2\/types\/post"}],"author":[{"embeddable":true,"href":"https:\/\/www.europesays.com\/fi\/wp-json\/wp\/v2\/users\/2"}],"replies":[{"embeddable":true,"href":"https:\/\/www.europesays.com\/fi\/wp-json\/wp\/v2\/comments?post=134851"}],"version-history":[{"count":0,"href":"https:\/\/www.europesays.com\/fi\/wp-json\/wp\/v2\/posts\/134851\/revisions"}],"wp:featuredmedia":[{"embeddable":true,"href":"https:\/\/www.europesays.com\/fi\/wp-json\/wp\/v2\/media\/134852"}],"wp:attachment":[{"href":"https:\/\/www.europesays.com\/fi\/wp-json\/wp\/v2\/media?parent=134851"}],"wp:term":[{"taxonomy":"category","embeddable":true,"href":"https:\/\/www.europesays.com\/fi\/wp-json\/wp\/v2\/categories?post=134851"},{"taxonomy":"post_tag","embeddable":true,"href":"https:\/\/www.europesays.com\/fi\/wp-json\/wp\/v2\/tags?post=134851"}],"curies":[{"name":"wp","href":"https:\/\/api.w.org\/{rel}","templated":true}]}}