{"id":134857,"date":"2026-01-06T10:17:17","date_gmt":"2026-01-06T10:17:17","guid":{"rendered":"https:\/\/www.europesays.com\/fi\/134857\/"},"modified":"2026-01-06T10:17:17","modified_gmt":"2026-01-06T10:17:17","slug":"espoossa-kauriita-ja-rusakoitakin-voidaan-luulla-susiksi","status":"publish","type":"post","link":"https:\/\/www.europesays.com\/fi\/134857\/","title":{"rendered":"Espoossa kauriita ja rusakoitakin voidaan luulla susiksi"},"content":{"rendered":"<p>Sudet|Susihavainnot lis\u00e4\u00e4ntyv\u00e4t joka vuosi lumentulon j\u00e4lkeen, kertoo Espoo-Kauniaisten riistan\u00adhoito\u00adyhdistyksen peto\u00adyhdys\u00adhenkil\u00f6 Jari Vihersalo.<\/p>\n<p>Lue tiivistelm\u00e4<\/p>\n<p class=\"article-body mb-nof-24 px-nof-16 sndp-summary-bullet-point-font\">Espoossa tehd\u00e4\u00e4n paljon susihavaintoja, mutta usein kyseess\u00e4 on jokin muu el\u00e4in kuten kauris, rusakko tai koira.<\/p>\n<p class=\"article-body mb-nof-24 px-nof-16 sndp-summary-bullet-point-font\">Espoo-Kauniaisten riistanhoitoyhdistyksen petoyhdyshenkil\u00f6 Jari Vihersalo kertoo, ett\u00e4 havainnot lis\u00e4\u00e4ntyv\u00e4t joka talvi lumentulon j\u00e4lkeen.<\/p>\n<p class=\"article-body mb-nof-24 px-nof-16 sndp-summary-bullet-point-font\">Espoossa mahdollisesti vierailevat sudet ovat todenn\u00e4k\u00f6isesti Kirkkonummen tai Nurmij\u00e4rven laumoista.<\/p>\n<p class=\"article-body mb-nof-24 px-nof-16\">Espoossa tehd\u00e4\u00e4n nyt runsaasti ilmoituksia susista. Kun susihavaintoja l\u00e4hdet\u00e4\u00e4n tarkistamaan, paljastuu usein, ett\u00e4 kyseess\u00e4 on ollut jokin aivan muu el\u00e4in.<\/p>\n<p class=\"article-body mb-nof-24 px-nof-16\">\u201dPaljon on semmoista, ett\u00e4 kauriita luullaan susiksi. Vastik\u00e4\u00e4n oli kuulemma varma havainto sudesta, mutta kun havainto tarkistettiin, l\u00f6ydettiin paikalta vain rusakon j\u00e4ljet\u201d, kertoo Espoo-Kauniaisten riistanhoitoyhdistyksen petoyhdyshenkil\u00f6 <a class=\"font-bold underline-offset-[0.12em] [text-decoration:var(--person-link-text-decoration)] ![text-decoration-color:var(--person-link-text-decoration-color)]\" href=\"https:\/\/www.hs.fi\/haku\/?query=Jari%20Vihersalo\" rel=\"nofollow noopener\" target=\"_blank\">Jari Vihersalo<\/a>.<\/p>\n<p class=\"article-body mb-nof-24 px-nof-16\">\u201dIhmiset pelk\u00e4\u00e4v\u00e4t ja luulevat siksi kaikenlaista. Osa havainnoista voi olla tottakin, mutta suurin osa ei vaikuttaisi ihan pit\u00e4v\u00e4n paikkaansa\u201d, h\u00e4n sanoo.<\/p>\n<p class=\"article-body mb-nof-24 px-nof-16\">Vihersalon mukaan havainnot lis\u00e4\u00e4ntyv\u00e4t joka talvi. Havaintoja tehd\u00e4\u00e4n my\u00f6s silloin, kun susista puhutaan mediassa.<\/p>\n<p class=\"article-body mb-nof-24 px-nof-16\">\u201dViikonloppuna oli havaittu Lasilaaksossa viisi sutta, olivat kuulemma oikein irvistelleet. J\u00e4lki\u00e4 ei kuitenkaan n\u00e4kynyt. Etsittiin droonillakin, mutta ei l\u00f6ytynyt.\u201d<\/p>\n<p class=\"article-body mb-nof-24 px-nof-16\">Susihavainnoista on kahden viime kuukauden aikana raportoitu ahkerasti erilaisissa susiin liittyviss\u00e4 Facebook-ryhmiss\u00e4 sek\u00e4 Espoon kaupungin\u00adosaryhmiss\u00e4. Usein my\u00f6s koiria luullaan susiksi, kertoo petoyhdyshenkil\u00f6 <a class=\"font-bold underline-offset-[0.12em] [text-decoration:var(--person-link-text-decoration)] ![text-decoration-color:var(--person-link-text-decoration-color)]\" href=\"https:\/\/www.hs.fi\/haku\/?query=Jukka%20Kirjavainen\" rel=\"nofollow noopener\" target=\"_blank\">Jukka Kirjavainen<\/a>.<\/p>\n<p class=\"article-body mb-nof-24 px-nof-16\">My\u00f6s Kirjavainen on huomannut, ett\u00e4 havaintoja tehd\u00e4\u00e4n eniten vuodenvaihteen tiet\u00e4mill\u00e4. Pedot liikkuvat talvella laajemmalla alueella, ja lumen tultua my\u00f6s j\u00e4ljist\u00e4 raportoidaan enemm\u00e4n.<\/p>\n<p class=\"article-body mb-nof-24 px-nof-16\">\u201dH\u00e4m\u00e4r\u00e4ss\u00e4 kauriita ja irtokoiria luullaan susiksi, mutta p\u00e4iv\u00e4nselvi\u00e4 susihavaintoja ei ole \u00e4skett\u00e4in tehty\u201d, h\u00e4n sanoo. My\u00f6s viime talvena havaintoja raportoitiin tiuhaan.<\/p>\n<p class=\"article-body mb-nof-24 px-nof-16\">\u201dMutta kyll\u00e4 t\u00e4\u00e4ll\u00e4 aina silloin t\u00e4ll\u00f6in susi py\u00f6r\u00e4ht\u00e4\u00e4\u201d, h\u00e4n sanoo.<\/p>\n<p class=\"article-body mb-nof-24 px-nof-16\">Espoossa mahdollisesti vierailevat sudet ovat todenn\u00e4k\u00f6isesti joko Kirkkonummen tai Nurmij\u00e4rven laumoista.<\/p>\n<p class=\"article-body mb-nof-24 px-nof-16\">Kirkkonummella liikkuu todenn\u00e4k\u00f6isesti kolmen suden lauma, joka saattaa silloin t\u00e4ll\u00f6in poiketa Espoon puolelle, kertoo Kirkkonummen riistanhoitoyhdistyksen toiminnan\u00adohjaaja <a class=\"font-bold underline-offset-[0.12em] [text-decoration:var(--person-link-text-decoration)] ![text-decoration-color:var(--person-link-text-decoration-color)]\" href=\"https:\/\/www.hs.fi\/haku\/?query=Peter%20Wollsten\" rel=\"nofollow noopener\" target=\"_blank\">Peter Wollsten<\/a>.<\/p>\n<p class=\"article-body mb-nof-24 px-nof-16\">Wollstenin mukaan susista ei ole Kirkkonummella ollut vaaraa.<\/p>\n<p class=\"article-body mb-nof-24 px-nof-16\">\u201dJoskus kansalaisista tuntuu ep\u00e4mukavalta, jos el\u00e4imet k\u00e4yv\u00e4t l\u00e4hell\u00e4. Uhkaavia tilanteita ei ole ollut\u201d, h\u00e4n sanoo.<\/p>\n<p class=\"article-body mb-nof-24 px-nof-16\">Nurmij\u00e4rvell\u00e4 liikkuu vahvistettujen havaintojen perusteella 2\u20138 suden lauma.<\/p>\n<p class=\"article-body mb-nof-24 px-nof-16\">Suden mets\u00e4stys sallittiin vuoden alusta l\u00e4htien. Nurmij\u00e4rvell\u00e4 saa t\u00e4n\u00e4 vuonna mets\u00e4st\u00e4\u00e4 kuusi sutta. Kaksi on jo kaadettu.<\/p>\n","protected":false},"excerpt":{"rendered":"Sudet|Susihavainnot lis\u00e4\u00e4ntyv\u00e4t joka vuosi lumentulon j\u00e4lkeen, kertoo Espoo-Kauniaisten riistan\u00adhoito\u00adyhdistyksen peto\u00adyhdys\u00adhenkil\u00f6 Jari Vihersalo. Lue tiivistelm\u00e4 Espoossa tehd\u00e4\u00e4n paljon susihavaintoja,&hellip;\n","protected":false},"author":2,"featured_media":134858,"comment_status":"","ping_status":"","sticky":false,"template":"","format":"standard","meta":{"footnotes":""},"categories":[112],"tags":[33,31,30,46,118,32,119],"class_list":{"0":"post-134857","1":"post","2":"type-post","3":"status-publish","4":"format-standard","5":"has-post-thumbnail","7":"category-tiede","8":"tag-fi","9":"tag-finland","10":"tag-finnish","11":"tag-helsingin-sanomat","12":"tag-science","13":"tag-suomi","14":"tag-tiede"},"share_on_mastodon":{"url":"https:\/\/pubeurope.com\/@fi\/115847642615797678","error":""},"_links":{"self":[{"href":"https:\/\/www.europesays.com\/fi\/wp-json\/wp\/v2\/posts\/134857","targetHints":{"allow":["GET"]}}],"collection":[{"href":"https:\/\/www.europesays.com\/fi\/wp-json\/wp\/v2\/posts"}],"about":[{"href":"https:\/\/www.europesays.com\/fi\/wp-json\/wp\/v2\/types\/post"}],"author":[{"embeddable":true,"href":"https:\/\/www.europesays.com\/fi\/wp-json\/wp\/v2\/users\/2"}],"replies":[{"embeddable":true,"href":"https:\/\/www.europesays.com\/fi\/wp-json\/wp\/v2\/comments?post=134857"}],"version-history":[{"count":0,"href":"https:\/\/www.europesays.com\/fi\/wp-json\/wp\/v2\/posts\/134857\/revisions"}],"wp:featuredmedia":[{"embeddable":true,"href":"https:\/\/www.europesays.com\/fi\/wp-json\/wp\/v2\/media\/134858"}],"wp:attachment":[{"href":"https:\/\/www.europesays.com\/fi\/wp-json\/wp\/v2\/media?parent=134857"}],"wp:term":[{"taxonomy":"category","embeddable":true,"href":"https:\/\/www.europesays.com\/fi\/wp-json\/wp\/v2\/categories?post=134857"},{"taxonomy":"post_tag","embeddable":true,"href":"https:\/\/www.europesays.com\/fi\/wp-json\/wp\/v2\/tags?post=134857"}],"curies":[{"name":"wp","href":"https:\/\/api.w.org\/{rel}","templated":true}]}}