{"id":134861,"date":"2026-01-06T10:20:07","date_gmt":"2026-01-06T10:20:07","guid":{"rendered":"https:\/\/www.europesays.com\/fi\/134861\/"},"modified":"2026-01-06T10:20:07","modified_gmt":"2026-01-06T10:20:07","slug":"kuuban-johto-pahoittelee-maduron-henkivartijoiden-kuolemaa-uutisia-lyhyesti","status":"publish","type":"post","link":"https:\/\/www.europesays.com\/fi\/134861\/","title":{"rendered":"Kuuban johto pahoittelee Maduron henki\u00advartijoiden kuolemaa | Uutisia lyhyesti"},"content":{"rendered":"<p><img decoding=\"async\" alt=\"Mielenosoittajia Venezuelan lippujen kanssa Havannassa, Kuubassa.\" src=\"https:\/\/www.europesays.com\/fi\/wp-content\/uploads\/2026\/01\/39-1577440695cce8429ec8.jpeg\" class=\"aw-1l9m598 hKVVvP\"\/><\/p>\n<p>Avaa kuvien katselu<\/p>\n<p>Kuubalaiset kantoivat Venezuelan kansallislippuja ja tukivat Nicol\u00e1s Maduroa Havannassa 3. tammikuuta. Kuva: Adalberto Roque \/ AFP<\/p>\n<p>10:36\u2022P\u00e4ivitetty 11:55<\/p>\n<p class=\"aw-1gybjub aw-1p7kakr kEtdKx cEmitX yle__article__paragraph\">Kuubassa liput ovat puolitangossa Venezuelassa kuolleiden kuubalaisupseerien muistolle.<\/p>\n<p class=\"aw-1gybjub aw-1p7kakr kEtdKx cEmitX yle__article__paragraph\">32 turvamiest\u00e4 surmattiin presidentt<strong class=\"aw-ak79eh KyCXm yle__article__strong\">i Nicol\u00e1s Maduron<\/strong> viikonvaihteen kiinnioton yhteydess\u00e4.<\/p>\n<p class=\"aw-1gybjub aw-1p7kakr kEtdKx cEmitX yle__article__paragraph\">Venezuela on kommunistisen Kuuban t\u00e4rkein liittolainen ja \u00f6ljyntoimittaja. Kuubalaiset toimivat Maduron henkivartijoina. Heid\u00e4n kerrottaneen vastustaneen raivokkaasti Yhdysvaltain sotilaiden iskua. Yhdysvallat on julistanut Kuuban kauppasaartoon. Presidentti Donald Trump ennakoi viikonvaihteessa <a class=\"aw-iao6s4 iHOxEa yle__article__link\" href=\"https:\/\/www.politico.com\/news\/2026\/01\/05\/latin-america-silent-as-trump-menaces-cuba-colombia-and-mexico-00711983\" role=\"link\" rel=\"nofollow noopener\" target=\"_blank\">Kuuban nykyhallinnolle pikaista loppua<\/a>.<\/p>\n<p class=\"aw-1gybjub aw-1p7kakr kEtdKx cEmitX yle__article__paragraph\">S\u00e4hk\u00f6- ja ruokapulasta k\u00e4rsiv\u00e4n Kuuban talous saattaa heiket\u00e4 entisest\u00e4\u00e4n Venezuelan ep\u00e4vakauden vuoksi.<\/p>\n<p class=\"aw-1gybjub aw-1p7kakr kEtdKx cEmitX yle__article__paragraph\">AFP<\/p>\n<p class=\"aw-1gybjub aw-1p7kakr kEtdKx cEmitX yle__article__paragraph\">Korjattu klo 11.55 kuoli-verbi surmattiin-verbiksi.<\/p>\n","protected":false},"excerpt":{"rendered":"Avaa kuvien katselu Kuubalaiset kantoivat Venezuelan kansallislippuja ja tukivat Nicol\u00e1s Maduroa Havannassa 3. tammikuuta. Kuva: Adalberto Roque \/&hellip;\n","protected":false},"author":2,"featured_media":134862,"comment_status":"","ping_status":"","sticky":false,"template":"","format":"standard","meta":{"footnotes":""},"categories":[14],"tags":[22,23,26,27,33,31,30,17,70,9427,24,25,28,29,15,18,21,32,19,20,56,16,7605,59,60,61],"class_list":{"0":"post-134861","1":"post","2":"type-post","3":"status-publish","4":"format-standard","5":"has-post-thumbnail","7":"category-ulkomaat","8":"tag-breaking-news","9":"tag-breakingnews","10":"tag-featured-news","11":"tag-featurednews","12":"tag-fi","13":"tag-finland","14":"tag-finnish","15":"tag-headlines","16":"tag-kansainvalinen-politiikka","17":"tag-kuuba","18":"tag-latest-news","19":"tag-latestnews","20":"tag-main-news","21":"tag-mainnews","22":"tag-news","23":"tag-otsikot","24":"tag-paauutiset","25":"tag-suomi","26":"tag-top-stories","27":"tag-topstories","28":"tag-ulkomaat","29":"tag-uutiset","30":"tag-venezuela","31":"tag-world","32":"tag-world-news","33":"tag-worldnews"},"share_on_mastodon":{"url":"https:\/\/pubeurope.com\/@fi\/115847654528532683","error":""},"_links":{"self":[{"href":"https:\/\/www.europesays.com\/fi\/wp-json\/wp\/v2\/posts\/134861","targetHints":{"allow":["GET"]}}],"collection":[{"href":"https:\/\/www.europesays.com\/fi\/wp-json\/wp\/v2\/posts"}],"about":[{"href":"https:\/\/www.europesays.com\/fi\/wp-json\/wp\/v2\/types\/post"}],"author":[{"embeddable":true,"href":"https:\/\/www.europesays.com\/fi\/wp-json\/wp\/v2\/users\/2"}],"replies":[{"embeddable":true,"href":"https:\/\/www.europesays.com\/fi\/wp-json\/wp\/v2\/comments?post=134861"}],"version-history":[{"count":0,"href":"https:\/\/www.europesays.com\/fi\/wp-json\/wp\/v2\/posts\/134861\/revisions"}],"wp:featuredmedia":[{"embeddable":true,"href":"https:\/\/www.europesays.com\/fi\/wp-json\/wp\/v2\/media\/134862"}],"wp:attachment":[{"href":"https:\/\/www.europesays.com\/fi\/wp-json\/wp\/v2\/media?parent=134861"}],"wp:term":[{"taxonomy":"category","embeddable":true,"href":"https:\/\/www.europesays.com\/fi\/wp-json\/wp\/v2\/categories?post=134861"},{"taxonomy":"post_tag","embeddable":true,"href":"https:\/\/www.europesays.com\/fi\/wp-json\/wp\/v2\/tags?post=134861"}],"curies":[{"name":"wp","href":"https:\/\/api.w.org\/{rel}","templated":true}]}}