{"id":134873,"date":"2026-01-06T10:42:09","date_gmt":"2026-01-06T10:42:09","guid":{"rendered":"https:\/\/www.europesays.com\/fi\/134873\/"},"modified":"2026-01-06T10:42:09","modified_gmt":"2026-01-06T10:42:09","slug":"joel-harkimo-julkaisi-kuvan-aiti-alahti-heti","status":"publish","type":"post","link":"https:\/\/www.europesays.com\/fi\/134873\/","title":{"rendered":"Joel Harkimo julkaisi kuvan \u2013 \u00c4iti \u00e4l\u00e4hti heti"},"content":{"rendered":"<p>Joel Harkimon ruokailukuva sai \u00e4iti Leena Harkimon kommentoimaan. <\/p>\n<p><img decoding=\"async\" class=\"image image-show image-preview\" src=\"https:\/\/www.europesays.com\/fi\/wp-content\/uploads\/2025\/09\/b85cf1438d1beb79c82060f0221ac588a65facf09167e2cc2fda96c194bf7406.jpg\" alt=\"\"\/><img decoding=\"async\" class=\"image image-show\" src=\"https:\/\/www.europesays.com\/fi\/wp-content\/uploads\/2025\/09\/1757867828_2_b85cf1438d1beb79c82060f0221ac588a65facf09167e2cc2fda96c194bf7406.jpg\" alt=\"\"\/><\/p>\n<p>Joel Harkimo vieraili syksyll\u00e4 Tanssii t\u00e4htien kanssa -studiolla.  Atte Kajova<\/p>\n<p class=\"paragraph\">Yritt\u00e4j\u00e4  ja purjehtija <strong>Joel Harkimo<\/strong> on viett\u00e4nyt vuoden ensimm\u00e4isi\u00e4 p\u00e4ivi\u00e4 ainakin hyv\u00e4n ruoan \u00e4\u00e4rell\u00e4. Tuoreessa Instagram-kuvassaan Harkimo istuu ruokap\u00f6yd\u00e4n \u00e4\u00e4ress\u00e4 edess\u00e4\u00e4n annos pasta carbonaraa ja lasillinen punaviini\u00e4.<\/p>\n<p class=\"paragraph\">Kommenteissa seuraajat ihastelevat Harkimon ruokaa.<\/p>\n<p class=\"paragraph\">\u2013 Perfetto. Parmesaani kruunaa viel\u00e4, kun p\u00e4\u00e4lle laittaa, kirjoittaa yksi kommentoija.<\/p>\n<p class=\"paragraph\">My\u00f6s Joel Harkimon \u00e4iti Leena Harkimo on kommentoinut poikansa kuvaa huumoriemojin kera.<\/p>\n<p class=\"paragraph\">\u2013 Ja sen salaatinhan tietty s\u00f6it jo, kuuluu \u00e4idin kommentti.<\/p>\n<p class=\"paragraph\">Vihre\u00e4\u00e4 purjehtija Harkimon lautasella ei kuvassa ole. Pasta carbonaraan kuuluu perinteisesti pekonia tai pancettaa, munankeltuaista, parmesania ja pecorinoa. Terveysruoaksi t\u00e4t\u00e4 italialaisen keitti\u00f6n herkkuruokaa ei voi kutsua.<\/p>\n","protected":false},"excerpt":{"rendered":"Joel Harkimon ruokailukuva sai \u00e4iti Leena Harkimon kommentoimaan. Joel Harkimo vieraili syksyll\u00e4 Tanssii t\u00e4htien kanssa -studiolla. Atte Kajova&hellip;\n","protected":false},"author":2,"featured_media":34822,"comment_status":"","ping_status":"","sticky":false,"template":"","format":"standard","meta":{"footnotes":""},"categories":[130],"tags":[35,137,33,31,30,99,100,98,900,2331,32,109],"class_list":{"0":"post-134873","1":"post","2":"type-post","3":"status-publish","4":"format-standard","5":"has-post-thumbnail","7":"category-viihde","8":"tag-24h","9":"tag-entertainment","10":"tag-fi","11":"tag-finland","12":"tag-finnish","13":"tag-lapset","14":"tag-lapset-ja-nuoret","15":"tag-perhe","16":"tag-ruoka","17":"tag-ruoka-ja-juoma","18":"tag-suomi","19":"tag-viihde"},"share_on_mastodon":{"url":"https:\/\/pubeurope.com\/@fi\/115847741022026245","error":""},"_links":{"self":[{"href":"https:\/\/www.europesays.com\/fi\/wp-json\/wp\/v2\/posts\/134873","targetHints":{"allow":["GET"]}}],"collection":[{"href":"https:\/\/www.europesays.com\/fi\/wp-json\/wp\/v2\/posts"}],"about":[{"href":"https:\/\/www.europesays.com\/fi\/wp-json\/wp\/v2\/types\/post"}],"author":[{"embeddable":true,"href":"https:\/\/www.europesays.com\/fi\/wp-json\/wp\/v2\/users\/2"}],"replies":[{"embeddable":true,"href":"https:\/\/www.europesays.com\/fi\/wp-json\/wp\/v2\/comments?post=134873"}],"version-history":[{"count":0,"href":"https:\/\/www.europesays.com\/fi\/wp-json\/wp\/v2\/posts\/134873\/revisions"}],"wp:featuredmedia":[{"embeddable":true,"href":"https:\/\/www.europesays.com\/fi\/wp-json\/wp\/v2\/media\/34822"}],"wp:attachment":[{"href":"https:\/\/www.europesays.com\/fi\/wp-json\/wp\/v2\/media?parent=134873"}],"wp:term":[{"taxonomy":"category","embeddable":true,"href":"https:\/\/www.europesays.com\/fi\/wp-json\/wp\/v2\/categories?post=134873"},{"taxonomy":"post_tag","embeddable":true,"href":"https:\/\/www.europesays.com\/fi\/wp-json\/wp\/v2\/tags?post=134873"}],"curies":[{"name":"wp","href":"https:\/\/api.w.org\/{rel}","templated":true}]}}