{"id":134878,"date":"2026-01-06T10:47:07","date_gmt":"2026-01-06T10:47:07","guid":{"rendered":"https:\/\/www.europesays.com\/fi\/134878\/"},"modified":"2026-01-06T10:47:07","modified_gmt":"2026-01-06T10:47:07","slug":"viime-vuosi-oli-suomessa-mittaushistorian-toiseksi-lampimin-tallainen-oli-saavuosi-porissa-ja-muualla-satakunnassa","status":"publish","type":"post","link":"https:\/\/www.europesays.com\/fi\/134878\/","title":{"rendered":"Viime vuosi oli Suomessa mittaushistorian toiseksi l\u00e4mpimin \u2013 t\u00e4llainen oli s\u00e4\u00e4vuosi Porissa ja muualla Satakunnassa"},"content":{"rendered":"<p>Vain vuosi 2020 on ollut Ilmatieteen laitoksen mittaus\u00adhistoriassa l\u00e4mpim\u00e4mpi kuin viime vuosi.<\/p>\n<p class=\"article-body mb-nof-24 px-nof-16\">Satakunta<\/p>\n<p class=\"article-body mb-nof-24 px-nof-16\">Viime vuosi oli niin Porissa kuin koko Suomessakin mittaushistorian toiseksi l\u00e4mpimin. Vuoden keskil\u00e4mp\u00f6tilat olivat suuressa osassa maata 1\u20122 astetta keskim\u00e4\u00e4r\u00e4ist\u00e4 korkeampia, kertoo <a class=\"underline underline-offset-[0.12em] [text-decoration-thickness:var(--generic-link-underline-thickness)] [text-decoration-color:var(--generic-link-underline-color)] [text-decoration-skip-ink:var(--generic-link-underline-skip-ink)] break-words\" href=\"https:\/\/www.ilmatieteenlaitos.fi\/tiedote\/4J9zJzIIU4679tDDXpJiGS\" rel=\"nofollow noopener\" target=\"_blank\">Ilmatieteen laitos<\/a>.<\/p>\n<p class=\"article-body mb-nof-24 px-nof-16\">Porissa vuoden 2025 keskil\u00e4mp\u00f6tila oli Ilmatieteen laitoksen <a class=\"underline underline-offset-[0.12em] [text-decoration-thickness:var(--generic-link-underline-thickness)] [text-decoration-color:var(--generic-link-underline-color)] [text-decoration-skip-ink:var(--generic-link-underline-skip-ink)] break-words\" href=\"https:\/\/www.ilmatieteenlaitos.fi\/tilastoja-vuodesta-1961\" rel=\"nofollow noopener\" target=\"_blank\">tilastojen<\/a> mukaan 7,1 astetta, eli 1,6 astetta yli pitk\u00e4n ajan keskiarvon vuosilta 1991\u20122020. Koko maan keskil\u00e4mp\u00f6tila oli 4,5 astetta, ja ylitys pitk\u00e4n ajan keskiarvosta oli samat 1,6 astetta.<\/p>\n<p class=\"article-body mb-nof-24 px-nof-16\">Viime vuotta korkeampi keskil\u00e4mp\u00f6tila on mitattu vain vuonna 2020. Porissa lukema oli tuolloin 7,5 astetta.<\/p>\n<p class=\"article-body mb-nof-24 px-nof-16\">Maaliskuu oli l\u00e4nsi- ja lounaisrannikolla paikoin enn\u00e4tysl\u00e4mmin, ja kev\u00e4t p\u00e4\u00e4si alkamaan varhain. Porissa kuukauden keskil\u00e4mp\u00f6tila on mittaushistorian korkein, 3,5 astetta. Pitk\u00e4n ajan keskiarvo ylittyi 2 asteella.<\/p>\n<p class=\"article-body mb-nof-24 px-nof-16\">Loppukev\u00e4\u00e4n ja alkukes\u00e4n aikana koettiin viile\u00e4mpi\u00e4 ja ep\u00e4vakaisempia jaksoja, mink\u00e4 my\u00f6t\u00e4 touko- ja kes\u00e4kuu j\u00e4iv\u00e4t v\u00e4h\u00e4n tavanomaista viile\u00e4mmiksi niin valtakunnallisesti kuin Porissakin.<\/p>\n<p class=\"article-body mb-nof-24 px-nof-16\">Niin Porissa kuin maanlaajuisestikin vain touko-, kes\u00e4- ja elokuu olivat hieman tavanomaista viile\u00e4mpi\u00e4. Kaikki muut kuukaudet olivat tavanomaista l\u00e4mpim\u00e4mpi\u00e4.<\/p>\n<p class=\"article-body mb-nof-24 px-nof-16\">Syyskuu oli Suomessa j\u00e4lleen enn\u00e4tyksellisen l\u00e4mmin, seuraten vuosien 2024 ja 2023 enn\u00e4tysl\u00e4mpimi\u00e4 syyskuita. Porissa kuukauden keskil\u00e4mp\u00f6tila oli 13,2 astetta, eli 2,3 astetta tavanomaista l\u00e4mpim\u00e4mpi.<\/p>\n<p class=\"article-body mb-nof-24 px-nof-16\">Satakunnan viime vuoden l\u00e4mp\u00f6enn\u00e4tys, 31,4 astetta, mitattiin Niinisalon lento\u00adkent\u00e4ll\u00e4 Kankaanp\u00e4\u00e4ss\u00e4 24. hein\u00e4kuuta. Koko maan ylin l\u00e4mp\u00f6tila, 32,6 astetta, mitattiin 31. hein\u00e4kuuta Oulun lentoasemalla.<\/p>\n<p class=\"article-body mb-nof-24 px-nof-16\">Kovin rajuja paukkupakkasia Satakunnassa ei viime vuonna koettu. Karvian Alkkiassa 4. helmikuuta mitattu vuoden pakkas\u00adenn\u00e4tys j\u00e4i 20,2 pakkasasteeseen.<\/p>\n<p class=\"article-body mb-nof-24 px-nof-16\">Koko maan alin alin l\u00e4mp\u00f6tila, 39,6 pakkasastetta, mitattiin samana p\u00e4iv\u00e4n\u00e4 Tulppion havainto\u00adasemalla Savukoskella.<\/p>\n","protected":false},"excerpt":{"rendered":"Vain vuosi 2020 on ollut Ilmatieteen laitoksen mittaus\u00adhistoriassa l\u00e4mpim\u00e4mpi kuin viime vuosi. Satakunta Viime vuosi oli niin Porissa&hellip;\n","protected":false},"author":2,"featured_media":134879,"comment_status":"","ping_status":"","sticky":false,"template":"","format":"standard","meta":{"footnotes":""},"categories":[12],"tags":[22,23,26,27,33,31,30,17,24,25,28,29,15,18,21,80,32,19,20,16],"class_list":{"0":"post-134878","1":"post","2":"type-post","3":"status-publish","4":"format-standard","5":"has-post-thumbnail","7":"category-suomi","8":"tag-breaking-news","9":"tag-breakingnews","10":"tag-featured-news","11":"tag-featurednews","12":"tag-fi","13":"tag-finland","14":"tag-finnish","15":"tag-headlines","16":"tag-latest-news","17":"tag-latestnews","18":"tag-main-news","19":"tag-mainnews","20":"tag-news","21":"tag-otsikot","22":"tag-paauutiset","23":"tag-satakunnan-kansa","24":"tag-suomi","25":"tag-top-stories","26":"tag-topstories","27":"tag-uutiset"},"share_on_mastodon":{"url":"https:\/\/pubeurope.com\/@fi\/115847760721592125","error":""},"_links":{"self":[{"href":"https:\/\/www.europesays.com\/fi\/wp-json\/wp\/v2\/posts\/134878","targetHints":{"allow":["GET"]}}],"collection":[{"href":"https:\/\/www.europesays.com\/fi\/wp-json\/wp\/v2\/posts"}],"about":[{"href":"https:\/\/www.europesays.com\/fi\/wp-json\/wp\/v2\/types\/post"}],"author":[{"embeddable":true,"href":"https:\/\/www.europesays.com\/fi\/wp-json\/wp\/v2\/users\/2"}],"replies":[{"embeddable":true,"href":"https:\/\/www.europesays.com\/fi\/wp-json\/wp\/v2\/comments?post=134878"}],"version-history":[{"count":0,"href":"https:\/\/www.europesays.com\/fi\/wp-json\/wp\/v2\/posts\/134878\/revisions"}],"wp:featuredmedia":[{"embeddable":true,"href":"https:\/\/www.europesays.com\/fi\/wp-json\/wp\/v2\/media\/134879"}],"wp:attachment":[{"href":"https:\/\/www.europesays.com\/fi\/wp-json\/wp\/v2\/media?parent=134878"}],"wp:term":[{"taxonomy":"category","embeddable":true,"href":"https:\/\/www.europesays.com\/fi\/wp-json\/wp\/v2\/categories?post=134878"},{"taxonomy":"post_tag","embeddable":true,"href":"https:\/\/www.europesays.com\/fi\/wp-json\/wp\/v2\/tags?post=134878"}],"curies":[{"name":"wp","href":"https:\/\/api.w.org\/{rel}","templated":true}]}}