{"id":134908,"date":"2026-01-06T11:38:07","date_gmt":"2026-01-06T11:38:07","guid":{"rendered":"https:\/\/www.europesays.com\/fi\/134908\/"},"modified":"2026-01-06T11:38:07","modified_gmt":"2026-01-06T11:38:07","slug":"is-hakkanen-ei-usko-trumpin-iskevan-gronlantiin-uutissuomalainen","status":"publish","type":"post","link":"https:\/\/www.europesays.com\/fi\/134908\/","title":{"rendered":"IS: H\u00e4kk\u00e4nen ei usko Trumpin iskev\u00e4n Gr\u00f6nlantiin | Uutissuomalainen"},"content":{"rendered":"<p>Puolustusministeri Antti H\u00e4kk\u00e4nen (kok.) ei usko, ett\u00e4 Yhdysvaltain presidentti Donald Trump m\u00e4\u00e4r\u00e4\u00e4 iskua Gr\u00f6nlantiin. H\u00e4kk\u00e4nen kertoo asiasta <a href=\"https:\/\/www.is.fi\/politiikka\/art-2000011695216.html\" rel=\"nofollow noopener\" target=\"_blank\">Ilta-Sanomien<\/a> haastattelussa.<\/p>\n<p>Trump on toistuvasti sanonut, ett\u00e4 Yhdysvaltain on saatava Gr\u00f6nlanti. H\u00e4kk\u00e4sen mukaan iskulla olisi vakavat heijastusvaikutukset Yhdysvaltain liittolaisverkostoon.<\/p>\n<p>\u2013\u2009Jos jollekin liittolaismaalle jossakin verkostossa teht\u00e4isiin jotakin erikoista, sill\u00e4 olisi vakavat heijastusvaikutukset USA:n aivan ylivertaiseen etuun suhteessa Kiinaan, H\u00e4kk\u00e4nen arvioi.<\/p>\n<p>H\u00e4kk\u00e4nen my\u00f6s uskoo, ett\u00e4 Trump on sitoutunut Euroopan turvallisuusj\u00e4rjestelyihin ja Ukrainan rauhanneuvotteluihin Venezuelan tilanteesta huolimatta.<\/p>\n<p>H\u00e4kk\u00e4sen mukaan aidon rauhan mahdollistavat Ven\u00e4j\u00e4\u00e4n kohdistuvien pakotteiden kirist\u00e4minen sek\u00e4 Ukrainan puolustuksen pitk\u00e4aikaisen rahallisen tuen varmistaminen.<\/p>\n","protected":false},"excerpt":{"rendered":"Puolustusministeri Antti H\u00e4kk\u00e4nen (kok.) ei usko, ett\u00e4 Yhdysvaltain presidentti Donald Trump m\u00e4\u00e4r\u00e4\u00e4 iskua Gr\u00f6nlantiin. H\u00e4kk\u00e4nen kertoo asiasta Ilta-Sanomien&hellip;\n","protected":false},"author":2,"featured_media":134909,"comment_status":"","ping_status":"","sticky":false,"template":"","format":"standard","meta":{"footnotes":""},"categories":[14],"tags":[22,23,585,2267,26,27,33,31,30,17,24,25,28,29,15,18,21,142,637,144,32,19,20,21377,56,16,638,59,60,61],"class_list":{"0":"post-134908","1":"post","2":"type-post","3":"status-publish","4":"format-standard","5":"has-post-thumbnail","7":"category-ulkomaat","8":"tag-breaking-news","9":"tag-breakingnews","10":"tag-donald-trump","11":"tag-eurooppa","12":"tag-featured-news","13":"tag-featurednews","14":"tag-fi","15":"tag-finland","16":"tag-finnish","17":"tag-headlines","18":"tag-latest-news","19":"tag-latestnews","20":"tag-main-news","21":"tag-mainnews","22":"tag-news","23":"tag-otsikot","24":"tag-paauutiset","25":"tag-poliitikot","26":"tag-politiikka","27":"tag-presidentti","28":"tag-suomi","29":"tag-top-stories","30":"tag-topstories","31":"tag-ukrainan-kriisi","32":"tag-ulkomaat","33":"tag-uutiset","34":"tag-valtiovalta","35":"tag-world","36":"tag-world-news","37":"tag-worldnews"},"share_on_mastodon":{"url":"https:\/\/pubeurope.com\/@fi\/115847961201836924","error":""},"_links":{"self":[{"href":"https:\/\/www.europesays.com\/fi\/wp-json\/wp\/v2\/posts\/134908","targetHints":{"allow":["GET"]}}],"collection":[{"href":"https:\/\/www.europesays.com\/fi\/wp-json\/wp\/v2\/posts"}],"about":[{"href":"https:\/\/www.europesays.com\/fi\/wp-json\/wp\/v2\/types\/post"}],"author":[{"embeddable":true,"href":"https:\/\/www.europesays.com\/fi\/wp-json\/wp\/v2\/users\/2"}],"replies":[{"embeddable":true,"href":"https:\/\/www.europesays.com\/fi\/wp-json\/wp\/v2\/comments?post=134908"}],"version-history":[{"count":0,"href":"https:\/\/www.europesays.com\/fi\/wp-json\/wp\/v2\/posts\/134908\/revisions"}],"wp:featuredmedia":[{"embeddable":true,"href":"https:\/\/www.europesays.com\/fi\/wp-json\/wp\/v2\/media\/134909"}],"wp:attachment":[{"href":"https:\/\/www.europesays.com\/fi\/wp-json\/wp\/v2\/media?parent=134908"}],"wp:term":[{"taxonomy":"category","embeddable":true,"href":"https:\/\/www.europesays.com\/fi\/wp-json\/wp\/v2\/categories?post=134908"},{"taxonomy":"post_tag","embeddable":true,"href":"https:\/\/www.europesays.com\/fi\/wp-json\/wp\/v2\/tags?post=134908"}],"curies":[{"name":"wp","href":"https:\/\/api.w.org\/{rel}","templated":true}]}}