{"id":134912,"date":"2026-01-06T11:40:09","date_gmt":"2026-01-06T11:40:09","guid":{"rendered":"https:\/\/www.europesays.com\/fi\/134912\/"},"modified":"2026-01-06T11:40:09","modified_gmt":"2026-01-06T11:40:09","slug":"chelsean-uusi-paavalmentaja-on-liam-rosenior-urheilua-lyhyesti","status":"publish","type":"post","link":"https:\/\/www.europesays.com\/fi\/134912\/","title":{"rendered":"Chelsean uusi p\u00e4\u00e4valmentaja on Liam Rosenior | Urheilua lyhyesti"},"content":{"rendered":"<p class=\"aw-1gybjub aw-5vja16 kEtdKx kmuxyA yle__article__paragraph\">Rosenior siirtyy lontoolais\u00adseuraan ranskalaisesta Strasbourgista, jonka h\u00e4n johdatti juuri Konferenssi\u00adliigassa lohkovaiheen ykk\u00f6seksi.<\/p>\n<p><img decoding=\"async\" alt=\"Liam Rosenior taputtaa k\u00e4si\u00e4\u00e4n kent\u00e4n laidalla.\" src=\"https:\/\/www.europesays.com\/fi\/wp-content\/uploads\/2026\/01\/39-1577446695ce2e6f1eb1.jpeg\" class=\"aw-1l9m598 hKVVvP\"\/><\/p>\n<p>Avaa kuvien katselu<\/p>\n<p>Liam Rosenior teki historiaa ranskalaisen Strasbourgin p\u00e4\u00e4valmentajana. Nyt h\u00e4n suuntaa Lontooseen. Kuva: Mohammed Badra \/ EPA<\/p>\n<p>12:26\u2022P\u00e4ivitetty 12:57<\/p>\n<p class=\"aw-1gybjub aw-1p7kakr kEtdKx cEmitX yle__article__paragraph\">Chelsea on ilmoittanut nimitt\u00e4v\u00e4ns\u00e4 Strasbourgin valmentajan <strong class=\"aw-ak79eh KyCXm yle__article__strong\">Liam Roseniorin<\/strong> uudeksi p\u00e4\u00e4valmentajakseen <strong class=\"aw-ak79eh KyCXm yle__article__strong\">Enzo Marescan<\/strong> tilalle.<\/p>\n<p class=\"aw-1gybjub aw-1p7kakr kEtdKx cEmitX yle__article__paragraph\">41-vuotiaan englantilaisvalmentajan sopimus on vuoteen 2032 asti. H\u00e4n sanoo olevansa \u201d\u00e4\u00e4rimm\u00e4isen n\u00f6yr\u00e4 ja otettu nimityksest\u00e4\u201d.<\/p>\n<p class=\"aw-1gybjub aw-1p7kakr kEtdKx cEmitX yle__article__paragraph\">\u2013 T\u00e4m\u00e4 on seura, jolla on ainutlaatuinen henki ja ylpe\u00e4 voittojen historia. Teht\u00e4v\u00e4ni on suojella t\u00e4t\u00e4 identiteetti\u00e4 ja luoda joukkue, joka heijastaa n\u00e4it\u00e4 arvoja jokaisessa pelaamassaan ottelussa samalla, kun jatkamme pokaalien voittamista, Rosenior sanoo tiedotteessa.<\/p>\n<p class=\"aw-1gybjub aw-1p7kakr kEtdKx cEmitX yle__article__paragraph\">Rosenior valmensi Ligue 1:ss\u00e4 pelaavaa Strasbourgia kes\u00e4st\u00e4 2024 l\u00e4htien. H\u00e4nen johdollaan joukkue sijoittui seitsem\u00e4nneksi ja p\u00e4\u00e4si europeleihin kuuden vuoden tauon j\u00e4lkeen.<\/p>\n<p class=\"aw-1gybjub aw-1p7kakr kEtdKx cEmitX yle__article__paragraph\">T\u00e4ll\u00e4 kaudella Strasbourg voitti Konferenssiliigan lohkovaiheen, kun se kaatoi muun muassa Valioliiga-seura Crystal Palacen. Ligue 1:ss\u00e4 t\u00e4m\u00e4n hetken sijoitus on seitsem\u00e4s.<\/p>\n<p class=\"aw-1gybjub aw-1p7kakr kEtdKx cEmitX yle__article__paragraph\">Rosenior paljasti uuden pestins\u00e4 jo aiemmin p\u00e4iv\u00e4ll\u00e4 Strasbourgin pit\u00e4m\u00e4ss\u00e4 lehdist\u00f6tilaisuudessa.<\/p>\n<p class=\"aw-1gybjub aw-1p7kakr kEtdKx cEmitX yle__article__paragraph\">\u2013 En voi j\u00e4tt\u00e4\u00e4 t\u00e4t\u00e4 mahdollisuutta k\u00e4ytt\u00e4m\u00e4tt\u00e4: liittymist\u00e4 seuraan, joka on seurajoukkueiden maailmanmestari, Rosenior sanoi.<\/p>\n<p class=\"aw-1gybjub aw-1p7kakr kEtdKx cEmitX yle__article__paragraph\">\u2013 Rakastan t\u00e4t\u00e4 seuraa (Strasbourgia) loppuel\u00e4m\u00e4ni, mutta en voi kielt\u00e4yty\u00e4 Chelseasta.<\/p>\n<p class=\"aw-1gybjub aw-1p7kakr kEtdKx cEmitX yle__article__paragraph\">Chelsea voitti kes\u00e4ll\u00e4 2025 Yhdysvalloissa pelatun seurajoukkueiden maailmanmestaruusturnauksen. Viime aikoina joukkue on pelannut hieman alavireisesti. Se on Valioliigassa sijalla viisi, mutta viimeisest\u00e4 viidest\u00e4 ottelustaan se on onnistunut voittamaan vain yhden.<\/p>\n<p class=\"aw-1gybjub aw-1p7kakr kEtdKx cEmitX yle__article__paragraph\">Chelsea tiedotti Enzo Marescan l\u00e4hd\u00f6st\u00e4 uudenvuodenp\u00e4iv\u00e4n\u00e4. 45-vuotias Italialainen toimi joukkueen p\u00e4\u00e4valmentajana kes\u00e4st\u00e4 2024 l\u00e4htien.<\/p>\n<p class=\"aw-1gybjub aw-1p7kakr kEtdKx cEmitX yle__article__paragraph\">Juttua korjattu kello 12.55: Strasbourg palasi europeleihin kuuden vuoden, ei 19 vuoden tauon j\u00e4lkeen. Joukkue pelasi kaudella 2019\u201320 Eurooppa-liigassa.<\/p>\n","protected":false},"excerpt":{"rendered":"Rosenior siirtyy lontoolais\u00adseuraan ranskalaisesta Strasbourgista, jonka h\u00e4n johdatti juuri Konferenssi\u00adliigassa lohkovaiheen ykk\u00f6seksi. Avaa kuvien katselu Liam Rosenior teki&hellip;\n","protected":false},"author":2,"featured_media":134913,"comment_status":"","ping_status":"","sticky":false,"template":"","format":"standard","meta":{"footnotes":""},"categories":[5],"tags":[22,23,14823,531,26,27,33,31,30,17,43,24,25,28,29,15,18,21,32,19,20,160,16],"class_list":{"0":"post-134912","1":"post","2":"type-post","3":"status-publish","4":"format-standard","5":"has-post-thumbnail","7":"category-otsikot","8":"tag-breaking-news","9":"tag-breakingnews","10":"tag-chelsea-fc","11":"tag-englannin-valioliiga","12":"tag-featured-news","13":"tag-featurednews","14":"tag-fi","15":"tag-finland","16":"tag-finnish","17":"tag-headlines","18":"tag-jalkapallo","19":"tag-latest-news","20":"tag-latestnews","21":"tag-main-news","22":"tag-mainnews","23":"tag-news","24":"tag-otsikot","25":"tag-paauutiset","26":"tag-suomi","27":"tag-top-stories","28":"tag-topstories","29":"tag-urheilu","30":"tag-uutiset"},"share_on_mastodon":{"url":"https:\/\/pubeurope.com\/@fi\/115847969064641006","error":""},"_links":{"self":[{"href":"https:\/\/www.europesays.com\/fi\/wp-json\/wp\/v2\/posts\/134912","targetHints":{"allow":["GET"]}}],"collection":[{"href":"https:\/\/www.europesays.com\/fi\/wp-json\/wp\/v2\/posts"}],"about":[{"href":"https:\/\/www.europesays.com\/fi\/wp-json\/wp\/v2\/types\/post"}],"author":[{"embeddable":true,"href":"https:\/\/www.europesays.com\/fi\/wp-json\/wp\/v2\/users\/2"}],"replies":[{"embeddable":true,"href":"https:\/\/www.europesays.com\/fi\/wp-json\/wp\/v2\/comments?post=134912"}],"version-history":[{"count":0,"href":"https:\/\/www.europesays.com\/fi\/wp-json\/wp\/v2\/posts\/134912\/revisions"}],"wp:featuredmedia":[{"embeddable":true,"href":"https:\/\/www.europesays.com\/fi\/wp-json\/wp\/v2\/media\/134913"}],"wp:attachment":[{"href":"https:\/\/www.europesays.com\/fi\/wp-json\/wp\/v2\/media?parent=134912"}],"wp:term":[{"taxonomy":"category","embeddable":true,"href":"https:\/\/www.europesays.com\/fi\/wp-json\/wp\/v2\/categories?post=134912"},{"taxonomy":"post_tag","embeddable":true,"href":"https:\/\/www.europesays.com\/fi\/wp-json\/wp\/v2\/tags?post=134912"}],"curies":[{"name":"wp","href":"https:\/\/api.w.org\/{rel}","templated":true}]}}