{"id":134920,"date":"2026-01-06T12:00:12","date_gmt":"2026-01-06T12:00:12","guid":{"rendered":"https:\/\/www.europesays.com\/fi\/134920\/"},"modified":"2026-01-06T12:00:12","modified_gmt":"2026-01-06T12:00:12","slug":"jayne-trcka-on-kuollut","status":"publish","type":"post","link":"https:\/\/www.europesays.com\/fi\/134920\/","title":{"rendered":"Jayne Trcka on kuollut"},"content":{"rendered":"<p>Jayne Trcka on poissa.<\/p>\n<p><img decoding=\"async\" class=\"image image-show image-preview\" src=\"https:\/\/www.europesays.com\/fi\/wp-content\/uploads\/2026\/01\/00f09fc203a1cc7ce22ab534fec504e048d9c815424b40a1f979d9cc5724051c.jpg\" alt=\"\"\/><img decoding=\"async\" class=\"image image-show\" src=\"https:\/\/www.europesays.com\/fi\/wp-content\/uploads\/2026\/01\/1767700812_433_00f09fc203a1cc7ce22ab534fec504e048d9c815424b40a1f979d9cc5724051c.jpg\" alt=\"\"\/><\/p>\n<p>Jayne Trcka Miss Mannin roolissa elokuvassa Scary Movie. AOP<\/p>\n<p class=\"paragraph\">Kehonrakentajana ja n\u00e4yttelij\u00e4n\u00e4 tunnettu <a href=\"https:\/\/www.iltalehti.fi\/henkilot\/Jayne Trcka\" class=\"article-link-person-page\" rel=\"nofollow noopener\" target=\"_blank\">Jayne Trcka<\/a> on kuollut 62-vuotiaana, uutisoi <a href=\"https:\/\/www.the-sun.com\/entertainment\/15735893\/scary-movie-jayne-trcka-dead\/\" target=\"_blank\" rel=\"noopener nofollow\">The Sun<\/a>. Lehden tietojen mukaan kehonrakentaja kuoli 12. joulukuuta Kaliforniassa.<\/p>\n<p class=\"paragraph\">Trckan kuolinsyy on yh\u00e4 mysteeri.<\/p>\n<p class=\"paragraph\">\u2013 Kehossa oli vamma, mutta emme pysty t\u00e4ll\u00e4 hetkell\u00e4 osoittamaan kuolinsyyt\u00e4, San Diegon oikeusl\u00e4\u00e4ketieteen tiedottaja kommentoi.<\/p>\n<p class=\"paragraph\"><a href=\"https:\/\/www.tmz.com\/2026\/01\/05\/jayne-trcka-dead\/\" target=\"_blank\" rel=\"noopener nofollow\">TMZ<\/a> kertoo, ett\u00e4 kehonrakentaja l\u00f6ytyi tajuttomana keitti\u00f6st\u00e4\u00e4n. T\u00e4hden yst\u00e4v\u00e4 oli yritt\u00e4nyt saada t\u00e4h\u00e4n yhteytt\u00e4 puhelimitse. Kun yst\u00e4v\u00e4 saapui paikalle, h\u00e4n l\u00f6ysi yst\u00e4v\u00e4ns\u00e4 elottomana. Paikalle saapuneet ensihoitajat totesivat t\u00e4hden kuolleeksi.<\/p>\n<p class=\"paragraph\">Trckan poika kertoi lehdelle, ettei h\u00e4n tiennyt mist\u00e4\u00e4n sairaudesta, joka olisi voinut aiheuttaa n\u00e4yttelij\u00e4n kuoleman.<\/p>\n<p class=\"paragraph\">Trcka muistetaan parhaiten komediasta Scary Movie, joka julkaistiin vuonna 2000. H\u00e4n n\u00e4ytteli elokuvassa Miss Mannia. Trcka esiintyi my\u00f6hemmin elokuvissa The Black Magic ja Cattle Call. H\u00e4net n\u00e4htiin my\u00f6s <a href=\"https:\/\/www.iltalehti.fi\/henkilot\/Lady Gaga\" class=\"article-link-person-page\" rel=\"nofollow noopener\" target=\"_blank\">Lady Gagan<\/a> Telephone-musiikkivideolla vuonna 2010.<\/p>\n<p class=\"paragraph\">El\u00e4m\u00e4ns\u00e4 kehonrakennukselle omistanut Trcka poseerasi monissa alan lehdiss\u00e4 kuten Women\u2019s Physique World ja Flex.<\/p>\n","protected":false},"excerpt":{"rendered":"Jayne Trcka on poissa. Jayne Trcka Miss Mannin roolissa elokuvassa Scary Movie. AOP Kehonrakentajana ja n\u00e4yttelij\u00e4n\u00e4 tunnettu Jayne&hellip;\n","protected":false},"author":2,"featured_media":134921,"comment_status":"","ping_status":"","sticky":false,"template":"","format":"standard","meta":{"footnotes":""},"categories":[130],"tags":[35,152,155,137,33,31,30,718,154,32,485,140,156,109],"class_list":{"0":"post-134920","1":"post","2":"type-post","3":"status-publish","4":"format-standard","5":"has-post-thumbnail","7":"category-viihde","8":"tag-24h","9":"tag-elokuva-ja-tv-nayttelijat","10":"tag-elokuvat","11":"tag-entertainment","12":"tag-fi","13":"tag-finland","14":"tag-finnish","15":"tag-nayttamotaide","16":"tag-nayttelijat-teatteri","17":"tag-suomi","18":"tag-taide-yleista","19":"tag-tv-ja-elokuvat","20":"tag-tv","21":"tag-viihde"},"share_on_mastodon":{"url":"https:\/\/pubeurope.com\/@fi\/115848047658762858","error":""},"_links":{"self":[{"href":"https:\/\/www.europesays.com\/fi\/wp-json\/wp\/v2\/posts\/134920","targetHints":{"allow":["GET"]}}],"collection":[{"href":"https:\/\/www.europesays.com\/fi\/wp-json\/wp\/v2\/posts"}],"about":[{"href":"https:\/\/www.europesays.com\/fi\/wp-json\/wp\/v2\/types\/post"}],"author":[{"embeddable":true,"href":"https:\/\/www.europesays.com\/fi\/wp-json\/wp\/v2\/users\/2"}],"replies":[{"embeddable":true,"href":"https:\/\/www.europesays.com\/fi\/wp-json\/wp\/v2\/comments?post=134920"}],"version-history":[{"count":0,"href":"https:\/\/www.europesays.com\/fi\/wp-json\/wp\/v2\/posts\/134920\/revisions"}],"wp:featuredmedia":[{"embeddable":true,"href":"https:\/\/www.europesays.com\/fi\/wp-json\/wp\/v2\/media\/134921"}],"wp:attachment":[{"href":"https:\/\/www.europesays.com\/fi\/wp-json\/wp\/v2\/media?parent=134920"}],"wp:term":[{"taxonomy":"category","embeddable":true,"href":"https:\/\/www.europesays.com\/fi\/wp-json\/wp\/v2\/categories?post=134920"},{"taxonomy":"post_tag","embeddable":true,"href":"https:\/\/www.europesays.com\/fi\/wp-json\/wp\/v2\/tags?post=134920"}],"curies":[{"name":"wp","href":"https:\/\/api.w.org\/{rel}","templated":true}]}}