{"id":134926,"date":"2026-01-06T12:05:09","date_gmt":"2026-01-06T12:05:09","guid":{"rendered":"https:\/\/www.europesays.com\/fi\/134926\/"},"modified":"2026-01-06T12:05:09","modified_gmt":"2026-01-06T12:05:09","slug":"lentoliikenteen-hairiot-jatkuvat-hollannissa-myos-junaliikenne-seisahtui-uutissuomalainen","status":"publish","type":"post","link":"https:\/\/www.europesays.com\/fi\/134926\/","title":{"rendered":"Lentoliikenteen h\u00e4iri\u00f6t jatkuvat Hollannissa, my\u00f6s junaliikenne seisahtui | Uutissuomalainen"},"content":{"rendered":"<p>Talvinen s\u00e4\u00e4 haittaa edelleen lentoliikennett\u00e4 ainakin Hollannissa. Schipholin lentokentt\u00e4 kertoo <a href=\"https:\/\/www.schiphol.nl\/en\/messages\/limited-number-of-flights-to-and-from-schiphol-due-to-winter-5-january\/\" rel=\"nofollow noopener\" target=\"_blank\">verkkosivullaan<\/a>, ett\u00e4 lentoliikenteen h\u00e4iri\u00f6iden odotetaan jatkuvan viel\u00e4 l\u00e4hip\u00e4ivien ajan.<\/p>\n<p>Schipholin l\u00e4htevien ja saapuvien lentojen listalla valtaosa lennoista on peruttu ja viiv\u00e4stynyt.<\/p>\n<p>My\u00f6sk\u00e4\u00e4n junat eiv\u00e4t Hollannissa kulje. Rautatieyhti\u00f6 <a href=\"https:\/\/www.ns.nl\/en\/travel-information\/calamities\/winter-weather-ns01.html\" rel=\"nofollow noopener\" target=\"_blank\">NS:n<\/a> mukaan kyse on useista s\u00e4\u00e4n aiheuttamista vioista ja samanaikaisesta tietoliikenneviasta. Yhti\u00f6st\u00e4 kerrottiin paikallisille medioille, ett\u00e4 s\u00e4\u00e4h\u00e4iri\u00f6iden ja it-vian osuminen samaan aikaan on sattumaa.<\/p>\n<p>Vaikeat s\u00e4\u00e4olosuhteet ovat haitanneet liikennett\u00e4 my\u00f6s Britanniassa, jossa lentoliikenne keskeytettiin yleisradioyhti\u00f6 BBC:n <a href=\"https:\/\/www.bbc.com\/news\/articles\/cx2x6z4n2wzo\" rel=\"nofollow noopener\" target=\"_blank\">mukaan<\/a> eilen hetkeksi Liverpoolin lentoasemalla. Talvinen s\u00e4\u00e4 on aiheuttanut katkoja my\u00f6s junaliikenteeseen.<\/p>\n<p>Britannian ilmatieteen laitos Met Office <a href=\"https:\/\/weather.metoffice.gov.uk\/warnings-and-advice\/uk-warnings#?date=2026-01-06\" rel=\"nofollow noopener\" target=\"_blank\">on antanut<\/a> t\u00e4lle p\u00e4iv\u00e4lle varoituksia lumesta tai j\u00e4\u00e4st\u00e4 l\u00e4hes koko maahan.<\/p>\n<p>\t\t\t\tFinnair perunut lentoja Amsterdamiin<\/p>\n<p>Lentoyhti\u00f6 Finnair on perunut t\u00e4n\u00e4\u00e4n toistaiseksi yhden edestakaisen lennon Amsterdamiin Hollannin lumikaaoksen vuoksi.<\/p>\n<p>Finnairin viestinn\u00e4st\u00e4 kerrotaan STT:lle, ett\u00e4 peruutus on vaikuttanut noin 600 asiakkaan matkoihin. Osa aamulennon matkustajista on ohjattu my\u00f6h\u00e4isemm\u00e4lle lennolle.<\/p>\n<p>Finnairin viestint\u00e4johtaja P\u00e4ivyt Tallqvist arvioi, ett\u00e4 osalle asiakkaiden lennoista voi olla vaikeaa l\u00f6yt\u00e4\u00e4 uudelleenreitityksi\u00e4.<\/p>\n<p>\u2013\u2009Ilmeisen vaikea tuntuu olevan tilanne Amsterdamissa, Tallqvist sanoo.<\/p>\n<p>Finnairilta ei osata viel\u00e4 arvioida, aiheuttavatko Amsterdamin s\u00e4\u00e4olosuhteet lis\u00e4peruutuksia tulevina p\u00e4ivin\u00e4. Yhti\u00f6 perui my\u00f6s eilen edestakaisen lennon Amsterdamiin.<\/p>\n<p>\u2013\u2009Viestimme suoraan asiakkaalle, jos tulee muutoksia. Sitten l\u00e4hdet\u00e4\u00e4n etsim\u00e4\u00e4n vaihtoehtoisia reitityksi\u00e4.<\/p>\n<p>Yhti\u00f6n mukaan lentoja muihin Euroopan kohteisiin ei ole t\u00e4n\u00e4\u00e4n toistaiseksi jouduttu perumaan s\u00e4\u00e4olosuhteiden vuoksi.<\/p>\n","protected":false},"excerpt":{"rendered":"Talvinen s\u00e4\u00e4 haittaa edelleen lentoliikennett\u00e4 ainakin Hollannissa. Schipholin lentokentt\u00e4 kertoo verkkosivullaan, ett\u00e4 lentoliikenteen h\u00e4iri\u00f6iden odotetaan jatkuvan viel\u00e4 l\u00e4hip\u00e4ivien&hellip;\n","protected":false},"author":2,"featured_media":134927,"comment_status":"","ping_status":"","sticky":false,"template":"","format":"standard","meta":{"footnotes":""},"categories":[12],"tags":[22,23,26,27,33,31,30,17,24,25,121,28,29,953,15,18,21,950,2307,32,487,822,538,19,20,16],"class_list":{"0":"post-134926","1":"post","2":"type-post","3":"status-publish","4":"format-standard","5":"has-post-thumbnail","7":"category-suomi","8":"tag-breaking-news","9":"tag-breakingnews","10":"tag-featured-news","11":"tag-featurednews","12":"tag-fi","13":"tag-finland","14":"tag-finnish","15":"tag-headlines","16":"tag-latest-news","17":"tag-latestnews","18":"tag-liikenne-ja-kuljetus","19":"tag-main-news","20":"tag-mainnews","21":"tag-matkustajaliikenne","22":"tag-news","23":"tag-otsikot","24":"tag-paauutiset","25":"tag-raskas-liikenne","26":"tag-rautatiet-rautatieliikenne","27":"tag-suomi","28":"tag-teknologia-yleista","29":"tag-teollisuustuotteet-ja-palvelut-sektori","30":"tag-tiede-ja-tekniikka","31":"tag-top-stories","32":"tag-topstories","33":"tag-uutiset"},"share_on_mastodon":{"url":"https:\/\/pubeurope.com\/@fi\/115848067389158820","error":""},"_links":{"self":[{"href":"https:\/\/www.europesays.com\/fi\/wp-json\/wp\/v2\/posts\/134926","targetHints":{"allow":["GET"]}}],"collection":[{"href":"https:\/\/www.europesays.com\/fi\/wp-json\/wp\/v2\/posts"}],"about":[{"href":"https:\/\/www.europesays.com\/fi\/wp-json\/wp\/v2\/types\/post"}],"author":[{"embeddable":true,"href":"https:\/\/www.europesays.com\/fi\/wp-json\/wp\/v2\/users\/2"}],"replies":[{"embeddable":true,"href":"https:\/\/www.europesays.com\/fi\/wp-json\/wp\/v2\/comments?post=134926"}],"version-history":[{"count":0,"href":"https:\/\/www.europesays.com\/fi\/wp-json\/wp\/v2\/posts\/134926\/revisions"}],"wp:featuredmedia":[{"embeddable":true,"href":"https:\/\/www.europesays.com\/fi\/wp-json\/wp\/v2\/media\/134927"}],"wp:attachment":[{"href":"https:\/\/www.europesays.com\/fi\/wp-json\/wp\/v2\/media?parent=134926"}],"wp:term":[{"taxonomy":"category","embeddable":true,"href":"https:\/\/www.europesays.com\/fi\/wp-json\/wp\/v2\/categories?post=134926"},{"taxonomy":"post_tag","embeddable":true,"href":"https:\/\/www.europesays.com\/fi\/wp-json\/wp\/v2\/tags?post=134926"}],"curies":[{"name":"wp","href":"https:\/\/api.w.org\/{rel}","templated":true}]}}