{"id":134935,"date":"2026-01-06T12:23:07","date_gmt":"2026-01-06T12:23:07","guid":{"rendered":"https:\/\/www.europesays.com\/fi\/134935\/"},"modified":"2026-01-06T12:23:07","modified_gmt":"2026-01-06T12:23:07","slug":"nama-kaksi-lotr-legendaa-palaavat-the-lord-of-the-rings-the-hunt-for-gollum-elokuvaan","status":"publish","type":"post","link":"https:\/\/www.europesays.com\/fi\/134935\/","title":{"rendered":"N\u00e4m\u00e4 kaksi LOTR-legendaa palaavat The Lord of the Rings: The Hunt for Gollum -elokuvaan"},"content":{"rendered":"<p><strong>Andy Serkisin <\/strong>ohjaama The Lord of the Rings: The Hunt for Gollum -elokuva sijoittuu aikaan hieman ennen Taru sormusten herrasta: Sormuksen ritarit -elokuvan alkua.<\/p>\n<p>Aragorn, Gandalf ja Sauron etsiv\u00e4t Klonkkua, jolla on hallussaan himoittu Valtasormus.<\/p>\n<p>Lue my\u00f6s: <a href=\"https:\/\/www.episodi.fi\/uutiset\/alkuperainen-aragorn-sai-potkut-han-oli-negatiivisen-luovan-energian-musta-aukko\/\" title=\"Alkuper\u00e4inen Aragorn sai potkut: \u201dH\u00e4n oli negatiivisen luovan energian musta aukko\u201d\" class=\"underline-custom !font-montserrat !font-bold !underline-offset-4 !decoration-4 !decoration-episodi-blue !text-md\" rel=\"nofollow noopener\" target=\"_blank\">Alkuper\u00e4inen Aragorn sai potkut: \u201dH\u00e4n oli negatiivisen luovan energian musta aukko\u201d<\/a><\/p>\n<p>Lue my\u00f6s: <a href=\"https:\/\/www.episodi.fi\/uutiset\/paluu-keski-maahan-lahestyy-amazonin-eeppinen-fantasiasarja-sai-kolmoskautensa-kuvaukset-purkkiin\/\" title=\"Paluu Keski-Maahan l\u00e4hestyy! Amazonin eeppinen fantasiasarja sai kolmoskautensa kuvaukset purkkiin\" class=\"underline-custom !font-montserrat !font-bold !underline-offset-4 !decoration-4 !decoration-episodi-blue !text-md\" rel=\"nofollow noopener\" target=\"_blank\">Paluu Keski-Maahan l\u00e4hestyy! Amazonin eeppinen fantasiasarja sai kolmoskautensa kuvaukset purkkiin<\/a><\/p>\n<p>Gandalfia esitt\u00e4v\u00e4 <strong>Ian McKellen<\/strong> ja Frodo Reppulia n\u00e4yttelev\u00e4<strong> Elijah Wood<\/strong> tekev\u00e4t ilmeisesti paluun rooleihinsa.<\/p>\n<p>Tarina kerrotaan Klonkun n\u00e4k\u00f6kulmasta, ja mukana on useita hahmoja alkuper\u00e4isest\u00e4 trilogiasta. Keski\u00f6ss\u00e4 on erityisesti Aragorn, joka l\u00e4htee j\u00e4ljitt\u00e4m\u00e4\u00e4n olentoa ennen kuin t\u00e4m\u00e4 ehtii paljastaa kenellek\u00e4\u00e4n Valtasormukseen liittyvi\u00e4 arkaluonteisia tietoja \u2013 ja ennen kuin tieto voisi p\u00e4\u00e4ty\u00e4 Sauronille.<\/p>\n<p><strong>Viggo Mortensen<\/strong> ei palaa Aragorniksi, vaan joku nuorempi mies on valittu rooliin.<\/p>\n<p>L\u00e4hde: <a href=\"https:\/\/www.darkhorizons.com\/mckellen-confirms-gandalf-frodo-return\/\" target=\"_blank\" rel=\"noreferrer noopener nofollow\">Dark Horizons<\/a><\/p>\n<p>Lue my\u00f6s: <a href=\"https:\/\/www.episodi.fi\/uutiskirje\/?uutiskirjemainos=tekstilinkkimainos\" title=\"Tilaa Episodin uutiskirje ja voit voittaa leffalippuja! Nappaa tv-vinkit suoraan s\u00e4hk\u00f6postiin t\u00e4st\u00e4.\" class=\"underline-custom !font-montserrat !font-bold !underline-offset-4 !decoration-4 !decoration-episodi-blue !text-md\" rel=\"nofollow noopener\" target=\"_blank\">Tilaa Episodin uutiskirje ja voit voittaa leffalippuja! Nappaa katseluvinkit suoraan s\u00e4hk\u00f6postiin t\u00e4st\u00e4.<\/a><\/p>\n","protected":false},"excerpt":{"rendered":"Andy Serkisin ohjaama The Lord of the Rings: The Hunt for Gollum -elokuva sijoittuu aikaan hieman ennen Taru&hellip;\n","protected":false},"author":2,"featured_media":134936,"comment_status":"","ping_status":"","sticky":false,"template":"","format":"standard","meta":{"footnotes":""},"categories":[131],"tags":[4608,7124,155,137,33,173,31,30,172,32,3163,23651,109],"class_list":{"0":"post-134935","1":"post","2":"type-post","3":"status-publish","4":"format-standard","5":"has-post-thumbnail","7":"category-elokuvat","8":"tag-andy-serkis","9":"tag-elijah-wood","10":"tag-elokuvat","11":"tag-entertainment","12":"tag-fi","13":"tag-film","14":"tag-finland","15":"tag-finnish","16":"tag-movies","17":"tag-suomi","18":"tag-taru-sormusten-herrasta","19":"tag-the-lord-of-the-rings-the-hunt-for-gollum","20":"tag-viihde"},"share_on_mastodon":{"url":"https:\/\/pubeurope.com\/@fi\/115848138143470513","error":""},"_links":{"self":[{"href":"https:\/\/www.europesays.com\/fi\/wp-json\/wp\/v2\/posts\/134935","targetHints":{"allow":["GET"]}}],"collection":[{"href":"https:\/\/www.europesays.com\/fi\/wp-json\/wp\/v2\/posts"}],"about":[{"href":"https:\/\/www.europesays.com\/fi\/wp-json\/wp\/v2\/types\/post"}],"author":[{"embeddable":true,"href":"https:\/\/www.europesays.com\/fi\/wp-json\/wp\/v2\/users\/2"}],"replies":[{"embeddable":true,"href":"https:\/\/www.europesays.com\/fi\/wp-json\/wp\/v2\/comments?post=134935"}],"version-history":[{"count":0,"href":"https:\/\/www.europesays.com\/fi\/wp-json\/wp\/v2\/posts\/134935\/revisions"}],"wp:featuredmedia":[{"embeddable":true,"href":"https:\/\/www.europesays.com\/fi\/wp-json\/wp\/v2\/media\/134936"}],"wp:attachment":[{"href":"https:\/\/www.europesays.com\/fi\/wp-json\/wp\/v2\/media?parent=134935"}],"wp:term":[{"taxonomy":"category","embeddable":true,"href":"https:\/\/www.europesays.com\/fi\/wp-json\/wp\/v2\/categories?post=134935"},{"taxonomy":"post_tag","embeddable":true,"href":"https:\/\/www.europesays.com\/fi\/wp-json\/wp\/v2\/tags?post=134935"}],"curies":[{"name":"wp","href":"https:\/\/api.w.org\/{rel}","templated":true}]}}