{"id":134939,"date":"2026-01-06T12:26:07","date_gmt":"2026-01-06T12:26:07","guid":{"rendered":"https:\/\/www.europesays.com\/fi\/134939\/"},"modified":"2026-01-06T12:26:07","modified_gmt":"2026-01-06T12:26:07","slug":"liikenneympyrassa-tapahtui-kova-talli-kokemaen-keskustassa","status":"publish","type":"post","link":"https:\/\/www.europesays.com\/fi\/134939\/","title":{"rendered":"Liikenneympyr\u00e4ss\u00e4 tapahtui kova t\u00e4lli Kokem\u00e4en keskustassa"},"content":{"rendered":"<p>Henkil\u00f6vahinkoja ei tullut, mutta kumpikaan ajoneuvo ei p\u00e4\u00e4ssyt pois paikalta omin avuin.<\/p>\n<p class=\"article-body mb-nof-24 px-nof-16\">Kokem\u00e4ki<\/p>\n<p class=\"article-body mb-nof-24 px-nof-16\">Satakunnantien liikenneympyr\u00e4ss\u00e4 Kokem\u00e4en keskustassa sattui t\u00f6rm\u00e4ys loppiais\u00adtiistaina puoliltap\u00e4ivin.<\/p>\n<p class=\"article-body mb-nof-24 px-nof-16\">\u201dHenkil\u00f6auto ajoi pakettiauton kylkeen. Ei henkil\u00f6\u00advahinkoja, molemmissa oli vain kuljettajat. Romua oli pikkuisen tiell\u00e4\u201d, sanoi p\u00e4ivyst\u00e4v\u00e4 palomestari <a class=\"font-bold underline-offset-[0.12em] [text-decoration:var(--person-link-text-decoration)] ![text-decoration-color:var(--person-link-text-decoration-color)]\" href=\"https:\/\/www.satakunnankansa.fi\/haku\/?query=Jari%20Eno\" rel=\"nofollow noopener\" target=\"_blank\">Jari Eno<\/a>.<\/p>\n<p class=\"article-body mb-nof-24 px-nof-16\">Puoli yhden aikoihin sattunut t\u00f6rm\u00e4ys aiheutti vauriota molemmille ajoneuvoille sen verran, ett\u00e4 ne tarvitsivat siirtoapua.<\/p>\n","protected":false},"excerpt":{"rendered":"Henkil\u00f6vahinkoja ei tullut, mutta kumpikaan ajoneuvo ei p\u00e4\u00e4ssyt pois paikalta omin avuin. Kokem\u00e4ki Satakunnantien liikenneympyr\u00e4ss\u00e4 Kokem\u00e4en keskustassa sattui&hellip;\n","protected":false},"author":2,"featured_media":134940,"comment_status":"","ping_status":"","sticky":false,"template":"","format":"standard","meta":{"footnotes":""},"categories":[130],"tags":[137,33,31,30,80,32,109],"class_list":{"0":"post-134939","1":"post","2":"type-post","3":"status-publish","4":"format-standard","5":"has-post-thumbnail","7":"category-viihde","8":"tag-entertainment","9":"tag-fi","10":"tag-finland","11":"tag-finnish","12":"tag-satakunnan-kansa","13":"tag-suomi","14":"tag-viihde"},"share_on_mastodon":{"url":"https:\/\/pubeurope.com\/@fi\/115848149876989755","error":""},"_links":{"self":[{"href":"https:\/\/www.europesays.com\/fi\/wp-json\/wp\/v2\/posts\/134939","targetHints":{"allow":["GET"]}}],"collection":[{"href":"https:\/\/www.europesays.com\/fi\/wp-json\/wp\/v2\/posts"}],"about":[{"href":"https:\/\/www.europesays.com\/fi\/wp-json\/wp\/v2\/types\/post"}],"author":[{"embeddable":true,"href":"https:\/\/www.europesays.com\/fi\/wp-json\/wp\/v2\/users\/2"}],"replies":[{"embeddable":true,"href":"https:\/\/www.europesays.com\/fi\/wp-json\/wp\/v2\/comments?post=134939"}],"version-history":[{"count":0,"href":"https:\/\/www.europesays.com\/fi\/wp-json\/wp\/v2\/posts\/134939\/revisions"}],"wp:featuredmedia":[{"embeddable":true,"href":"https:\/\/www.europesays.com\/fi\/wp-json\/wp\/v2\/media\/134940"}],"wp:attachment":[{"href":"https:\/\/www.europesays.com\/fi\/wp-json\/wp\/v2\/media?parent=134939"}],"wp:term":[{"taxonomy":"category","embeddable":true,"href":"https:\/\/www.europesays.com\/fi\/wp-json\/wp\/v2\/categories?post=134939"},{"taxonomy":"post_tag","embeddable":true,"href":"https:\/\/www.europesays.com\/fi\/wp-json\/wp\/v2\/tags?post=134939"}],"curies":[{"name":"wp","href":"https:\/\/api.w.org\/{rel}","templated":true}]}}