{"id":134941,"date":"2026-01-06T12:29:09","date_gmt":"2026-01-06T12:29:09","guid":{"rendered":"https:\/\/www.europesays.com\/fi\/134941\/"},"modified":"2026-01-06T12:29:09","modified_gmt":"2026-01-06T12:29:09","slug":"onko-tassa-uusi-mitsubishi-pajero","status":"publish","type":"post","link":"https:\/\/www.europesays.com\/fi\/134941\/","title":{"rendered":"Onko t\u00e4ss\u00e4 uusi Mitsubishi Pajero?"},"content":{"rendered":"<p class=\"is-style-dropcap\">Mitsubishi on yhdess\u00e4 niin autourheiluun kuin autojen viritt\u00e4miseen erikoistuneen Ralliart-yksikk\u00f6ns\u00e4 kanssa tehnyt mainoksen, jossa muistellaan kaksikon historiaa. Nostalgiaa huokuvassa mainoksessa muistellaan japanilaismerkin menestyksen aikoja.<\/p>\n<p class=\"is-style-default\">Lopussa on jotain todella yll\u00e4tt\u00e4v\u00e4\u00e4, nimitt\u00e4in tulevaisuuteen viittaava maasturi. Automalli voi hyvinkin ennustaa Pajeron seuraavaa sukupolvea.<\/p>\n<p>Mainoksen nimi on I Love Adventurous People, ja siin\u00e4 ammennetaan muistoja niin Mitsubishin aikakaudesta MM-rallien huipulla kuin voittamassa raastavia Dakar-ralleja. Kertoja puhuu merkin mustista vuosista viitaten menetettyihin mahdollisuuksiin. Lopussa esitell\u00e4\u00e4n ralleihin valmis Triton-avolava, jolla voitettiin 2025 Asia Cross Country Rally.<\/p>\n<p>Aivan lopussa n\u00e4hd\u00e4\u00e4n Dakar-rallin voittanut ajamassa aavikolla, jota seuraa uusi maasturi etenem\u00e4ss\u00e4 tiell\u00e4. H\u00e4m\u00e4r\u00e4sti videolla n\u00e4kyv\u00e4 auto muistuttaa paljon prototyyppej\u00e4, jotka n\u00e4htiin testeiss\u00e4 vuoden 2025 aikana.<\/p>\n<p>Kovin tarkkaa analyysi\u00e4 autosta on vaikea tehd\u00e4, mutta mittasuhteet viittaavat klassiseen erillisrunkoiseen maasturiin. Muodoissa on paljon piirteit\u00e4 nykymalleista, mink\u00e4 lis\u00e4ksi muotokielt\u00e4 vied\u00e4\u00e4n eteenp\u00e4in.<\/p>\n<p>On mahdollista, ett\u00e4 uutuus on seuraavan sukupolven Pajero, mutta se voi olla my\u00f6s Triton-avolavaan (Suomessa L200) perustuva Pajero Sport. J\u00e4lkimm\u00e4inen on ollut myynniss\u00e4 periaatteessa sellaisenaan vuodesta 2015 l\u00e4htien. Sit\u00e4 on vain muodistettu kahteen kertaan vuosina 2019 ja 2024. Australialaisen <a href=\"https:\/\/www.carexpert.com.au\/car-news\/mitsubishi-pajero-new-triton-based-suv-teased\" rel=\"nofollow noopener\" target=\"_blank\">CarExpertin mukaan<\/a> seuraavan sukupolven Pajero Sportissa j\u00e4tet\u00e4\u00e4n Sport-liite pois.<\/p>\n","protected":false},"excerpt":{"rendered":"Mitsubishi on yhdess\u00e4 niin autourheiluun kuin autojen viritt\u00e4miseen erikoistuneen Ralliart-yksikk\u00f6ns\u00e4 kanssa tehnyt mainoksen, jossa muistellaan kaksikon historiaa. Nostalgiaa&hellip;\n","protected":false},"author":2,"featured_media":134942,"comment_status":"","ping_status":"","sticky":false,"template":"","format":"standard","meta":{"footnotes":""},"categories":[76],"tags":[79,77,33,31,30,16789,23652,32,78],"class_list":{"0":"post-134941","1":"post","2":"type-post","3":"status-publish","4":"format-standard","5":"has-post-thumbnail","7":"category-talous","8":"tag-business","9":"tag-economy","10":"tag-fi","11":"tag-finland","12":"tag-finnish","13":"tag-mitsubishi","14":"tag-mitsubishi-pajero","15":"tag-suomi","16":"tag-talous"},"share_on_mastodon":{"url":"https:\/\/pubeurope.com\/@fi\/115848161728813537","error":""},"_links":{"self":[{"href":"https:\/\/www.europesays.com\/fi\/wp-json\/wp\/v2\/posts\/134941","targetHints":{"allow":["GET"]}}],"collection":[{"href":"https:\/\/www.europesays.com\/fi\/wp-json\/wp\/v2\/posts"}],"about":[{"href":"https:\/\/www.europesays.com\/fi\/wp-json\/wp\/v2\/types\/post"}],"author":[{"embeddable":true,"href":"https:\/\/www.europesays.com\/fi\/wp-json\/wp\/v2\/users\/2"}],"replies":[{"embeddable":true,"href":"https:\/\/www.europesays.com\/fi\/wp-json\/wp\/v2\/comments?post=134941"}],"version-history":[{"count":0,"href":"https:\/\/www.europesays.com\/fi\/wp-json\/wp\/v2\/posts\/134941\/revisions"}],"wp:featuredmedia":[{"embeddable":true,"href":"https:\/\/www.europesays.com\/fi\/wp-json\/wp\/v2\/media\/134942"}],"wp:attachment":[{"href":"https:\/\/www.europesays.com\/fi\/wp-json\/wp\/v2\/media?parent=134941"}],"wp:term":[{"taxonomy":"category","embeddable":true,"href":"https:\/\/www.europesays.com\/fi\/wp-json\/wp\/v2\/categories?post=134941"},{"taxonomy":"post_tag","embeddable":true,"href":"https:\/\/www.europesays.com\/fi\/wp-json\/wp\/v2\/tags?post=134941"}],"curies":[{"name":"wp","href":"https:\/\/api.w.org\/{rel}","templated":true}]}}