{"id":134943,"date":"2026-01-06T12:30:08","date_gmt":"2026-01-06T12:30:08","guid":{"rendered":"https:\/\/www.europesays.com\/fi\/134943\/"},"modified":"2026-01-06T12:30:08","modified_gmt":"2026-01-06T12:30:08","slug":"nyt-on-viimeinen-hetki-ymmartaa-kuinka-vaarallista-tama-on","status":"publish","type":"post","link":"https:\/\/www.europesays.com\/fi\/134943\/","title":{"rendered":"\u201dNyt on viimeinen hetki ymm\u00e4rt\u00e4\u00e4, kuinka vaarallista t\u00e4m\u00e4 on\u201d"},"content":{"rendered":"<ul>\n<li>Mihkelsonin mukaan Ven\u00e4j\u00e4 haluaa palauttaa imperiumin. T\u00e4m\u00e4 voi Mihkelsonin mukaan tapahtua niin rajoja muuttamalla kuin etupiirej\u00e4 luomalla.<\/li>\n<li>Tilannekuvan sijaan l\u00e4nnen ongelma on Mihkelsonin mukaan yhteisen strategisen tavoitteen ep\u00e4m\u00e4\u00e4r\u00e4isyys. Ven\u00e4j\u00e4 haluaa tuhota Naton, vallata Ukrainan ja hankkia itselleen etupiirin Euroopassa. Mutta mik\u00e4 on l\u00e4nnen strateginen tavoite?<\/li>\n<li>Mihkelsonin mukaan erityisesti virolaisille ja suomalaisille Ven\u00e4j\u00e4n naapureina sek\u00e4 sitoutuneina transatlantisteina on t\u00e4rke\u00e4\u00e4, etteiv\u00e4t Ven\u00e4j\u00e4 sek\u00e4 Kiina onnistu tavoitteessaan rikkoa Euroopan ja Yhdysvaltain suhdetta laukaustakaan ampumatta.<\/li>\n<\/ul>\n<p class=\"paragraph\"><strong>Marko Mihkelson<\/strong> tuntee Ven\u00e4j\u00e4n.<\/p>\n<p class=\"paragraph\">1990-luvulla nuorena journalistina h\u00e4n toimi Postimees-lehden kirjeenvaihtajana Moskovassa, josta raportoi virolaisille muun muassa <strong>Boris Jeltsinin<\/strong> ja duuman aseellisesta yhteenotosta syksyll\u00e4 1993 sek\u00e4 my\u00f6hemmin ensimm\u00e4isest\u00e4 Tshetshenian sodasta.<\/p>\n<p class=\"paragraph\">Monet ovat vuoden 2022 j\u00e4lkeen todenneet Baltian maiden olleen oikeassa Ven\u00e4j\u00e4n suhteen. My\u00f6s Mihkelson muistaa jutuissaan varoitelleensa it\u00e4naapurissa kyteneist\u00e4 asenteista.<\/p>\n<p class=\"paragraph\">\u2013 Imperiumi ei ole kuollut. Imperiumi on olemassa. Kyll\u00e4, haavoittuneena. Kyll\u00e4, satutettuna. Mutta he iskev\u00e4t takaisin.<\/p>\n<p class=\"paragraph\">T\u00e4t\u00e4 h\u00e4n kertoo yritt\u00e4neens\u00e4 lukijoille tolkuttaa jo Moskovassa ty\u00f6skennelless\u00e4\u00e4n.<\/p>\n<p class=\"paragraph\">Silti h\u00e4nkin katsoo erehtyneens\u00e4.<\/p>\n<p>Dudajevin arvio<\/p>\n<p class=\"paragraph\">Ven\u00e4j\u00e4st\u00e4 itsen\u00e4istym\u00e4\u00e4n pyrkineen Tshetshenian presidenttin\u00e4 toiminut <strong>D\u017eohar Dudajev<\/strong> antoi Mihkelsonille haastattelun helmikuussa 1995. Kyse oli h\u00e4nen ensimm\u00e4isest\u00e4 haastattelustaan ulkomaalaiselle medialle sen j\u00e4lkeen, kun ven\u00e4l\u00e4iset olivat ajaneet itsen\u00e4isyystaistelijat Tshetshenian p\u00e4\u00e4kaupunki Groznyist\u00e4.<\/p>\n<p class=\"paragraph\">Tuon keskustelun aikana vapaustaistelija, poliitikko ja kenraali esitti arvion, joka vaikutti t\u00e4m\u00e4nhetkisen tilanteen huomioiden melkeinp\u00e4 optimistiselta. H\u00e4nen mukaansa Ven\u00e4j\u00e4n imperialistiset sodat jatkuvat viisikymment\u00e4 vuotta, jos tshetsheenit h\u00e4vi\u00e4isiv\u00e4t.<\/p>\n<p class=\"paragraph\">\u2013 Tietysti, olin silloin nuori toimittaja. Ajattelin, ett\u00e4 h\u00e4nell\u00e4 on kova stressi eik\u00e4 h\u00e4n v\u00e4ltt\u00e4m\u00e4tt\u00e4 ymm\u00e4rr\u00e4, mit\u00e4 sanoo, Mihkelson hym\u00e4ht\u00e4\u00e4.<\/p>\n<p class=\"paragraph\">\u2013 Mutta miss\u00e4 olemme nyt? Kolmekymment\u00e4 vuotta my\u00f6hemmin olemme paljon, paljon pahemmassa tilanteessa kuin 1990-luvun puoliv\u00e4liss\u00e4 tavatessamme.<\/p>\n<p class=\"paragraph\">Haastattelusta k\u00e4y ilmi, ett\u00e4 Dudajevin visio oli demokraattinen, itsen\u00e4inen ja muiden valtioiden kanssa tasaveroinen Tshetshenia. Tshetsheenien asemaa Ven\u00e4j\u00e4ll\u00e4 h\u00e4n vertasi siihen, mik\u00e4 oli Neuvostoliitossa ollut juutalaisten osa \u2013 syntipukki, joka ei en\u00e4\u00e4 suostuisi syntipukiksi. Tshetshenian itsen\u00e4istyminen olisi oikeastaan Israelin valtion syntyyn verrattava tapahtuma.<\/p>\n<p class=\"paragraph\">Vaikka Dudajev surmattiin ven\u00e4l\u00e4isten iskussa huhtikuussa 1996, tshetsheenit voittivat sodan. Ven\u00e4l\u00e4iset joutuivat solmimaan vet\u00e4ytymissopimuksen, mutta tulivat hy\u00f6kk\u00e4ysvoimin takaisin vain kolmisen vuotta my\u00f6hemmin. L\u00e4nsi \u2013 ainakin suurimmalta osin \u2013 katsoi toisaalle.<\/p>\n<p class=\"paragraph\">Sen Mihkelson Tshetsheniasta oppi, ett\u00e4 ydinasevalta Ven\u00e4j\u00e4n saattoi voittaa sotilaallisesti. Olihan samoin k\u00e4ynyt jo aiemmin Neuvostoliitolle Afganistanissa.<\/p>\n<p>Kuva otettu T\u0161et\u0161eniassa helmikuussa 1995, jolloin Mihkelson teki haastattelun Dudajevin kanssa. Marko Mihkelsonin kuva-arkisto<\/p>\n<p>Suuri kuva<\/p>\n<p class=\"paragraph\">Uudenvuoden j\u00e4lkeisen\u00e4 perjantaina tehdyn haastattelun yhteydess\u00e4 Mihkelsonilta ei tietenk\u00e4\u00e4n voinut olla kysym\u00e4tt\u00e4 j\u00e4lleen yhdest\u00e4 Suomenlahdella tapahtuneesta, sabotaasilta kovasti vaikuttaneesta teosta.<\/p>\n<p class=\"paragraph\">\u2013 It\u00e4merell\u00e4 olemme olleet melko menestyksekk\u00e4it\u00e4, h\u00e4n esitt\u00e4\u00e4 yleisen\u00e4 arviona koskien Ven\u00e4j\u00e4n toiminnan patoamista.<\/p>\n<p class=\"paragraph\">Suomi ja Viro reagoivat nopeasti ja yhdess\u00e4, vaikka t\u00e4ysin vastaavia tapahtumia ei olekaan onnistuttu est\u00e4m\u00e4\u00e4n.<\/p>\n<p class=\"paragraph\">Kuitenkaan yksitt\u00e4istapausten \u2013 olivat ne sitten onnistumisia tai ep\u00e4onnistumisia \u2013 ei saisi antaa h\u00e4m\u00e4rt\u00e4\u00e4 suurta kuvaa.<\/p>\n<p class=\"paragraph\">Sen hahmottamista auttanee, ett\u00e4 Ven\u00e4j\u00e4n lis\u00e4ksi Mihkelson tuntee erinomaisesti my\u00f6s Naton.<\/p>\n<p class=\"paragraph\">Toimittajanuransa j\u00e4lkeen h\u00e4n l\u00e4hti politiikkaan, ensin maltillisen porvarillisen Res Publican ja sittemmin oikeistoliberaalin Reformipuolueen riveiss\u00e4.<\/p>\n<p class=\"paragraph\">2000-luvun alusta saakka Mihkelson on l\u00e4hes keskeytyksett\u00e4 pit\u00e4nyt hallussaan Viron parlamentin ulkoasiain- ja puolustusvaliokuntien avainteht\u00e4vi\u00e4, mink\u00e4 vuoksi h\u00e4nen perspektiivins\u00e4 ja verkostonsa vet\u00e4v\u00e4t helposti vertoja entisille ministereille ja presidenteillekin.<\/p>\n<p class=\"paragraph\">Mik\u00e4 tuo iso kuva sitten on? Se, ett\u00e4 sabotaasi sek\u00e4 Ven\u00e4j\u00e4n sotatoimet kohdistuvat koko l\u00e4nteen.<\/p>\n<p class=\"paragraph\">\u2013 Ven\u00e4j\u00e4 haluaa palauttaa imperiumin.<\/p>\n<p class=\"paragraph\">T\u00e4m\u00e4 voi Mihkelsonin mukaan tapahtua niin rajoja muuttamalla kuin etupiirej\u00e4 luomalla.<\/p>\n<p class=\"paragraph\">Olennaista tavoitteen saavuttamisen kannalta on kuitenkin Ukrainan alistaminen Ven\u00e4j\u00e4n t\u00e4ydelliseen kontrolliin.<\/p>\n<p class=\"paragraph\">Sata vuotta Ven\u00e4j\u00e4 on pyrkinyt saamaan hallintaansa my\u00f6s \u201deuraasialaista niemimaata\u201d nimelt\u00e4 Eurooppa. Niin sotilaallisia sabotaaseja kuin poliittista vaikuttamista kannattaa Mihkelsonin mukaan katsoa t\u00e4m\u00e4n tavoitteen valossa.<\/p>\n<p class=\"paragraph\">\u2013 Nyt on viimeinen hetki ymm\u00e4rt\u00e4\u00e4, kuinka vaarallista t\u00e4m\u00e4 kaikki on. Eik\u00e4 t\u00e4m\u00e4 ole ohi \u2013 ja sen vuoksi meid\u00e4n tulee tiedostaa, ett\u00e4 olimme kaikki naiiveja.<\/p>\n<p class=\"paragraph\">T\u00e4m\u00e4 koskee Mihkelsonin mukaan sek\u00e4 Ven\u00e4j\u00e4n naapureita ett\u00e4 kaukaisempia maita. Ei ymm\u00e4rretty, ett\u00e4 vauraus ei riit\u00e4. Aliarvioitiin Ven\u00e4j\u00e4n yhteiskunnassa ilmenev\u00e4 voimakas halu imperiumin yll\u00e4pit\u00e4miseen.<\/p>\n<p class=\"paragraph\">H\u00e4n nostaa esiin presidentti <strong>Lennart Meren<\/strong> Hampurissa vuoden 1994 helmikuussa pit\u00e4m\u00e4n puheen, joka saksalaisen Zeitin toimittaja <strong>Anna von M\u00fcnchhausenin<\/strong> mukaan johti tuolloisen Pietarin varapormestari <strong>Vladimir Putinin<\/strong> n\u00e4ytt\u00e4v\u00e4\u00e4n poistumiseen paikalta.<\/p>\n<p class=\"paragraph\">Meri maalasi puheessaan mahdollisuuksia l\u00e4ntisen Ven\u00e4j\u00e4n alueiden ja it\u00e4isen Keski-Euroopan taloudellisen yhteisty\u00f6n saralla, jos kaikki menisi hyvin.<\/p>\n<p class=\"paragraph\">Samalla h\u00e4n kuitenkin varoitti ottamasta Ven\u00e4j\u00e4n positiivista kehityst\u00e4 itsest\u00e4\u00e4nselvyyten\u00e4 ja korosti, ett\u00e4 Neuvostoliiton aiemmin alistamien maiden turvallisuus tulisi taata ja Ven\u00e4j\u00e4n imperialismi katkaista alkuunsa, jotta parhaat skenaariot voisivat toteutua.<\/p>\n<p class=\"paragraph\">\u2013 Ven\u00e4j\u00e4n yhteiskunnallis-poliittisia tai taloudellisia prosesseja \u2013 maassa, joka viel\u00e4 nyky\u00e4\u00e4nkin muistuttaa enemm\u00e4n supermannerta kuin valtiota \u2013 ei voida ohjata ulkopuolelta, vaikka niin kuinka haluttaisiin. T\u00e4m\u00e4n on tehnyt viime vuosien kokemus selv\u00e4ksi: vapaan l\u00e4nnen laajalle levinnyt taipumus pit\u00e4\u00e4 ket\u00e4 tahansa Moskovassa vallassa olevaa johtajaa \u2013 olipa h\u00e4n <strong>Hru\u0161t\u0161ov<\/strong>, <strong>Bre\u017enev<\/strong>, <strong>Gorbat\u0161ov<\/strong> tai Jeltsin \u2013 korvaamattomana on johtanut valtavan huonoihin investointeihin ja vakaviin virhearvioihin. Se, joka todella haluaa auttaa Ven\u00e4j\u00e4\u00e4 ja Ven\u00e4j\u00e4n kansaa t\u00e4n\u00e4\u00e4n, joutuu tekem\u00e4\u00e4n Ven\u00e4j\u00e4n johdolle yksiselitteisen selv\u00e4ksi, ettei uudella imperialistisella laajentumisella ole mit\u00e4\u00e4n mahdollisuuksia, Meri sanoi Matthiae-illallisen yhteydess\u00e4 pit\u00e4m\u00e4ss\u00e4\u00e4n puheessa.<\/p>\n<p class=\"paragraph\">\u2013 L\u00e4nsimaisen, ja ennen kaikkea saksalaisen, politiikan on teht\u00e4v\u00e4 kohtalokas valinta. Joko suuren it\u00e4isen vallan uusimperialistinen politiikka hyv\u00e4ksyt\u00e4\u00e4n, sit\u00e4 rahoitetaan ja lyhyell\u00e4 aikav\u00e4lill\u00e4 siit\u00e4 mahdollisesti jopa hy\u00f6dyt\u00e4\u00e4n; se, hyv\u00e4t kuulijat, olisi politiikkaa, joka ei n\u00e4e nen\u00e4\u00e4ns\u00e4 pidemm\u00e4lle. Tai sitten demokratian, vapauden, vastuun ja rauhan periaatteita autetaan menestym\u00e4\u00e4n koko sill\u00e4 valtavalla alueella, joka ulottuu It\u00e4merelt\u00e4 Tyynellemerelle.<\/p>\n<p class=\"paragraph\">Mihkelsonin mukaan tied\u00e4mme nykyisin, ett\u00e4 Ven\u00e4j\u00e4n nopea demokratisoituminen ja normalisoituminen olivat luultavasti menetettyj\u00e4 mahdollisuuksia jo Meren puheen aikana. T\u00e4h\u00e4n johtop\u00e4\u00e4t\u00f6kseen h\u00e4n on p\u00e4\u00e4tynyt Ven\u00e4j\u00e4n ulkoministerin\u00e4 1991\u20131996 toimineen, nykyisin Miamissa asuvan <strong>Andrei Kozyrevin <\/strong>kanssa k\u00e4ymiens\u00e4 keskustelujen perusteella. Kozyrev arvioi Ven\u00e4j\u00e4n kohtalon tulleen sinet\u00f6idyksi jo kev\u00e4\u00e4ll\u00e4 1992.<\/p>\n<p>Mihkelson oli Ukrainan 24. prikaatin komentajan, eversti Horo\u0161evkyn, kanssa elokuussa 2023 Bahmutin l\u00e4hist\u00f6ll\u00e4. Marko Mihkelsonin kuva-arkisto<\/p>\n<p>Ven\u00e4j\u00e4n tappio on mahdollinen<\/p>\n<p class=\"paragraph\">Mihkelson on tullut tunnetuksi Ukrainan voiton voimakkaana puolestajapuhujana. Mutta milt\u00e4 tuo voitto oikein k\u00e4yt\u00e4nn\u00f6ss\u00e4 n\u00e4ytt\u00e4isi?<\/p>\n<p class=\"paragraph\">T\u00e4ss\u00e4kin asiassa konkaripoliitikko suosittelee katsomaan kokonaiskuvaa. Ei ole mielek\u00e4st\u00e4 erotella voimakkaasti keskustelua l\u00e4nnen tulevaisuudesta ja siit\u00e4, kuinka Ukrainan sodan tulisi p\u00e4\u00e4tty\u00e4 \u2013 ne kun ovat tiukasti toisiinsa sidottuja asioita. Sen lis\u00e4ksi ett\u00e4 kysyt\u00e4\u00e4n, millainen rauha tahdotaan Ukrainalle, olisi kysytt\u00e4v\u00e4, millainen rauha halutaan meille.<\/p>\n<p class=\"paragraph\">Ongelma ei ole siin\u00e4, etteik\u00f6 Ven\u00e4j\u00e4n tavoitteita ymm\u00e4rrett\u00e4isi. Mihkelsonin mukaan Tallinnassa ja Helsingiss\u00e4 tehdyt analyysit asiasta ovat nykyisin hyvin yhtenev\u00e4isi\u00e4. Sama koskee kaikkia merkitt\u00e4vi\u00e4 p\u00e4\u00e4kaupunkeja.<\/p>\n<p class=\"paragraph\">Jopa Pariisia ja Berliini\u00e4?<\/p>\n<p class=\"paragraph\">Mihkelsonin mukaan kyll\u00e4, joskin pienell\u00e4 tarkennuksella.<\/p>\n<p class=\"paragraph\">\u2013 Jos ajatellaan niit\u00e4 tahoja, jotka oikeasti tiet\u00e4v\u00e4t. Tarkoitan tiedustelupalveluja. Heit\u00e4, jotka todella toimivat k\u00e4det savessa, Mihkelson sanoo.<\/p>\n<p class=\"paragraph\">\u2013 Muuten ei voisi kuulla jatkuvasti poliitikkojen tai tiedustelupalvelujen p\u00e4\u00e4llikk\u00f6jen kertovan mahdollisia p\u00e4iv\u00e4m\u00e4\u00e4ri\u00e4 tai vuosilukuja, jolloin Ven\u00e4j\u00e4 voisi hy\u00f6k\u00e4t\u00e4 meit\u00e4 vastaan \u2013 tarkoitan Natoa tai l\u00e4nsimaita kohtaan, suoralla sotilaallisella voimank\u00e4yt\u00f6ll\u00e4.<\/p>\n<p class=\"paragraph\">Tilannekuvan sijaan l\u00e4nnen ongelma on yhteisen strategisen tavoitteen ep\u00e4m\u00e4\u00e4r\u00e4isyys. Ven\u00e4j\u00e4 haluaa tuhota Naton, vallata Ukrainan ja hankkia itselleen etupiirin Euroopassa. Mutta mik\u00e4 on l\u00e4nnen strateginen tavoite?<\/p>\n<p class=\"paragraph\">Mihkelsonin mukaan sen pit\u00e4isi olla Ven\u00e4j\u00e4n tappio sen itse aloittamassa imperialistisessa hy\u00f6kk\u00e4yssodassa. H\u00e4n tiet\u00e4\u00e4, ett\u00e4 jotkut voivat pit\u00e4\u00e4 puhetta Ven\u00e4j\u00e4n pakottamisesta rajojensa sis\u00e4lle ep\u00e4realistisena. Samalla Mihkelson kuitenkin muistuttaa edelleen, ett\u00e4 Ven\u00e4j\u00e4 on voitettu sotilaallisesti useita kertoja aiemminkin.<\/p>\n<p class=\"paragraph\">Siit\u00e4, mit\u00e4 tapahtuu sitten, kun Ukrainan lippu liehuu Sevastopolissa, ei tulisi liiaksi kantaa huolta.<\/p>\n<p class=\"paragraph\">\u2013 Se ei ehk\u00e4 tapahdu huomenna eik\u00e4 ylihuomenna, mutta jos suljemme mahdollisuuden pois sek\u00e4 tunnustamme Ven\u00e4j\u00e4n sodan p\u00e4\u00e4m\u00e4\u00e4r\u00e4t, h\u00e4vi\u00e4mme suuresti.<\/p>\n<p class=\"paragraph\">T\u00e4ll\u00e4 olisi luultavasti heijastuksensa my\u00f6s It\u00e4-Aasiaan ja Taiwanin asemaan, mink\u00e4 j\u00e4lkeen voitaisiin puhua jo aivan eri mittaluokan maailmanlaajuisesta sodasta.<\/p>\n<p class=\"paragraph\">\u2013 Globaali katastrofi, Mihkelson summaa my\u00f6ntyvyyden todenn\u00e4k\u00f6iset seuraukset.<\/p>\n<p class=\"paragraph\">\u2013 L\u00e4ntinen pelote ei ole viel\u00e4 t\u00e4ydellinen, kun huomaamme, ettemme ole valmiita sanomaan \u00e4\u00e4neen mit\u00e4 pit\u00e4isi tehd\u00e4, mik\u00e4 on strategiamme. Strategiamme ei voi miss\u00e4\u00e4n tapauksessa olla rauha. Strategiamme pit\u00e4\u00e4 olla voitto.<\/p>\n<p class=\"paragraph\">T\u00e4rkeint\u00e4 on Ukrainan selviytyminen suvereenina, vahvana kansakuntana, jolla on l\u00e4nnen t\u00e4ydet turvatakuut \u2013 siis Nato-j\u00e4senyys.<\/p>\n<p class=\"paragraph\">\u2013 Anteeksi vain, mutta on naurettavaa, jos joku sanoo \u201dok, annetaan Ukrainalle Artikla 5:n kaltaiset turvatakuut\u201d. Mit\u00e4 ovat \u201dArtikla 5:n kaltaiset turvatakuut\u201d, jos eiv\u00e4t Artikla 5:n turvatakuut?<\/p>\n<p class=\"paragraph\">Tuo artikla, jonka mukaan hy\u00f6kk\u00e4ys yht\u00e4 Nato-maata vastaan on hy\u00f6kk\u00e4ys kaikkia vastaan, on muodostanut Naton toimivan perustan ja n\u00e4in tulisi Mihkelsonin mukaan olla my\u00f6s jatkossa. Ukrainan taisteluissa karaistunut armeija olisi voimakas lis\u00e4 puolustusliiton riveihin.<\/p>\n<p class=\"paragraph\">\u2013 H\u00e4visimme viime vuonna paljon aikaa keskittyess\u00e4mme puheeseen rauhasta sen sijaan, ett\u00e4 olisimme laittaneet kaikki resurssimme ukrainalaisten auttamiseen \u2013 v\u00e4hint\u00e4\u00e4n rintamalinjan vakauttamiseen sek\u00e4 voimakkaiden talouspakotteiden ajamiseen.<\/p>\n<p class=\"paragraph\">Huolta strategisesta tasapainosta ja siit\u00e4, minne ydinaseet voisivat Ven\u00e4j\u00e4n h\u00e4vitess\u00e4 p\u00e4\u00e4ty\u00e4, Mihkelson pit\u00e4\u00e4 ymm\u00e4rrett\u00e4v\u00e4n\u00e4. Samalla h\u00e4n suosittelee pohtimaan, olemmeko todella tyytyv\u00e4isempi\u00e4 siihen, ett\u00e4 ydinaseet ovat nyky-Ven\u00e4j\u00e4n kaltaisen valtion hallussa, vai pit\u00e4isik\u00f6 pyrki\u00e4 muutokseen, jossa Ven\u00e4j\u00e4 k\u00e4\u00e4nnet\u00e4\u00e4n pois imperialistisen valloituspolitiikan tielt\u00e4?<\/p>\n<p>Ven\u00e4l\u00e4ist\u00e4 kommunistijohtaja Gennari Zjuganovia Mihkelson haastatteli yhdess\u00e4 muiden toimittajien kanssa kev\u00e4\u00e4ll\u00e4 1996. Marko Mihkelsonin kuva-arkisto<\/p>\n<p>Iranin mielenosoitukset luovat toivoa<\/p>\n<p class=\"paragraph\">Ven\u00e4j\u00e4 ei toimi maailmann\u00e4ytt\u00e4m\u00f6ll\u00e4 l\u00e4ntt\u00e4 vastaan yksin, vaan useiden yhteisty\u00f6kumppanien ja liittolaisten kanssa.<\/p>\n<p class=\"paragraph\">Er\u00e4\u00e4n\u00e4 keskeisen\u00e4 tapahtumana Mihkelson pit\u00e4\u00e4 Kiinan presidentti <strong>Xi Jinpingin<\/strong> maaliskuussa 2023 Moskovaan tekem\u00e4\u00e4 vierailua, jonka yhteydess\u00e4 h\u00e4n m\u00e4\u00e4ritteli Ven\u00e4j\u00e4n sek\u00e4 omaan maansa historiallisen maailman muutoksen keskeisimmiksi ajureiksi.<\/p>\n<p class=\"paragraph\">Kolmas voimatekij\u00e4 on Iranin islamistihallinto, jonka roolia L\u00e4hi-id\u00e4n politiikassa ja terrorismin tukijana Mihkelson pit\u00e4\u00e4 kansainv\u00e4lisesti merkitt\u00e4v\u00e4n\u00e4 muutenkin kuin Teheranin Ven\u00e4j\u00e4lle toimittamien aseiden osalta.<\/p>\n<p class=\"paragraph\">H\u00e4nen mukaansa Iranin mielenosoituksia tulisikin seurata tarkalla silm\u00e4ll\u00e4.<\/p>\n<p class=\"paragraph\">\u2013 Se voi olla yksi, sanotaan, toivon elementti demokratioille aikamme maailmassa.<\/p>\n<p class=\"paragraph\">Mihkelson sanoo, ett\u00e4 iskulauseet ja paikalta saadut tiedot viittaavat siihen, ettei kyse ole vain taloudellisista protesteista, vaan ihmiset kaduilla vaativat my\u00f6s poliittista muutosta.<\/p>\n<p class=\"paragraph\">\u2013 Hallinnon vaihtuminen Iranissa merkitsisi hyvin dramaattista muutosta ei vain alueellisesti eik\u00e4 vain Iranissa, vaan vaikutus my\u00f6s Ven\u00e4j\u00e4n sotatoimiin Ukrainassa voisi olla varsin suuri.<\/p>\n<p class=\"paragraph\">Sama p\u00e4tee laajemmin globaalin autoritaaristen valtioiden liiton valmiuteen muovata maailmaan haluamaansa suuntaan. Mihkelson ei ep\u00e4r\u00f6i kutsua t\u00e4t\u00e4 valtioiden joukkoa \u201dpahan akseliksi\u201d.<\/p>\n<p class=\"paragraph\">Demokratioiden tulisikin h\u00e4nen mukaansa olla valmiina auttamaan heit\u00e4, jotka haluavat Iranin diktatuurista eroon.<\/p>\n<p class=\"paragraph\">T\u00e4ss\u00e4 mieless\u00e4 Teheranin kaduilla k\u00e4yd\u00e4\u00e4n samaa maailmanlaajuista taistelua kuin Ukrainan rintamalla. Vaikka ukrainalaiset ovat pelastaneet meid\u00e4t, Mihkelsonin mukaan emme ole tehneet riitt\u00e4v\u00e4sti heid\u00e4n hyv\u00e4kseen.<\/p>\n<p class=\"paragraph\">\u2013 Emme ole olleet riitt\u00e4v\u00e4n kiitollisia ukrainalaisille.<\/p>\n<p class=\"paragraph\">Kuitenkin vastarinta niin Ukrainassa kuin Iranin kaduilla kertoo, etteiv\u00e4t kaikki uutiset maailmalta ole yksinomaan huonoja.<\/p>\n<p>Turbulenssi kasvaa<\/p>\n<p class=\"paragraph\">T\u00e4m\u00e4n haastattelun j\u00e4lkeisen\u00e4 p\u00e4iv\u00e4n\u00e4, 3. tammikuuta, Yhdysvallat kaappasi nopeassa sotilasoperaatiossa Iranin, Ven\u00e4j\u00e4n ja Kiinan keskeisen liittolaisen, Venezuelan diktaattori <strong>Nicol\u00e1s Maduron<\/strong> Caracasista oikeudenk\u00e4ynti\u00e4 odottamaan.<\/p>\n<p class=\"paragraph\">Mihkelson nosti asiaa koskevassa sosiaalisen median kommentissaan esiin tilanteen arvaamattomuuden.<\/p>\n<p class=\"paragraph\">Viron kaltaisille pienille valtioille t\u00e4rke\u00e4n kansainv\u00e4lisen oikeuden rooli on heikkenem\u00e4ss\u00e4, turbulenssi kasvamassa ja maailmanj\u00e4rjestys muuttumassa.<\/p>\n<p class=\"paragraph\">\u2013 Autoritaariset hallinnot, kuten Iran \u2013 jossa todistamme ehk\u00e4 vuosikymmenien laajinta julkista vastarintaa nykyist\u00e4 hallintoa vastaan \u2013 samoin kuin Venezuelan tilanne, ovat merkkej\u00e4 t\u00e4st\u00e4 suuresta murroksesta.<\/p>\n<p class=\"paragraph\">Muutoksen lopputulos on Mihkelsonin mukaan kuitenkin h\u00e4m\u00e4r\u00e4n peitossa.<\/p>\n<p>Ei imartelua, vaan realismia<\/p>\n<p class=\"paragraph\">Mihkelsonin mukaan erityisesti virolaisille ja suomalaisille Ven\u00e4j\u00e4n naapureina sek\u00e4 sitoutuneina transatlantisteina on t\u00e4rke\u00e4\u00e4, etteiv\u00e4t Ven\u00e4j\u00e4 sek\u00e4 Kiina onnistu tavoitteessaan rikkoa Euroopan ja Yhdysvaltain suhdetta laukaustakaan ampumatta.<\/p>\n<p class=\"paragraph\">\u2013 T\u00e4ll\u00e4 hetkell\u00e4 ei ole poliitikoille ja diplomaateille helppoa pit\u00e4\u00e4 yll\u00e4 voimakasta yhten\u00e4isyytt\u00e4 Atlantin yli, mutta en n\u00e4e sille vaihtoehtoa. Kyll\u00e4, meid\u00e4n tulee puhua suoraan. Henkil\u00f6kohtaisesti en tykk\u00e4\u00e4 imarrella ja k\u00e4ytt\u00e4\u00e4 t\u00e4m\u00e4ntyyppisi\u00e4 taktiikoita. Mielest\u00e4ni t\u00e4rkeint\u00e4 on se, mit\u00e4 meid\u00e4n tulisi tehd\u00e4, Mihkelson summaa.<\/p>\n<p class=\"paragraph\">\u201dTekeminen\u201d tarkoittaa etenkin puolustusinvestointeja omiin kyvykkyyksiin, mutta my\u00f6s l\u00e4heisi\u00e4 liittolaissuhteita. Viro k\u00e4ytt\u00e4\u00e4 t\u00e4n\u00e4 vuonna puolustukseensa 5% bruttokansantuotteesta.<\/p>\n<p class=\"paragraph\">Vaikka julkisia erimielisyyksi\u00e4 transatlanttisessa suhteessa esiintyy ja Yhdysvaltain kansallisen turvallisuuden strategia poikkeaa aiemmista, tuki Natolle on Mihkelsonin mukaan poliittisen kent\u00e4n molemmin puolin Washington DC:ss\u00e4 edelleen voimakas. Erityisesti USA hy\u00f6tyy Euroopasta Kiina-politiikkansa avittajana.<\/p>\n<p class=\"paragraph\">Ik\u00e4v\u00e4t uutiset tuskin ovat kuitenkaan l\u00e4hiaikoina loppumassa, mihin Mihkelson suosittelee reagoimaan paitsi toimimalla ja varautumalla, my\u00f6s pit\u00e4m\u00e4ll\u00e4 kiinni siit\u00e4, mik\u00e4 on osoittautunut aiemmin toimivaksi.<\/p>\n","protected":false},"excerpt":{"rendered":"Mihkelsonin mukaan Ven\u00e4j\u00e4 haluaa palauttaa imperiumin. T\u00e4m\u00e4 voi Mihkelsonin mukaan tapahtua niin rajoja muuttamalla kuin etupiirej\u00e4 luomalla. Tilannekuvan&hellip;\n","protected":false},"author":2,"featured_media":134944,"comment_status":"","ping_status":"","sticky":false,"template":"","format":"standard","meta":{"footnotes":""},"categories":[14],"tags":[35,22,23,26,27,33,31,30,17,24,25,28,29,15,18,21,142,637,144,32,19,20,56,16,1262,1665,59,60,61],"class_list":{"0":"post-134943","1":"post","2":"type-post","3":"status-publish","4":"format-standard","5":"has-post-thumbnail","7":"category-ulkomaat","8":"tag-24h","9":"tag-breaking-news","10":"tag-breakingnews","11":"tag-featured-news","12":"tag-featurednews","13":"tag-fi","14":"tag-finland","15":"tag-finnish","16":"tag-headlines","17":"tag-latest-news","18":"tag-latestnews","19":"tag-main-news","20":"tag-mainnews","21":"tag-news","22":"tag-otsikot","23":"tag-paauutiset","24":"tag-poliitikot","25":"tag-politiikka","26":"tag-presidentti","27":"tag-suomi","28":"tag-top-stories","29":"tag-topstories","30":"tag-ulkomaat","31":"tag-uutiset","32":"tag-venajan-politiikka","33":"tag-venalaiset-poliitikot","34":"tag-world","35":"tag-world-news","36":"tag-worldnews"},"share_on_mastodon":{"url":"https:\/\/pubeurope.com\/@fi\/115848165683943378","error":""},"_links":{"self":[{"href":"https:\/\/www.europesays.com\/fi\/wp-json\/wp\/v2\/posts\/134943","targetHints":{"allow":["GET"]}}],"collection":[{"href":"https:\/\/www.europesays.com\/fi\/wp-json\/wp\/v2\/posts"}],"about":[{"href":"https:\/\/www.europesays.com\/fi\/wp-json\/wp\/v2\/types\/post"}],"author":[{"embeddable":true,"href":"https:\/\/www.europesays.com\/fi\/wp-json\/wp\/v2\/users\/2"}],"replies":[{"embeddable":true,"href":"https:\/\/www.europesays.com\/fi\/wp-json\/wp\/v2\/comments?post=134943"}],"version-history":[{"count":0,"href":"https:\/\/www.europesays.com\/fi\/wp-json\/wp\/v2\/posts\/134943\/revisions"}],"wp:featuredmedia":[{"embeddable":true,"href":"https:\/\/www.europesays.com\/fi\/wp-json\/wp\/v2\/media\/134944"}],"wp:attachment":[{"href":"https:\/\/www.europesays.com\/fi\/wp-json\/wp\/v2\/media?parent=134943"}],"wp:term":[{"taxonomy":"category","embeddable":true,"href":"https:\/\/www.europesays.com\/fi\/wp-json\/wp\/v2\/categories?post=134943"},{"taxonomy":"post_tag","embeddable":true,"href":"https:\/\/www.europesays.com\/fi\/wp-json\/wp\/v2\/tags?post=134943"}],"curies":[{"name":"wp","href":"https:\/\/api.w.org\/{rel}","templated":true}]}}