{"id":134951,"date":"2026-01-06T12:51:10","date_gmt":"2026-01-06T12:51:10","guid":{"rendered":"https:\/\/www.europesays.com\/fi\/134951\/"},"modified":"2026-01-06T12:51:10","modified_gmt":"2026-01-06T12:51:10","slug":"sivert-bakkenille-koskettava-ele","status":"publish","type":"post","link":"https:\/\/www.europesays.com\/fi\/134951\/","title":{"rendered":"Sivert Bakkenille koskettava ele"},"content":{"rendered":"<p>Sivert Bakkenia muistetaan ampumahiihdon maailmancupissa koskettavalla tavalla.<\/p>\n<p><img decoding=\"async\" class=\"image image-show image-preview\" src=\"https:\/\/www.europesays.com\/fi\/wp-content\/uploads\/2026\/01\/eb2ee6d34a07ff05a2a0ae94750d3de7924bf861e27b0279f64330bf0a98471b.jpg\" alt=\"\"\/><img decoding=\"async\" class=\"image image-show\" src=\"https:\/\/www.europesays.com\/fi\/wp-content\/uploads\/2026\/01\/1767703868_944_eb2ee6d34a07ff05a2a0ae94750d3de7924bf861e27b0279f64330bf0a98471b.jpg\" alt=\"\"\/><\/p>\n<p>Sivert Bakken kuoli 23. joulukuuta. AOP<\/p>\n<p class=\"paragraph\">Joulukuussa kuollutta <strong>Sivert Bakkenia<\/strong> muistetaan kauniilla tavalla ampumahiihdon maailmancupissa, <a href=\"https:\/\/www.dagbladet.no\/studio\/72798-sportsstudio\/10803926-sivert-guttorm-bakken-skal-hedres-i-oberhof\" target=\"_blank\" rel=\"noopener nofollow\">kertoo Dagbladet<\/a>.<\/p>\n<p class=\"paragraph\">Saksan Oberhofissa j\u00e4rjestet\u00e4\u00e4n torstaina miesten pikakilpailu. Ennen starttia Bakkenille taputetaan minuutti. Hetki ei siis ole hiljainen, vaan juhlava.<\/p>\n<p class=\"paragraph\">\u2013 Sill\u00e4 kunnioitetaan Sivertin suorituksia ja panostusta ampumahiihtoon sek\u00e4 muistetaan urheilijaa ja ihmist\u00e4, jota arvostettiin paljon my\u00f6nteisen luonteensa takia, Kansainv\u00e4lisen ampumahiihtoliiton viestint\u00e4p\u00e4\u00e4llikk\u00f6 <strong>Christian Winkler<\/strong> kertoo Dagbladetille.<\/p>\n<p class=\"paragraph\">Kukaan ei my\u00f6sk\u00e4\u00e4n k\u00e4yt\u00e4 kilpailussa numeroa 1. L\u00e4ht\u00f6portti on siis tyhj\u00e4n\u00e4, kun kilpailu alkaa.<\/p>\n<p class=\"paragraph\">My\u00f6s t\u00e4m\u00e4 on symboliikkaa. Bakken l\u00f6ydettiin kuolleena hotellihuoneestaan Italian Lavazessa 23. joulukuuta. H\u00e4n kilpaili maailmancupissa vain kaksi p\u00e4iv\u00e4\u00e4 aiemmin.<\/p>\n<p class=\"paragraph\">Norjalainen oli 27-vuotias. Kuolinsyy ei ole viel\u00e4 selvinnyt.<\/p>\n<p><a href=\"https:\/\/www.iltalehti.fi\/telkku\/?utm_source=iltalehti.fi&amp;utm_medium=almainternal&amp;utm_campaign=urheilu_artikkelibanneri&amp;utm_content=banner_612_a\" rel=\"nofollow noopener\" target=\"_blank\"><img decoding=\"async\" src=\"https:\/\/www.europesays.com\/fi\/wp-content\/uploads\/2025\/08\/7ef604e47d46ca174b7df4149bd3557dbde56a86d520f8e1b2125548b0a2e03a.png\" alt=\"TV-ohjelmat t\u00e4n\u00e4\u00e4n, TV-opas\"\/><\/a><\/p>\n","protected":false},"excerpt":{"rendered":"Sivert Bakkenia muistetaan ampumahiihdon maailmancupissa koskettavalla tavalla. Sivert Bakken kuoli 23. joulukuuta. AOP Joulukuussa kuollutta Sivert Bakkenia muistetaan&hellip;\n","protected":false},"author":2,"featured_media":134952,"comment_status":"","ping_status":"","sticky":false,"template":"","format":"standard","meta":{"footnotes":""},"categories":[158],"tags":[35,33,31,30,2096,41,3318,2668,159,32,1145,160],"class_list":{"0":"post-134951","1":"post","2":"type-post","3":"status-publish","4":"format-standard","5":"has-post-thumbnail","7":"category-urheilu","8":"tag-24h","9":"tag-fi","10":"tag-finland","11":"tag-finnish","12":"tag-hiihtolajit","13":"tag-liikunta-ja-urheilu","14":"tag-maastohiihto","15":"tag-pohjoismaiset-hiihtolajit","16":"tag-sports","17":"tag-suomi","18":"tag-talviurheilu","19":"tag-urheilu"},"share_on_mastodon":{"url":"https:\/\/pubeurope.com\/@fi\/115848248330770518","error":""},"_links":{"self":[{"href":"https:\/\/www.europesays.com\/fi\/wp-json\/wp\/v2\/posts\/134951","targetHints":{"allow":["GET"]}}],"collection":[{"href":"https:\/\/www.europesays.com\/fi\/wp-json\/wp\/v2\/posts"}],"about":[{"href":"https:\/\/www.europesays.com\/fi\/wp-json\/wp\/v2\/types\/post"}],"author":[{"embeddable":true,"href":"https:\/\/www.europesays.com\/fi\/wp-json\/wp\/v2\/users\/2"}],"replies":[{"embeddable":true,"href":"https:\/\/www.europesays.com\/fi\/wp-json\/wp\/v2\/comments?post=134951"}],"version-history":[{"count":0,"href":"https:\/\/www.europesays.com\/fi\/wp-json\/wp\/v2\/posts\/134951\/revisions"}],"wp:featuredmedia":[{"embeddable":true,"href":"https:\/\/www.europesays.com\/fi\/wp-json\/wp\/v2\/media\/134952"}],"wp:attachment":[{"href":"https:\/\/www.europesays.com\/fi\/wp-json\/wp\/v2\/media?parent=134951"}],"wp:term":[{"taxonomy":"category","embeddable":true,"href":"https:\/\/www.europesays.com\/fi\/wp-json\/wp\/v2\/categories?post=134951"},{"taxonomy":"post_tag","embeddable":true,"href":"https:\/\/www.europesays.com\/fi\/wp-json\/wp\/v2\/tags?post=134951"}],"curies":[{"name":"wp","href":"https:\/\/api.w.org\/{rel}","templated":true}]}}