{"id":134957,"date":"2026-01-06T12:55:11","date_gmt":"2026-01-06T12:55:11","guid":{"rendered":"https:\/\/www.europesays.com\/fi\/134957\/"},"modified":"2026-01-06T12:55:11","modified_gmt":"2026-01-06T12:55:11","slug":"forbes-lehti-listasi-maailman-10-rikkainta-tammikuussa-2026-elon-musk-omistaa-yli-puoli-biljoonaa-euroa","status":"publish","type":"post","link":"https:\/\/www.europesays.com\/fi\/134957\/","title":{"rendered":"Forbes-lehti listasi maailman 10 rikkainta tammikuussa 2026: Elon Musk omistaa yli puoli biljoonaa euroa"},"content":{"rendered":"<p>            All Over Press\n        <\/p>\n<p class=\"subtitle \">The Forbes -lehti listasi vuoden 2026 alkajaisiksi maapallon vauraimmat ihmiset, joiden yhteenlaskettu omaisuus on 238 biljoonaa euroa.<\/p>\n<p class=\"article-content article-content-width !bg-background\">,54, on<br \/>\npit\u00e4nyt maailman rikkaimman henkil\u00f6n titteli\u00e4 vuodesta 2024. H\u00e4n johtaa Teslan<br \/>\nja Space X:n lis\u00e4ksi xAI-teko\u00e4lyfirmaa ja somealusta X:\u00e4\u00e4. H\u00e4nen omaisuutensa<br \/>\narvo, 618 miljardia eli 0,618 biljoonaa euroa on kaukana muista listalle p\u00e4\u00e4sseist\u00e4. Omaisuus kasvoi<br \/>\nloppuvuodesta 2025 per\u00e4ti 207 miljardilla, kun Musk neuvotteli yhti\u00f6illeen<br \/>\nuuden rahoituksen.<\/p>\n<p class=\"article-content article-content-width !bg-background\">Elon Musk on alun<br \/>\nperin kotoisin Etel\u00e4-Afrikasta, josta h\u00e4n 18-vuotiaana muutti opiskelemaan<br \/>\ntaloustieteit\u00e4 Kanadan Ontarioon.<\/p>\n<p class=\"article-content article-content-width !bg-background\">Viime marraskuussa<br \/>\nh\u00e4nest\u00e4 tuli ensimm\u00e4inen ihmisen maailmassa, jonka omaisuus on arvoltaan yli<br \/>\npuoli biljoonaa euroa.<\/p>\n<p>Googlaamalla<br \/>\nkakkoseksi<\/p>\n<p class=\"article-content article-content-width !bg-background\">, 52, on yhdysvaltalainen tietotekniikan<br \/>\ninsin\u00f6\u00f6ri, yritt\u00e4j\u00e4 ja sijoittaja, jonka tunnetuimpiin saavutuksiin kuuluu Google\u2011hakukoneen<br \/>\nperustaminen yhdess\u00e4  kanssa vuonna 1998. H\u00e4n syntyi vuonna 1973<br \/>\nYhdysvalloissa ja on koulutukseltaan tietojenk\u00e4sittelytieteen insin\u00f6\u00f6ri.<\/p>\n<p>                <img decoding=\"async\" src=\"https:\/\/www.europesays.com\/fi\/wp-content\/uploads\/2026\/01\/2037526.webp.jpeg\" width=\"576\" height=\"274\" alt=\"Larry Page tuplasi omaisuutensa vuodessa.\" loading=\"lazy\" \/>            <\/p>\n<p>\n            Larry Page tuplasi omaisuutensa vuodessa.<br \/>\n            All Over Press\n        <\/p>\n<p class=\"article-content article-content-width !bg-background\">Page on kulkenut<br \/>\npitk\u00e4n matkan tullakseen planeetan toiseksi rikkaimmaksi ihmiseksi. Viime<br \/>\nvuoden maaliskuussa Forbes listasi h\u00e4net sijalle 7 noin 122 miljardin dollarin<br \/>\nomaisuudem perusteella. Kymmenen vuotta sitten h\u00e4n oli sijalla 19.<\/p>\n<p class=\"article-content article-content-width !bg-background\">Viime vuonna<br \/>\nomaisuus oli l\u00e4hes tuplaantunut. Nyt mammonaa riitt\u00e4\u00e4 218,5 miljardin euron<br \/>\nedest\u00e4.<\/p>\n<p>        <a itemprop=\"url\" href=\"https:\/\/www.seiska.fi\/ulkomaat\/tassa-on-maailman-rikkain-perhe-varallisuus-viisinkertainen-suomen-valtion-budjettiin-verrattuna\/1564576\" rel=\"nofollow noopener\" target=\"_blank\"><\/p>\n<p class=\"section-date\">\n        <strong class=\"article-section\" data-section=\"ulkomaat\"><br \/>\n            ulkomaat<br \/>\n        <\/strong><br \/>\n        29.12.2024 20:00\n    <\/p>\n<p>T\u00e4ss\u00e4 on maailman rikkain perhe \u2013 varallisuus viisinkertainen Suomen valtion budjettiin verrattuna!\n    <\/p>\n<p itemprop=\"description\" class=\"subtitle \">\n    Waltonin perheen nettovarallisuus on j\u00e4rjett\u00f6m\u00e4t 432 miljardia dollaria.\n<\/p>\n<p>        <\/a><\/p>\n<p>N\u00e4ki kauas<br \/>\ntulevaisuuteen<\/p>\n<p class=\"article-content article-content-width !bg-background\">Kolmossijaa pit\u00e4\u00e4<br \/>\nniin ik\u00e4\u00e4n jenkki. , 81, perusti jo vuonna 1977 tietokoneiden<br \/>\nkehittelyyn tarkoitetun kauaskatseisuuteen viittaavan ohjelmistoalanyrityksen nimelt\u00e4<br \/>\nOracle.\u00a0<\/p>\n<p>                <img decoding=\"async\" src=\"https:\/\/www.europesays.com\/fi\/wp-content\/uploads\/2026\/01\/2037539.webp.jpeg\" width=\"576\" height=\"274\" alt=\"Larryn firman nimi Oracle ennusti oraakkelimaiseti oman tulevaisuutensa.\" loading=\"lazy\" \/>            <\/p>\n<p>\n            Larryn firman nimi Oracle ennusti oraakkelimaiseti oman tulevaisuutensa.<br \/>\n            All Over Press\n        <\/p>\n<p class=\"article-content article-content-width !bg-background\">Viime vuonna Ellisonin ja h\u00e4nen David-poikansa yritystulot<br \/>\nheittelehtiv\u00e4t miljardeissa mitattuna yl\u00f6s ja alas eri firmojen teko\u00e4lyohjelmistojen<br \/>\nkilpailuasemien vaihtaessa paikkaa. Joka tapauksessa Ellison istuu 218<br \/>\nmiljardin arvoisen omaisuuden kirstunvartijana.<\/p>\n<p>Ei viihtynyt<br \/>\nel\u00e4kkeell\u00e4<\/p>\n<p class=\"article-content article-content-width !bg-background\">Marraskuussa New<br \/>\nYork Times kertoi , 61, palaavan takaisin ty\u00f6el\u00e4m\u00e4\u00e4n sen j\u00e4lkeen,<br \/>\nkun h\u00e4n j\u00e4i el\u00e4kkeelle Amazonin toimitusjohtajan pallilta vuonna 2021. H\u00e4n on nyt toimitusjohtajana teko\u00e4lyn kehittelyyn keskittyv\u00e4ss\u00e4 startup-yrityksess\u00e4<br \/>\nnimelt\u00e4 Project Prometheus.<\/p>\n<p>                <img decoding=\"async\" src=\"https:\/\/www.europesays.com\/fi\/wp-content\/uploads\/2026\/01\/2037546.webp.jpeg\" width=\"576\" height=\"720\" alt=\"Jeff Bezos avioitui viime kes\u00e4n\u00e4 toimittaja Lauren S\u00e1nchesin kanssa Venetsiassa, eik\u00e4 s\u00e4\u00e4stellyt kustannuksista.\" loading=\"lazy\" \/>            <\/p>\n<p>\n            Jeff Bezos avioitui viime kes\u00e4n\u00e4 toimittaja Lauren S\u00e1nchesin kanssa Venetsiassa, eik\u00e4 s\u00e4\u00e4stellyt kustannuksista.<br \/>\n            All Over Press\n        <\/p>\n<p class=\"article-content article-content-width !bg-background\">Bezosin 206<br \/>\nmiljardin omaisuus on vuonna 1994 perustamansa verkkokauppaj\u00e4tti Amazonin<br \/>\nansiota. H\u00e4n toimi sen toimitusjohtajana hein\u00e4kuuhun 2021<br \/>\nasti ja istuu edelleen yhti\u00f6n hallituksen puheenjohtajana.<\/p>\n<p>Lahjoitti<br \/>\nmiljardin l\u00e4\u00e4ketieteelle<\/p>\n<p class=\"article-content article-content-width !bg-background\">,<br \/>\n52, pit\u00e4\u00e4 itsest\u00e4\u00e4n matalaa profiilia. H\u00e4n palasi puoliel\u00e4kkeelt\u00e4<br \/>\nauttamaan Alphabetia teko\u00e4lystrategiassa. H\u00e4net tunnetaan Google-teko\u00e4lyohjelmiston<br \/>\nydinosaajana. Brin toimii t\u00e4ll\u00e4 hetkell\u00e4 Googlea omistavan Alphabetin<br \/>\nhallituksen j\u00e4senen\u00e4 ja on hallitseva osakkeenomistaja.\u00a0<\/p>\n<p>                <img decoding=\"async\" src=\"https:\/\/www.europesays.com\/fi\/wp-content\/uploads\/2026\/01\/2037552.webp.jpeg\" width=\"576\" height=\"274\" alt=\"T\u00e4ss\u00e4 ovat maailman rikkaimmat: Elon Muskin omaisuus on yli puoli biljoonaa euroa!\" loading=\"lazy\" \/>            <\/p>\n<p>            All Over Press\n        <\/p>\n<p class=\"article-content article-content-width !bg-background\">Marraskuun lopulla Brin<br \/>\nilmoitti lahjoittaneensa 1,1 miljardia dollarin eli 935 miljoonan eurom arvosta<br \/>\nAlphabetin osakkeita h\u00e4nen voittoa tavoittelemattomalle j\u00e4rjest\u00f6lleen Catalyst4,<br \/>\njoka keskittyy keskushermoston sairauksiin ja ilmastonmuutokseen.<\/p>\n<p>Tekev\u00e4t<br \/>\nhyv\u00e4ntekev\u00e4isyytt\u00e4<\/p>\n<p class=\"article-content article-content-width !bg-background\">Rikkaimpien<br \/>\nkerhon kuopus , 41, perusti Facebookin yhdess\u00e4 opiskelukavereidensa kanssa ollessaan Harvardin yliopiston opiskelija vuonna 2004.\u00a0<\/p>\n<p class=\"article-content article-content-width !bg-background\">Nykyisin Meta-nimell\u00e4 tunnettu yritys on kasvanut maailman suurimmaksi sosiaaliseksi<br \/>\nverkostoksi, jolla on useita miljardeja k\u00e4ytt\u00e4ji\u00e4 ymp\u00e4ri maailmaa. Yritys<br \/>\nomistaa my\u00f6s Instagramin ja WhatsAppin. Zuckerberg toimii edelleen<br \/>\nyhti\u00f6n toimitusjohtajana. H\u00e4nen omaisuutensa on noin 192 miljardia euroa.<\/p>\n<p>                <img decoding=\"async\" src=\"https:\/\/www.europesays.com\/fi\/wp-content\/uploads\/2026\/01\/2037667.webp.jpeg\" width=\"576\" height=\"528\" alt=\"Zuckerbergit harrastavat my\u00f6s hyv\u00e4ntekev\u00e4isyytt\u00e4.\" loading=\"lazy\" \/>            <\/p>\n<p>\n            Zuckerbergit harrastavat my\u00f6s hyv\u00e4ntekev\u00e4isyytt\u00e4.<br \/>\n            All Over Press\n        <\/p>\n<p class=\"article-content article-content-width !bg-background\">Lokakuussa<br \/>\nZuckerberg istui yleis\u00f6n joulukossa Wall Street -gaalassa, kun h\u00e4nen<br \/>\nvaimonsa  sai p\u00e4\u00e4palkinnon pariskunnan hyv\u00e4ntekev\u00e4isyysty\u00f6st\u00e4,<br \/>\njoka keskittyy sairauksien hoitoon ja ehk\u00e4isyyn.<\/p>\n<p>        <a itemprop=\"url\" href=\"https:\/\/www.seiska.fi\/kotimaa\/harvinainen-kuva-suomalaismiljardoorista-talta-han-nayttaa-nyt\/1964394\" rel=\"nofollow noopener\" target=\"_blank\"><\/p>\n<p>\nT\u00e4lt\u00e4 h\u00e4n n\u00e4ytt\u00e4\u00e4 nyt\n<\/p>\n<p class=\"section-date\">\n        <strong class=\"article-section\" data-section=\"kotimaa\"><br \/>\n            kotimaa<br \/>\n        <\/strong><br \/>\n        17.10.2025 17:30\n    <\/p>\n<p>Harvinainen kuva suomalaismiljard\u00f6\u00f6rist\u00e4 \u2013 t\u00e4lt\u00e4 h\u00e4n n\u00e4ytt\u00e4\u00e4 nyt\n    <\/p>\n<p itemprop=\"description\" class=\"subtitle \">\n    Tamperelaiskoululaisesta tuli j\u00e4ttiomaisuuden perij\u00e4 ja kasvattaja.\n<\/p>\n<p>        <\/a><\/p>\n<p>9 jenkki\u00e4, 1 ranskalainen<\/p>\n<p class=\"article-content article-content-width !bg-background\"> sijaa pit\u00e4\u00e4 ranskalainen<br \/>\n, 76, lapsineen. Arnault on luksustuoteryhm\u00e4 LVMH:n<br \/>\ntoimitusjohtaja ja hallituksen puheenjohtaja. Ketjuun kuuluvat muun muassa<br \/>\nbr\u00e4ndit Louis Vuitton, Christian Dior, Mo\u00ebt &amp; Chandon, Sephora ja<br \/>\nkoruyritys Tiffany &amp; Co.<\/p>\n<p>                <img decoding=\"async\" src=\"https:\/\/www.europesays.com\/fi\/wp-content\/uploads\/2026\/01\/2037583.webp.jpeg\" width=\"576\" height=\"274\" alt=\"Arnault on ainoa eurooppalainen 10 rikkaimman joukossa,\" loading=\"lazy\" \/>            <\/p>\n<p>\n            Arnault on ainoa eurooppalainen 10 rikkaimman joukossa,<br \/>\n            All Over Press\n        <\/p>\n<p class=\"article-content article-content-width !bg-background\">Pariisilaisherran<br \/>\nomaisuus on liki 166 miljardia euroa.<\/p>\n<p class=\"article-content article-content-width !bg-background\"> sijalla on kalifornialainen<br \/>\n, 62, joka on alun perin kotoisin Taiwanista ja asunut lapsena<br \/>\nThaimaassa. Perhe l\u00e4hetti Jensenin ja h\u00e4nen veljens\u00e4 Yhdysvaltoihin, kun<br \/>\nAasiassa oli sis\u00e4ist\u00e4 levottomuutta.\u00a0<\/p>\n<p>                <img decoding=\"async\" src=\"https:\/\/www.europesays.com\/fi\/wp-content\/uploads\/2026\/01\/2037593.webp.jpeg\" width=\"576\" height=\"274\" alt=\"Huang on menestynyt tietokonepeleill\u00e4.\" loading=\"lazy\" \/>            <\/p>\n<p>\n            Huang on menestynyt tietokonepeleill\u00e4.<br \/>\n            All Over Press\n        <\/p>\n<p class=\"article-content article-content-width !bg-background\">Huang perusti tietokonepelialalle<br \/>\nsuuntautuneen Nvidian vuonna 1993 ja on toiminut siit\u00e4 l\u00e4htien sen<br \/>\ntoimitusjohtajana ja presidenttin\u00e4. Omaisuutta on kertynyt 138 miljardin euron<br \/>\nverran.<\/p>\n<p class=\"article-content article-content-width !bg-background\"> rikkain on<br \/>\njenkkisijoittaja , 95, joka aloitti mammonan takomisen jo<br \/>\n11-vuotiaana. H\u00e4n j\u00e4i joulukuussa el\u00e4kkeelle Berkshire Hathawayn<br \/>\ntoimitusjohtajan teht\u00e4v\u00e4st\u00e4.\u00a0<\/p>\n<p>                <img decoding=\"async\" src=\"https:\/\/www.europesays.com\/fi\/wp-content\/uploads\/2026\/01\/2037673.webp.jpeg\" width=\"576\" height=\"274\" alt=\"Warren Buffett on ik\u00e4isekseen sangen vetre\u00e4ss\u00e4 kunnossa.\" loading=\"lazy\" \/>            <\/p>\n<p>\n            Warren Buffett on ik\u00e4isekseen sangen vetre\u00e4ss\u00e4 kunnossa.<br \/>\n            All Over Press\n        <\/p>\n<p class=\"article-content article-content-width !bg-background\">Buffettin yhti\u00f6 omistaa lukuisia yrityksi\u00e4, kuten<br \/>\nvakuutusyhti\u00f6 Geicon, paristovalmistaja Duracellin ja ravintolaketju Dairy<br \/>\nQueenin. Omaisuutta on noin 127 miljardin euron edest\u00e4.<\/p>\n<p class=\"article-content article-content-width !bg-background\"> sijalla on Microsoft-ohjelmistoyrityksen<br \/>\nex-toimitusjohtaja , 69. H\u00e4n oli Microsoftin perustajan  luokkatoveri Harvardin yliopistossa ja liittyi yhti\u00f6n 30. ty\u00f6ntekij\u00e4n\u00e4<br \/>\nvuonna 1980.\u00a0<\/p>\n<p>                <img decoding=\"async\" src=\"https:\/\/www.europesays.com\/fi\/wp-content\/uploads\/2026\/01\/2037677.webp.jpeg\" width=\"576\" height=\"274\" alt=\"Steve Ballmerin onneksi koitui, ett\u00e4 luokkakaverina oli Bill Gates.\" loading=\"lazy\" \/>            <\/p>\n<p>\n            Steve Ballmerin onneksi koitui, ett\u00e4 luokkakaverina oli Bill Gates.<br \/>\n            All Over Press\n        <\/p>\n<p class=\"article-content article-content-width !bg-background\">H\u00e4n toimi firman toimitusjohtajana vuosina 2000\u20132014. Omaisuutta riitt\u00e4\u00e4 125 miljardin euron edest\u00e4.<\/p>\n<p>        <a itemprop=\"url\" href=\"https:\/\/www.seiska.fi\/ulkomaat\/george-lucasin-omaisuus-hupeni-puoleen-tassa-ovat-viihdemaailman-rikkaimmat-julkkikset\/1308233\" rel=\"nofollow noopener\" target=\"_blank\"><\/p>\n<p class=\"section-date\">\n        <strong class=\"article-section\" data-section=\"ulkomaat\"><br \/>\n            ulkomaat<br \/>\n        <\/strong><br \/>\n        1.4.2024 21:02\n    <\/p>\n<p>George Lucasin omaisuus hupeni puoleen \u2013 t\u00e4ss\u00e4 ovat viihdemaailman rikkaimmat julkkikset\n    <\/p>\n<p itemprop=\"description\" class=\"subtitle \">\n    Viihdemaailman 10 rikkaimman julkkiksen joukko on muuttumassa, ja heist\u00e4 puolet on jo naisia.\n<\/p>\n<p>        <\/a><\/p>\n<p class=\"article-content article-content-width !bg-background\">\u00a0<\/p>\n","protected":false},"excerpt":{"rendered":"All Over Press The Forbes -lehti listasi vuoden 2026 alkajaisiksi maapallon vauraimmat ihmiset, joiden yhteenlaskettu omaisuus on 238&hellip;\n","protected":false},"author":2,"featured_media":134958,"comment_status":"","ping_status":"","sticky":false,"template":"","format":"standard","meta":{"footnotes":""},"categories":[76],"tags":[23658,79,77,1797,33,31,30,23657,5518,14996,23656,16020,23116,5306,1240,23655,23654,32,78,14850],"class_list":{"0":"post-134957","1":"post","2":"type-post","3":"status-publish","4":"format-standard","5":"has-post-thumbnail","7":"category-talous","8":"tag-bernard-arnault","9":"tag-business","10":"tag-economy","11":"tag-elon-musk","12":"tag-fi","13":"tag-finland","14":"tag-finnish","15":"tag-forbes","16":"tag-jeff-bezos","17":"tag-jensen-huang","18":"tag-kymmnenen-rikkainta","19":"tag-larry-ellison","20":"tag-larry-page","21":"tag-mark-zuckerberg","22":"tag-raha","23":"tag-sergey-brin","24":"tag-steve-ballmer","25":"tag-suomi","26":"tag-talous","27":"tag-warren-buffett"},"share_on_mastodon":{"url":"https:\/\/pubeurope.com\/@fi\/115848264069649590","error":""},"_links":{"self":[{"href":"https:\/\/www.europesays.com\/fi\/wp-json\/wp\/v2\/posts\/134957","targetHints":{"allow":["GET"]}}],"collection":[{"href":"https:\/\/www.europesays.com\/fi\/wp-json\/wp\/v2\/posts"}],"about":[{"href":"https:\/\/www.europesays.com\/fi\/wp-json\/wp\/v2\/types\/post"}],"author":[{"embeddable":true,"href":"https:\/\/www.europesays.com\/fi\/wp-json\/wp\/v2\/users\/2"}],"replies":[{"embeddable":true,"href":"https:\/\/www.europesays.com\/fi\/wp-json\/wp\/v2\/comments?post=134957"}],"version-history":[{"count":0,"href":"https:\/\/www.europesays.com\/fi\/wp-json\/wp\/v2\/posts\/134957\/revisions"}],"wp:featuredmedia":[{"embeddable":true,"href":"https:\/\/www.europesays.com\/fi\/wp-json\/wp\/v2\/media\/134958"}],"wp:attachment":[{"href":"https:\/\/www.europesays.com\/fi\/wp-json\/wp\/v2\/media?parent=134957"}],"wp:term":[{"taxonomy":"category","embeddable":true,"href":"https:\/\/www.europesays.com\/fi\/wp-json\/wp\/v2\/categories?post=134957"},{"taxonomy":"post_tag","embeddable":true,"href":"https:\/\/www.europesays.com\/fi\/wp-json\/wp\/v2\/tags?post=134957"}],"curies":[{"name":"wp","href":"https:\/\/api.w.org\/{rel}","templated":true}]}}