{"id":134961,"date":"2026-01-06T12:57:07","date_gmt":"2026-01-06T12:57:07","guid":{"rendered":"https:\/\/www.europesays.com\/fi\/134961\/"},"modified":"2026-01-06T12:57:07","modified_gmt":"2026-01-06T12:57:07","slug":"rovaniemella-iso-isku-takseja-kohtaan-useiden-autojen-ikkunoita-rikottu-lappi","status":"publish","type":"post","link":"https:\/\/www.europesays.com\/fi\/134961\/","title":{"rendered":"Rovaniemell\u00e4 iso isku takseja kohtaan: useiden autojen ikkunoita rikottu | Lappi"},"content":{"rendered":"<p class=\"aw-1gybjub aw-5vja16 kEtdKx kmuxyA yle__article__paragraph\">Maanantain ja tiistain v\u00e4lisen\u00e4 y\u00f6n\u00e4 useista taksiautoista rikottiin Rovaniemell\u00e4 ikkunoita.<\/p>\n<p><img decoding=\"async\" alt=\"Valaistu taksikyltti pime\u00e4ss\u00e4 y\u00f6ss\u00e4.\" src=\"https:\/\/www.europesays.com\/fi\/wp-content\/uploads\/2026\/01\/39-14022836778285528349.jpeg\" class=\"aw-1l9m598 hKVVvP\"\/><\/p>\n<p>Avaa kuvien katselu<\/p>\n<p>Kuvituskuva. Kuva: Matias V\u00e4\u00e4n\u00e4nen \/ Yle<\/p>\n<p>14:01\u2022P\u00e4ivitetty 14:39<\/p>\n<p class=\"aw-1gybjub aw-1p7kakr kEtdKx cEmitX yle__article__paragraph\">Useita taksiautoja vahingoitettiin Rovaniemell\u00e4 loppiaistiistain vastaisena y\u00f6n\u00e4.<\/p>\n<p class=\"aw-1gybjub aw-1p7kakr kEtdKx cEmitX yle__article__paragraph\">Lapin poliisin mukaan useista takseista oli rikottu ikkunoita eri puolilla kaupunkia. T\u00e4rveltyj\u00e4 takseja oli ainakin Louhikkotiell\u00e4, Kolpeneentiell\u00e4, Kuntotiell\u00e4 ja Ahkiomaantiell\u00e4.<\/p>\n<p class=\"aw-1gybjub aw-1p7kakr kEtdKx cEmitX yle__article__paragraph\">Lis\u00e4ksi Ahkiomaantiell\u00e4 auton sis\u00e4ll\u00e4 on r\u00e4j\u00e4ytetty ilotulite.<\/p>\n<p class=\"aw-1gybjub aw-1p7kakr kEtdKx cEmitX yle__article__paragraph\">Poliisi tutkii tapauksia vahingontekona.<\/p>\n<p class=\"aw-1gybjub aw-1p7kakr kEtdKx cEmitX yle__article__paragraph\">\u2013 Viel\u00e4 on vaikeaa sanoa, kuinka moneen taksiautoon vahingonteko on kohdistunut tarkalleen. Osa s\u00e4hk\u00f6isist\u00e4 rikosilmoituksista kirjautuu vasta my\u00f6hemmin, rikoskomisario <strong class=\"aw-ak79eh KyCXm yle__article__strong\">Jouni Koivunen<\/strong> Lapin poliisista sanoo.<\/p>\n<p class=\"aw-1gybjub aw-1p7kakr kEtdKx cEmitX yle__article__paragraph\">Vihjeit\u00e4 ja tietoja tapahtuneeseen liittyen voi ilmoitta poliisin puhelinvastaajaan 0295 466 250, Whatsappiin 050 415 5803 tai s\u00e4hk\u00f6postitse vihjeet.lappi@poliisi.fi.<\/p>\n<p class=\"aw-1gybjub aw-1p7kakr kEtdKx cEmitX yle__article__paragraph\">Uutista p\u00e4ivitetty 6.1. kello 14.40. Lis\u00e4tty Jouni Koivusen kommentit.<\/p>\n","protected":false},"excerpt":{"rendered":"Maanantain ja tiistain v\u00e4lisen\u00e4 y\u00f6n\u00e4 useista taksiautoista rikottiin Rovaniemell\u00e4 ikkunoita. Avaa kuvien katselu Kuvituskuva. Kuva: Matias V\u00e4\u00e4n\u00e4nen \/&hellip;\n","protected":false},"author":2,"featured_media":134962,"comment_status":"","ping_status":"","sticky":false,"template":"","format":"standard","meta":{"footnotes":""},"categories":[12],"tags":[22,23,26,27,33,31,30,17,3650,71,667,24,25,28,29,15,4680,18,21,52,1057,32,128,19,20,16,3651],"class_list":{"0":"post-134961","1":"post","2":"type-post","3":"status-publish","4":"format-standard","5":"has-post-thumbnail","7":"category-suomi","8":"tag-breaking-news","9":"tag-breakingnews","10":"tag-featured-news","11":"tag-featurednews","12":"tag-fi","13":"tag-finland","14":"tag-finnish","15":"tag-headlines","16":"tag-ilkivalta","17":"tag-kotimaa","18":"tag-lappi","19":"tag-latest-news","20":"tag-latestnews","21":"tag-main-news","22":"tag-mainnews","23":"tag-news","24":"tag-omaisuusrikokset","25":"tag-otsikot","26":"tag-paauutiset","27":"tag-poliisi","28":"tag-rovaniemi","29":"tag-suomi","30":"tag-tieliikenne","31":"tag-top-stories","32":"tag-topstories","33":"tag-uutiset","34":"tag-vahingonteko"},"share_on_mastodon":{"url":"https:\/\/pubeurope.com\/@fi\/115848271925451818","error":""},"_links":{"self":[{"href":"https:\/\/www.europesays.com\/fi\/wp-json\/wp\/v2\/posts\/134961","targetHints":{"allow":["GET"]}}],"collection":[{"href":"https:\/\/www.europesays.com\/fi\/wp-json\/wp\/v2\/posts"}],"about":[{"href":"https:\/\/www.europesays.com\/fi\/wp-json\/wp\/v2\/types\/post"}],"author":[{"embeddable":true,"href":"https:\/\/www.europesays.com\/fi\/wp-json\/wp\/v2\/users\/2"}],"replies":[{"embeddable":true,"href":"https:\/\/www.europesays.com\/fi\/wp-json\/wp\/v2\/comments?post=134961"}],"version-history":[{"count":0,"href":"https:\/\/www.europesays.com\/fi\/wp-json\/wp\/v2\/posts\/134961\/revisions"}],"wp:featuredmedia":[{"embeddable":true,"href":"https:\/\/www.europesays.com\/fi\/wp-json\/wp\/v2\/media\/134962"}],"wp:attachment":[{"href":"https:\/\/www.europesays.com\/fi\/wp-json\/wp\/v2\/media?parent=134961"}],"wp:term":[{"taxonomy":"category","embeddable":true,"href":"https:\/\/www.europesays.com\/fi\/wp-json\/wp\/v2\/categories?post=134961"},{"taxonomy":"post_tag","embeddable":true,"href":"https:\/\/www.europesays.com\/fi\/wp-json\/wp\/v2\/tags?post=134961"}],"curies":[{"name":"wp","href":"https:\/\/api.w.org\/{rel}","templated":true}]}}