{"id":134990,"date":"2026-01-06T13:47:14","date_gmt":"2026-01-06T13:47:14","guid":{"rendered":"https:\/\/www.europesays.com\/fi\/134990\/"},"modified":"2026-01-06T13:47:14","modified_gmt":"2026-01-06T13:47:14","slug":"rakkaus-ja-kaksi-punaista-viivaa-ovat-syy-sille-etta-niina-ja-tuukka-ovat-elossa-paikalliset","status":"publish","type":"post","link":"https:\/\/www.europesays.com\/fi\/134990\/","title":{"rendered":"Rakkaus ja kaksi punaista viivaa ovat syy sille, ett\u00e4 Niina ja Tuukka ovat elossa | Paikalliset"},"content":{"rendered":"<p>Niina ja Tuukka Salo tapasivat paikassa, josta harvemmin l\u00f6yt\u00e4\u00e4 kumppanin. Katkolla syttynyt kipin\u00e4 ei sammunut, vaikka pari k\u00e4vi yhdess\u00e4 l\u00e4hell\u00e4 kuolemaa.<\/p>\n<p><strong>Niina<\/strong>, 23, ja <strong>Tuukka<\/strong>, 32, <strong>Salo<\/strong> istuvat sohvalla vierekk\u00e4in. Niinan syliss\u00e4 tuhisee pieni, pulleaposkinen tytt\u00f6. Tytt\u00f6 on nimelt\u00e4\u00e4n <strong>Vivian<\/strong>.<\/p>\n<p>Vivian syntyi 17. syyskuuta, mutta muutti pariskunnan el\u00e4m\u00e4n totaalisesti jo ilmoittaessaan itsest\u00e4\u00e4n vuoden alussa.<\/p>\n<p><strong class=\"diks-storyline__impact\">Pieni nyytti<\/strong> on Tuukan ja Niinan rakkaustarinan huipentuma. Vauva on my\u00f6s syy, miksi kumpikin on onnellinen ja elossa. Kun raskaustestiin piirtyi kaksi viivaa, Niina ja Tuukka j\u00e4ttiv\u00e4t p\u00e4ihteet lopullisesti.<\/p>\n<p>\u2013\u2009Olen aina halunnut \u00e4idiksi ja sanonut, ett\u00e4 jos joskus tulee positiivinen raskaustesti niin p\u00e4ihteet j\u00e4\u00e4v\u00e4t siihen. Ja niin ne j\u00e4iv\u00e4t, Niina sanoo.<\/p>\n","protected":false},"excerpt":{"rendered":"Niina ja Tuukka Salo tapasivat paikassa, josta harvemmin l\u00f6yt\u00e4\u00e4 kumppanin. Katkolla syttynyt kipin\u00e4 ei sammunut, vaikka pari k\u00e4vi&hellip;\n","protected":false},"author":2,"featured_media":134991,"comment_status":"","ping_status":"","sticky":false,"template":"","format":"standard","meta":{"footnotes":""},"categories":[76],"tags":[79,77,33,31,30,104,2353,101,964,683,98,32,78,551],"class_list":{"0":"post-134990","1":"post","2":"type-post","3":"status-publish","4":"format-standard","5":"has-post-thumbnail","7":"category-talous","8":"tag-business","9":"tag-economy","10":"tag-fi","11":"tag-finland","12":"tag-finnish","13":"tag-helsinki","14":"tag-hotellit-ja-majoitus","15":"tag-ihmissuhteet","16":"tag-jarvenpaa","17":"tag-kuolema","18":"tag-perhe","19":"tag-suomi","20":"tag-talous","21":"tag-tampere"},"share_on_mastodon":{"url":"https:\/\/pubeurope.com\/@fi\/115848468549533860","error":""},"_links":{"self":[{"href":"https:\/\/www.europesays.com\/fi\/wp-json\/wp\/v2\/posts\/134990","targetHints":{"allow":["GET"]}}],"collection":[{"href":"https:\/\/www.europesays.com\/fi\/wp-json\/wp\/v2\/posts"}],"about":[{"href":"https:\/\/www.europesays.com\/fi\/wp-json\/wp\/v2\/types\/post"}],"author":[{"embeddable":true,"href":"https:\/\/www.europesays.com\/fi\/wp-json\/wp\/v2\/users\/2"}],"replies":[{"embeddable":true,"href":"https:\/\/www.europesays.com\/fi\/wp-json\/wp\/v2\/comments?post=134990"}],"version-history":[{"count":0,"href":"https:\/\/www.europesays.com\/fi\/wp-json\/wp\/v2\/posts\/134990\/revisions"}],"wp:featuredmedia":[{"embeddable":true,"href":"https:\/\/www.europesays.com\/fi\/wp-json\/wp\/v2\/media\/134991"}],"wp:attachment":[{"href":"https:\/\/www.europesays.com\/fi\/wp-json\/wp\/v2\/media?parent=134990"}],"wp:term":[{"taxonomy":"category","embeddable":true,"href":"https:\/\/www.europesays.com\/fi\/wp-json\/wp\/v2\/categories?post=134990"},{"taxonomy":"post_tag","embeddable":true,"href":"https:\/\/www.europesays.com\/fi\/wp-json\/wp\/v2\/tags?post=134990"}],"curies":[{"name":"wp","href":"https:\/\/api.w.org\/{rel}","templated":true}]}}