{"id":135001,"date":"2026-01-06T14:02:08","date_gmt":"2026-01-06T14:02:08","guid":{"rendered":"https:\/\/www.europesays.com\/fi\/135001\/"},"modified":"2026-01-06T14:02:08","modified_gmt":"2026-01-06T14:02:08","slug":"gronlannista-repesi-riita-nyt-arahti-bjork","status":"publish","type":"post","link":"https:\/\/www.europesays.com\/fi\/135001\/","title":{"rendered":"Gr\u00f6nlannista repesi riita \u2013 Nyt \u00e4r\u00e4hti Bj\u00f6rk"},"content":{"rendered":"<p>Islantilaislaulaja haluaa osoittaa tukensa gr\u00f6nlantilaisille.<\/p>\n<p><img decoding=\"async\" class=\"image image-show image-preview\" src=\"https:\/\/www.europesays.com\/fi\/wp-content\/uploads\/2026\/01\/00ec414de400d01ca4c79ac86963dfbefbdef9747db28cf9dbbc3bf1fc5266ff.jpg\" alt=\"\"\/><img decoding=\"async\" class=\"image image-show\" src=\"https:\/\/www.europesays.com\/fi\/wp-content\/uploads\/2026\/01\/1767708128_896_00ec414de400d01ca4c79ac86963dfbefbdef9747db28cf9dbbc3bf1fc5266ff.jpg\" alt=\"\"\/><\/p>\n<p>Bj\u00f6rk tunnetaan persoonallisesta tyylist\u00e4\u00e4n. AOP<\/p>\n<p class=\"paragraph\">Laulaja <a href=\"https:\/\/www.iltalehti.fi\/henkilot\/Bj\u00f6rk\" class=\"article-link-person-page\" rel=\"nofollow noopener\" target=\"_blank\">Bj\u00f6rk<\/a> kannustaa Gr\u00f6nlantia itsen\u00e4istym\u00e4\u00e4n. Bj\u00f6rk julkaisi kirjoituksen Instagram-tilill\u00e4\u00e4n.<\/p>\n<p class=\"paragraph\">Jos p\u00e4ivitys ei n\u00e4y, voit katsoa sen <a href=\"https:\/\/www.instagram.com\/p\/DTIXXwIDQBD\/?img_index=1\" target=\"_blank\" rel=\"noopener nofollow\">t\u00e4st\u00e4<\/a>.<\/p>\n<p class=\"paragraph\">\u2013 Toivon kaikille gr\u00f6nlantilaisille siunausta heid\u00e4n taistelussaan itsen\u00e4isyyden puolesta, laulaja aloittaa kirjoituksensa.<\/p>\n<p class=\"paragraph\">\u2013 Kolonialismi on toistuvasti aiheuttanut kauhunv\u00e4ristyksi\u00e4, ja mahdollisuus, ett\u00e4 gr\u00f6nlantilaiset saattavat siirty\u00e4 yhdelt\u00e4 julmalta kolonialistilta toiselle, on liian julmaa edes kuvitella.<\/p>\n<p class=\"paragraph\">Gr\u00f6nlanti on Tanskan itsehallinnollinen osa. Alueen tulevaisuudesta on noussut huoli, sill\u00e4 Yhdysvaltain presidentti <a href=\"https:\/\/www.iltalehti.fi\/henkilot\/Donald Trump\" class=\"article-link-person-page\" rel=\"nofollow noopener\" target=\"_blank\">Donald Trump<\/a> on moneen kertaan maininnut <a href=\"https:\/\/www.iltalehti.fi\/ulkomaat\/56bb21de-3a90-4e1f-ad95-2e89a0ac8a6b\" rel=\"nofollow noopener\" target=\"_blank\">haluavansa<\/a> Gr\u00f6nlannin osaksi Yhdysvaltoja.<\/p>\n<p class=\"paragraph\">\u2013 Tarvitsemme Gr\u00f6nlannin kansallisen turvallisuuden n\u00e4k\u00f6kulmasta. Se on strategisesti merkitt\u00e4v\u00e4, Trump sanoi hiljattain toimittajille.<\/p>\n<p class=\"paragraph\">Yhdysvallat hy\u00f6kk\u00e4si Venezuelaan 3. tammikuuta, mink\u00e4 vuoksi my\u00f6s Gr\u00f6nlannin kohtalo on taas tapetilla.<\/p>\n<p class=\"paragraph\">Laulaja Bj\u00f6rk haluaa osoittaa my\u00f6t\u00e4tuntonsa gr\u00f6nlantilaisia kohtaan. H\u00e4n nostaa esiin Islannin historian.<\/p>\n<p class=\"paragraph\">\u2013 Islantilaiset ovat \u00e4\u00e4rimm\u00e4isen helpottuneita siit\u00e4, ett\u00e4 he onnistuivat irtautumaan tanskalaisista vuonna 1944. Emme menett\u00e4neet kielt\u00e4mme (muuten lapseni puhuisivat nyt tanskaa).<\/p>\n<p class=\"paragraph\">\u2013 Hyv\u00e4t gr\u00f6nlantilaiset, julistakaa itsen\u00e4isyys! Bj\u00f6rk kehottaa.<\/p>\n<p class=\"paragraph\"><a href=\"https:\/\/www.iltalehti.fi\/ulkomaat\/6d21911a-58ce-49b0-9e7e-9ac25d0f4f1b\" rel=\"nofollow noopener\" target=\"_blank\">SVT<\/a> uutisoi tiistaina, ett\u00e4 Tanskan ulkoasiainvaliokunta on kutsuttu kriisikokoukseen.<\/p>\n<p class=\"paragraph\">Bj\u00f6rk on yksi menestyneimmist\u00e4 islantilaisista laulajista. H\u00e4nen nimikkoalbuminsa ilmestyi vuonna 1977. H\u00e4nen tunnetuimpia kappaleitaan ovat Hyperballad, It\u2019s Oh So Quiet ja Army Of Me. Viime vuonna artisti t\u00e4ytti 60 vuotta.<\/p>\n<p><script async src=\"\/\/www.instagram.com\/embed.js\"><\/script><\/p>\n","protected":false},"excerpt":{"rendered":"Islantilaislaulaja haluaa osoittaa tukensa gr\u00f6nlantilaisille. Bj\u00f6rk tunnetaan persoonallisesta tyylist\u00e4\u00e4n. AOP Laulaja Bj\u00f6rk kannustaa Gr\u00f6nlantia itsen\u00e4istym\u00e4\u00e4n. Bj\u00f6rk julkaisi kirjoituksen&hellip;\n","protected":false},"author":2,"featured_media":135002,"comment_status":"","ping_status":"","sticky":false,"template":"","format":"standard","meta":{"footnotes":""},"categories":[136],"tags":[35,407,137,33,31,30,408,142,637,144,886,32,638,109],"class_list":{"0":"post-135001","1":"post","2":"type-post","3":"status-publish","4":"format-standard","5":"has-post-thumbnail","7":"category-julkkikset","8":"tag-24h","9":"tag-celebrities","10":"tag-entertainment","11":"tag-fi","12":"tag-finland","13":"tag-finnish","14":"tag-julkkikset","15":"tag-poliitikot","16":"tag-politiikka","17":"tag-presidentti","18":"tag-puolueet","19":"tag-suomi","20":"tag-valtiovalta","21":"tag-viihde"},"share_on_mastodon":{"url":"https:\/\/pubeurope.com\/@fi\/115848527430307831","error":""},"_links":{"self":[{"href":"https:\/\/www.europesays.com\/fi\/wp-json\/wp\/v2\/posts\/135001","targetHints":{"allow":["GET"]}}],"collection":[{"href":"https:\/\/www.europesays.com\/fi\/wp-json\/wp\/v2\/posts"}],"about":[{"href":"https:\/\/www.europesays.com\/fi\/wp-json\/wp\/v2\/types\/post"}],"author":[{"embeddable":true,"href":"https:\/\/www.europesays.com\/fi\/wp-json\/wp\/v2\/users\/2"}],"replies":[{"embeddable":true,"href":"https:\/\/www.europesays.com\/fi\/wp-json\/wp\/v2\/comments?post=135001"}],"version-history":[{"count":0,"href":"https:\/\/www.europesays.com\/fi\/wp-json\/wp\/v2\/posts\/135001\/revisions"}],"wp:featuredmedia":[{"embeddable":true,"href":"https:\/\/www.europesays.com\/fi\/wp-json\/wp\/v2\/media\/135002"}],"wp:attachment":[{"href":"https:\/\/www.europesays.com\/fi\/wp-json\/wp\/v2\/media?parent=135001"}],"wp:term":[{"taxonomy":"category","embeddable":true,"href":"https:\/\/www.europesays.com\/fi\/wp-json\/wp\/v2\/categories?post=135001"},{"taxonomy":"post_tag","embeddable":true,"href":"https:\/\/www.europesays.com\/fi\/wp-json\/wp\/v2\/tags?post=135001"}],"curies":[{"name":"wp","href":"https:\/\/api.w.org\/{rel}","templated":true}]}}