{"id":135003,"date":"2026-01-06T14:07:07","date_gmt":"2026-01-06T14:07:07","guid":{"rendered":"https:\/\/www.europesays.com\/fi\/135003\/"},"modified":"2026-01-06T14:07:07","modified_gmt":"2026-01-06T14:07:07","slug":"ohjaajalegenda-bela-tarr-70-on-kuollut-muistetaan-saatanatangosta","status":"publish","type":"post","link":"https:\/\/www.europesays.com\/fi\/135003\/","title":{"rendered":"Ohjaajalegenda B\u00e9la Tarr, 70, on kuollut \u2013\u00a0Muistetaan Saatanatangosta"},"content":{"rendered":"<p>Unkarilainen uutistoimisto <a href=\"https:\/\/mti.hu\/hirek\/2026\/01\/06\/meghalt-tarr-bela\" rel=\"nofollow noopener\" target=\"_blank\">MTI<\/a> uutisoi, ett\u00e4 ohjaaja <strong>B\u00e9la Tarr <\/strong>on kuollut pitk\u00e4\u00e4n jatkuneeseen, vakavaan sairauteen 70-vuotiaana.<\/p>\n<p>Tarr muistetaan erityisesti seitsem\u00e4n tuntia kest\u00e4v\u00e4st\u00e4 Saatanatangosta. H\u00e4nen muita tunnettuja elokuviaan ovat Torinon hevonen ja Vastarinnan melankolia.<\/p>\n<p>Moni Tarrin elokuva perustui tuoreen kirjallisuuden nobelistin <strong>L\u00e1szl\u00f3 Krasznahorkain<\/strong> romaaneihin.<\/p>\n<p><a href=\"https:\/\/www.episodi.fi\/uutiset\/the-wire-tahti-isiah-whitlock-jr-on-kuollut-keksi-sheee-it-lausahduksen-ja-naytteli-spike-leen-leffoissa-ja-mafiaveljissa\/\" rel=\"nofollow noopener\" target=\"_blank\">Lue my\u00f6s: The Wire -t\u00e4hti Isiah Whitlock Jr. on kuollut \u2013\u00a0Keksi \u201dSheee-it\u201d-lausahduksen ja n\u00e4ytteli Spike Leen -leffoissa ja Mafiaveljiss\u00e4<\/a><\/p>\n<p>Lue my\u00f6s: <a href=\"https:\/\/www.episodi.fi\/uutiskirje\/?uutiskirjemainos=tekstilinkkimainos\" title=\"Tilaa Episodin uutiskirje ja voit voittaa leffalippuja! Nappaa tv-vinkit suoraan s\u00e4hk\u00f6postiin t\u00e4st\u00e4.\" class=\"underline-custom !font-montserrat !font-bold !underline-offset-4 !decoration-4 !decoration-episodi-blue !text-md\" rel=\"nofollow noopener\" target=\"_blank\">Tilaa Episodin uutiskirje ja voit voittaa leffalippuja! Nappaa katseluvinkit suoraan s\u00e4hk\u00f6postiin t\u00e4st\u00e4.<\/a><\/p>\n","protected":false},"excerpt":{"rendered":"Unkarilainen uutistoimisto MTI uutisoi, ett\u00e4 ohjaaja B\u00e9la Tarr on kuollut pitk\u00e4\u00e4n jatkuneeseen, vakavaan sairauteen 70-vuotiaana. Tarr muistetaan erityisesti&hellip;\n","protected":false},"author":2,"featured_media":135004,"comment_status":"","ping_status":"","sticky":false,"template":"","format":"standard","meta":{"footnotes":""},"categories":[131],"tags":[155,137,33,173,31,30,6302,4244,172,32,109],"class_list":{"0":"post-135003","1":"post","2":"type-post","3":"status-publish","4":"format-standard","5":"has-post-thumbnail","7":"category-elokuvat","8":"tag-elokuvat","9":"tag-entertainment","10":"tag-fi","11":"tag-film","12":"tag-finland","13":"tag-finnish","14":"tag-ignostot","15":"tag-in-memoriam","16":"tag-movies","17":"tag-suomi","18":"tag-viihde"},"share_on_mastodon":{"url":"https:\/\/pubeurope.com\/@fi\/115848547018968732","error":""},"_links":{"self":[{"href":"https:\/\/www.europesays.com\/fi\/wp-json\/wp\/v2\/posts\/135003","targetHints":{"allow":["GET"]}}],"collection":[{"href":"https:\/\/www.europesays.com\/fi\/wp-json\/wp\/v2\/posts"}],"about":[{"href":"https:\/\/www.europesays.com\/fi\/wp-json\/wp\/v2\/types\/post"}],"author":[{"embeddable":true,"href":"https:\/\/www.europesays.com\/fi\/wp-json\/wp\/v2\/users\/2"}],"replies":[{"embeddable":true,"href":"https:\/\/www.europesays.com\/fi\/wp-json\/wp\/v2\/comments?post=135003"}],"version-history":[{"count":0,"href":"https:\/\/www.europesays.com\/fi\/wp-json\/wp\/v2\/posts\/135003\/revisions"}],"wp:featuredmedia":[{"embeddable":true,"href":"https:\/\/www.europesays.com\/fi\/wp-json\/wp\/v2\/media\/135004"}],"wp:attachment":[{"href":"https:\/\/www.europesays.com\/fi\/wp-json\/wp\/v2\/media?parent=135003"}],"wp:term":[{"taxonomy":"category","embeddable":true,"href":"https:\/\/www.europesays.com\/fi\/wp-json\/wp\/v2\/categories?post=135003"},{"taxonomy":"post_tag","embeddable":true,"href":"https:\/\/www.europesays.com\/fi\/wp-json\/wp\/v2\/tags?post=135003"}],"curies":[{"name":"wp","href":"https:\/\/api.w.org\/{rel}","templated":true}]}}