{"id":135020,"date":"2026-01-06T14:35:08","date_gmt":"2026-01-06T14:35:08","guid":{"rendered":"https:\/\/www.europesays.com\/fi\/135020\/"},"modified":"2026-01-06T14:35:08","modified_gmt":"2026-01-06T14:35:08","slug":"tsekki-valitsi-joukkueet-olympiakiekkoon-mukana-kaksi-pelaajaa-suomen-liigoista-urheilua-lyhyesti","status":"publish","type":"post","link":"https:\/\/www.europesays.com\/fi\/135020\/","title":{"rendered":"T\u0161ekki valitsi joukkueet olympiakiekkoon \u2013 mukana kaksi pelaajaa Suomen liigoista | Urheilua lyhyesti"},"content":{"rendered":"<p class=\"aw-1gybjub aw-5vja16 kEtdKx kmuxyA yle__article__paragraph\">T\u0161ekki on valinnut joukkueensa Milano-Cortinan olympiaj\u00e4\u00e4kiekkoon. Naisten joukkue kohtaa Naisleijonat kolmannessa peliss\u00e4\u00e4n.<\/p>\n<p><img decoding=\"async\" alt=\"Barbora Ju\u0159\u00ed\u010dkov\u00e1 vasemmalla, Ji\u0159\u00ed Tich\u00e1\u010dek oikealla.\" src=\"https:\/\/www.europesays.com\/fi\/wp-content\/uploads\/2026\/01\/39-1577482695d08f4188f4.png\" class=\"aw-1l9m598 hKVVvP\"\/><\/p>\n<p>Avaa kuvien katselu<\/p>\n<p>Barbora Ju\u0159\u00ed\u010dkov\u00e1 ja Ji\u0159\u00ed Tich\u00e1\u010dek valittiin T\u0161ekin olympiajoukkueisiin. Kuva: Tomi H\u00e4nninen\/Chilipictures ja Jussi M\u00e4\u00e4tt\u00e4\/AOP<\/p>\n<p class=\"aw-1gybjub aw-1p7kakr kEtdKx cEmitX yle__article__paragraph\">T\u0161ekki <a class=\"aw-iao6s4 iHOxEa yle__article__link\" href=\"https:\/\/www.ceskyhokej.cz\/novinky\/8452-cesky-hokej-predstavil-nominace-muzske-a-zenske-reprezentace-na-olympijske-hry-2026\" role=\"link\" rel=\"nofollow noopener\" target=\"_blank\">on valinnut<\/a> naisten ja miesten j\u00e4\u00e4kiekkojoukkueensa helmikuun talviolympialaisiin. Sek\u00e4 naisten ett\u00e4 miesten joukkueesta l\u00f6ytyy yksi Suomessa pelaava kiekkoilija. Naisten joukkueeseen valittiin HPK:n hy\u00f6kk\u00e4\u00e4j\u00e4 <strong class=\"aw-ak79eh KyCXm yle__article__strong\">Barbora Ju\u0159\u00ed\u010dkov\u00e1<\/strong> ja miesten joukkueeseen K\u00e4rppien puolustaja <strong class=\"aw-ak79eh KyCXm yle__article__strong\">Ji\u0159\u00ed Tich\u00e1\u010dek<\/strong>.<\/p>\n<p class=\"aw-1gybjub aw-1p7kakr kEtdKx cEmitX yle__article__paragraph\">Muuten toista kertaa olympialaisiin osallistuva T\u0161ekin naisten joukkue koostuu enimm\u00e4kseen PWHL:ss\u00e4, Ruotsissa ja Sveitsiss\u00e4 pelaavista kiekkoilijoista.<\/p>\n<p class=\"aw-1gybjub aw-1p7kakr kEtdKx cEmitX yle__article__paragraph\">P\u00e4\u00e4valmentaja <strong class=\"aw-ak79eh KyCXm yle__article__strong\">Carla MacLeod<\/strong> valitsi joukkueeseensa PWHL:st\u00e4 <strong class=\"aw-ak79eh KyCXm yle__article__strong\">Aneta Tejralov\u00e1n<\/strong> (Seattle Torrent), <strong class=\"aw-ak79eh KyCXm yle__article__strong\">Daniela Pei\u0161ov\u00e1n<\/strong> (Boston Fleet), <strong class=\"aw-ak79eh KyCXm yle__article__strong\">Denisa K\u0159\u00ed\u017eov\u00e1n<\/strong> ja <strong class=\"aw-ak79eh KyCXm yle__article__strong\">Kl\u00e1ra Hyml\u00e1rov\u00e1n<\/strong> (molemmat Minnesota Frost), <strong class=\"aw-ak79eh KyCXm yle__article__strong\">Kate\u0159ina Mr\u00e1zov\u00e1n<\/strong> (Ottawa Charge), <strong class=\"aw-ak79eh KyCXm yle__article__strong\">Nat\u00e1lie Ml\u00fdnkov\u00e1n<\/strong> (Montreal Victoire), <strong class=\"aw-ak79eh KyCXm yle__article__strong\">Tereza Vani\u0161ov\u00e1n<\/strong> (Vancouver Goldeneyes) ja <strong class=\"aw-ak79eh KyCXm yle__article__strong\">Krist\u00fdna Kaltounkov\u00e1n<\/strong> (New York Sirens).<\/p>\n<p class=\"aw-1gybjub aw-1p7kakr kEtdKx cEmitX yle__article__paragraph\">My\u00f6s HIFK:sta tuttu, nykyisin HC Ambri-Piottaa edustava <strong class=\"aw-ak79eh KyCXm yle__article__strong\">Michaela Pejzov\u00e1<\/strong> kuuluu MacLeodin valintoihin.<\/p>\n<p class=\"aw-1gybjub aw-1p7kakr kEtdKx cEmitX yle__article__paragraph\">T\u0161ekin miesten joukkue koostuu enimm\u00e4kseen NHL:ss\u00e4 ja T\u0161ekin liigassa pelaavista kiekkoilijoista. Mukaan mahtui jo nelj\u00e4nsiin olympialaisiinsa l\u00e4htev\u00e4 40-vuotias <strong class=\"aw-ak79eh KyCXm yle__article__strong\">Roman \u010cervenka<\/strong>.<\/p>\n<p class=\"aw-1gybjub aw-1p7kakr kEtdKx cEmitX yle__article__paragraph\">NHL-pelaajista oli jo aiemmin valittu <strong class=\"aw-ak79eh KyCXm yle__article__strong\">David Pastr\u0148\u00e1k<\/strong>, <strong class=\"aw-ak79eh KyCXm yle__article__strong\">Martin Ne\u010das<\/strong>, <strong class=\"aw-ak79eh KyCXm yle__article__strong\">Ond\u0159ej Pal\u00e1t<\/strong>, <strong class=\"aw-ak79eh KyCXm yle__article__strong\">Pavel Zacha<\/strong>, <strong class=\"aw-ak79eh KyCXm yle__article__strong\">Radko Gudas<\/strong> ja <strong class=\"aw-ak79eh KyCXm yle__article__strong\">Luk\u00e1\u0161 Dost\u00e1l<\/strong>. Heid\u00e4n lis\u00e4kseen p\u00e4\u00e4valmentaja <strong class=\"aw-ak79eh KyCXm yle__article__strong\">Radim Rul\u00edk<\/strong> valitsi maalivahdit <strong class=\"aw-ak79eh KyCXm yle__article__strong\">Karel Vejmelkan<\/strong> (Utah Mammoth) ja <strong class=\"aw-ak79eh KyCXm yle__article__strong\">Daniel Vlada\u0159in<\/strong> (Philadelphia Flyers), puolustaja <strong class=\"aw-ak79eh KyCXm yle__article__strong\">Filip Hronekin<\/strong> (Vancouver Canucks) sek\u00e4 hy\u00f6kk\u00e4\u00e4j\u00e4t <strong class=\"aw-ak79eh KyCXm yle__article__strong\">Radek Faksan<\/strong> (Dallas Stars), <strong class=\"aw-ak79eh KyCXm yle__article__strong\">Tom\u00e1\u0161 Hertlin<\/strong> (Vegas Golden Knights) ja <strong class=\"aw-ak79eh KyCXm yle__article__strong\">David K\u00e4mpfin<\/strong> (Vancouver Canucks).<\/p>\n<p class=\"aw-1gybjub aw-1p7kakr kEtdKx cEmitX yle__article__paragraph\">T\u0161ekki ja Suomi eiv\u00e4t pelaa samassa alkulohkossa. T\u0161ekki pelaa A-lohkossa ja Leijonat B-lohkossa.<\/p>\n","protected":false},"excerpt":{"rendered":"T\u0161ekki on valinnut joukkueensa Milano-Cortinan olympiaj\u00e4\u00e4kiekkoon. Naisten joukkue kohtaa Naisleijonat kolmannessa peliss\u00e4\u00e4n. Avaa kuvien katselu Barbora Ju\u0159\u00ed\u010dkov\u00e1 ja&hellip;\n","protected":false},"author":2,"featured_media":135021,"comment_status":"","ping_status":"","sticky":false,"template":"","format":"standard","meta":{"footnotes":""},"categories":[158],"tags":[33,31,30,1143,2133,2135,1146,2776,159,32,13138,160],"class_list":{"0":"post-135020","1":"post","2":"type-post","3":"status-publish","4":"format-standard","5":"has-post-thumbnail","7":"category-urheilu","8":"tag-fi","9":"tag-finland","10":"tag-finnish","11":"tag-jaakiekko","12":"tag-jaakiekkoilijat","13":"tag-jaakiekkopelaajat-miehet","14":"tag-miesten-jaakiekko","15":"tag-olympialaiset","16":"tag-sports","17":"tag-suomi","18":"tag-talviolympialaiset-milano-cortina-2026","19":"tag-urheilu"},"share_on_mastodon":{"url":"https:\/\/pubeurope.com\/@fi\/115848657294870474","error":""},"_links":{"self":[{"href":"https:\/\/www.europesays.com\/fi\/wp-json\/wp\/v2\/posts\/135020","targetHints":{"allow":["GET"]}}],"collection":[{"href":"https:\/\/www.europesays.com\/fi\/wp-json\/wp\/v2\/posts"}],"about":[{"href":"https:\/\/www.europesays.com\/fi\/wp-json\/wp\/v2\/types\/post"}],"author":[{"embeddable":true,"href":"https:\/\/www.europesays.com\/fi\/wp-json\/wp\/v2\/users\/2"}],"replies":[{"embeddable":true,"href":"https:\/\/www.europesays.com\/fi\/wp-json\/wp\/v2\/comments?post=135020"}],"version-history":[{"count":0,"href":"https:\/\/www.europesays.com\/fi\/wp-json\/wp\/v2\/posts\/135020\/revisions"}],"wp:featuredmedia":[{"embeddable":true,"href":"https:\/\/www.europesays.com\/fi\/wp-json\/wp\/v2\/media\/135021"}],"wp:attachment":[{"href":"https:\/\/www.europesays.com\/fi\/wp-json\/wp\/v2\/media?parent=135020"}],"wp:term":[{"taxonomy":"category","embeddable":true,"href":"https:\/\/www.europesays.com\/fi\/wp-json\/wp\/v2\/categories?post=135020"},{"taxonomy":"post_tag","embeddable":true,"href":"https:\/\/www.europesays.com\/fi\/wp-json\/wp\/v2\/tags?post=135020"}],"curies":[{"name":"wp","href":"https:\/\/api.w.org\/{rel}","templated":true}]}}