{"id":135024,"date":"2026-01-06T14:39:11","date_gmt":"2026-01-06T14:39:11","guid":{"rendered":"https:\/\/www.europesays.com\/fi\/135024\/"},"modified":"2026-01-06T14:39:11","modified_gmt":"2026-01-06T14:39:11","slug":"ihmiset-alkoivat-pysaytella-jannea-ratikassa-syntyi-bisnes-700-euron-repuista-jotka-kiinnostavat-ulkomailla-asti-paikalliset","status":"publish","type":"post","link":"https:\/\/www.europesays.com\/fi\/135024\/","title":{"rendered":"Ihmiset alkoivat pys\u00e4ytell\u00e4 Jannea ratikassa \u2013\u2009syntyi bisnes 700 euron repuista, jotka kiinnostavat ulkomailla asti | Paikalliset"},"content":{"rendered":"<p>Vallilan entisess\u00e4 tehdaskiinteist\u00f6ss\u00e4 P\u00e4lk\u00e4neentiell\u00e4 toimiva ylimm\u00e4n kerroksen tila ei ensivilkaisulla n\u00e4yt\u00e4 kaupalta, mutta se on my\u00f6s sit\u00e4.<\/p>\n<p>Seinill\u00e4 on hyllyj\u00e4, joissa on laukkuja. Muuten tila n\u00e4ytt\u00e4\u00e4 toimistolta.<\/p>\n<p>Kyseess\u00e4 on vuonna 2015 perustetun nahkatavaroita, kuten laukkuja, myyv\u00e4n Kasperin studio, jonne asiakkaat voivat tulla my\u00f6s ostamaan luksushintaisia tuotteita.<\/p>\n<p>Kasperilla ei ole yht\u00e4\u00e4n liikett\u00e4 eik\u00e4 j\u00e4lleenmyyji\u00e4. Kaikki tapahtuu verkossa. Suosituimman nahkarepun hinta on yli 700 euroa. Kalleimmasta retkireppupaketista saa maksaa l\u00e4hes 2\u2009200 euroa.<\/p>\n<p><strong class=\"diks-storyline__impact\">Vuonna 2024<\/strong> yrityksen liikevaihto oli 320\u2009000 euroa. Viime vuonna se kasvoi yli 80 prosenttia eli noin 600 0000 euroon<\/p>\n<p>Seuraavan viiden vuoden aikana yrityksen kasvutahdin toivotaan olevan 50 prosenttia aina edellisest\u00e4 vuodesta.<\/p>\n<p><strong class=\"diks-storyline__impact\">Yksi syy<\/strong> helsinkil\u00e4isyrityksen menestykselle on miesten mukaan se, ett\u00e4 asiakkaat ovat valmiita maksamaan niist\u00e4. Uutta ajattelussa on my\u00f6s se, ett\u00e4 alennusmyyntej\u00e4 ei ole.<\/p>\n<p>\u2013\u2009Meid\u00e4n tuotteemme ovat sen arvoisia kuin ne ovat. Se on erilaista ajattelua, kuin mihin on totuttu. Kuluttajat tiet\u00e4v\u00e4t, mit\u00e4 he tarvitsevat, Tervanen sanoo.<\/p>\n<p>Tervanen perustelee alennusmyyntien olemattomuutta sill\u00e4, ett\u00e4 se on asiakkaiden kannalta tasapuolista. Hinta on kaikille aina sama.<\/p>\n<p>Viime viikolla laukun ostanut ei ole joutunut maksamaan siit\u00e4 enemp\u00e4\u00e4 kuin t\u00e4ll\u00e4k\u00e4\u00e4n viikolla ostanut.<\/p>\n<p>Alennusmyynneist\u00e4 tulee kaksikon mukaan yrityksille my\u00f6s taakka. Asiakkaat alkavat odottaa alennuksia.<\/p>\n<p>\t\t<a class=\"diks-gallery__link\" href=\"https:\/\/i.media.fi\/incoming\/s7tepx\/11220790.jpg\/alternates\/FREE_1440\/11220790.jpg\" data-thumbnail=\"\" data-sub-html=\"Janne Suhonen vastaa tuotteiden suunnittelusta ja Michael Tervanen markkinoinnista. Mikko Huisko\" aria-label=\"Katso isompi kuva\" rel=\"nofollow noopener\" target=\"_blank\"><br \/>\n\t\t\t\t<img class=\"diks-figure__image\" src=\"https:\/\/www.europesays.com\/fi\/wp-content\/uploads\/2026\/01\/11220790.jpg\" loading=\"lazy\" decoding=\"sync\" alt=\"\"\/><\/p>\n<p>\t\t\t<\/a><br \/>\n\t\t\t\t\tJanne Suhonen vastaa tuotteiden suunnittelusta ja Michael Tervanen markkinoinnista. Mikko Huisko<\/p>\n<p><strong class=\"diks-storyline__impact\">Toinen<\/strong> <strong class=\"diks-storyline__impact\">syy<\/strong> menestykselle on se, ett\u00e4 tuotteet myyd\u00e4\u00e4n suoraan kuluttajille.<\/p>\n<p>\u2013\u2009Meill\u00e4 ei ole lainkaan j\u00e4lleenmyyji\u00e4. My\u00f6s se on poikkeuksellinen tapa toimia.<\/p>\n<p>\u2013\u2009J\u00e4lleenmyyntimallin isoin haaste on kate. N\u00e4m\u00e4kin laukut maksaisivat 1\u2009200\u20131\u2009300 euroa, Tervanen sanoo 700 euron laukusta.<\/p>\n<p>J\u00e4lleenmyyji\u00e4kin kokeiltiin muun muassa Pariisissa ja Berliiniss\u00e4, mutta niist\u00e4 luovuttiin juuri korkeiksi nousseiden katteiden takia.<\/p>\n<p>\t\t\t\t\t<img class=\"diks-card__image\" src=\"https:\/\/www.europesays.com\/fi\/wp-content\/uploads\/2026\/01\/11194749.jpg\"   loading=\"lazy\" decoding=\"sync\" alt=\"\"\/><\/p>\n<p><strong class=\"diks-storyline__impact\">Vallilan studiolle<\/strong> laukkuja saa tulla sovittamaan ja ostamaankin.<\/p>\n<p>Muualla maailmassa, kuten Saksan K\u00f6lniss\u00e4 ja Amsterdamissa, on erillisi\u00e4 showroomeja, joissa laukkuja voi k\u00e4yd\u00e4 kokeilemassa. Suomessa sellaisia ei ainakaan viel\u00e4 ole.<\/p>\n<p>\u2013\u2009Showroomit ovat hyv\u00e4 tapa luoda asiakkaille kosketuspintaa br\u00e4ndiin, Tervanen sanoo.<\/p>\n<p>\t\t<a class=\"diks-gallery__link\" href=\"https:\/\/i.media.fi\/incoming\/x4w53z\/11220793.jpg\/alternates\/FREE_1440\/11220793.jpg\" data-thumbnail=\"\" data-sub-html=\"Suosituin myyntituote on yli 700 euroa maksava nahkareppu. Mikko Huisko\" aria-label=\"Katso isompi kuva\" rel=\"nofollow noopener\" target=\"_blank\"><br \/>\n\t\t\t\t<img class=\"diks-figure__image\" src=\"https:\/\/www.europesays.com\/fi\/wp-content\/uploads\/2026\/01\/11220793.jpg\" loading=\"lazy\" decoding=\"sync\" alt=\"\"\/><\/p>\n<p>\t\t\t<\/a><br \/>\n\t\t\t\t\tSuosituin myyntituote on yli 700 euroa maksava nahkareppu. Mikko Huisko<\/p>\n<p>\t\t<a class=\"diks-gallery__link\" href=\"https:\/\/i.media.fi\/incoming\/gxpn20\/11220794.jpg\/alternates\/FREE_1440\/11220794.jpg\" data-thumbnail=\"\" data-sub-html=\"Jokainen yksil\u00f6 on numeroitu. Mikko Huisko\" aria-label=\"Katso isompi kuva\" rel=\"nofollow noopener\" target=\"_blank\"><br \/>\n\t\t\t\t<img class=\"diks-figure__image\" src=\"https:\/\/www.europesays.com\/fi\/wp-content\/uploads\/2026\/01\/11220794.jpg\" loading=\"lazy\" decoding=\"sync\" alt=\"\"\/><\/p>\n<p>\t\t\t<\/a><br \/>\n\t\t\t\t\tJokainen yksil\u00f6 on numeroitu. Mikko Huisko<\/p>\n<p><strong class=\"diks-storyline__impact\">Yrityksen myynnist\u00e4<\/strong> valtaosa, noin 70 prosenttia kohdistuu ulkomaille.<\/p>\n<p>\u2013\u2009Melko nopeasti tajusimme, ett\u00e4 ulkomaille pit\u00e4\u00e4 p\u00e4\u00e4st\u00e4. Suomi on melko pieni maa, sanoo yksi nelj\u00e4st\u00e4 omistajasta <strong>Michael Tervanen<\/strong>.<\/p>\n<p>Eniten laukkuja myyd\u00e4\u00e4n Yhdysvaltoihin, sitten Saksaan, Ranskaan, Englantiin, Norjaan ja Sveitsiin, Japaniin, Koreaan ja Taiwaniinkin.<\/p>\n<p>\t\t<a class=\"diks-gallery__link\" href=\"https:\/\/i.media.fi\/incoming\/rmbt2e\/11220789.jpg\/alternates\/FREE_1440\/11220789.jpg\" data-thumbnail=\"\" data-sub-html=\"Kaikki Kasperin tuotteet suunnitellaan laukkujen solkia my\u00f6ten itse. Mikko Huisko\" aria-label=\"Katso isompi kuva\" rel=\"nofollow noopener\" target=\"_blank\"><br \/>\n\t\t\t\t<img class=\"diks-figure__image\" src=\"https:\/\/www.europesays.com\/fi\/wp-content\/uploads\/2026\/01\/11220789.jpg\" loading=\"lazy\" decoding=\"sync\" alt=\"\"\/><\/p>\n<p>\t\t\t<\/a><br \/>\n\t\t\t\t\tKaikki Kasperin tuotteet suunnitellaan laukkujen solkia my\u00f6ten itse. Mikko Huisko<\/p>\n<p><strong class=\"diks-storyline__impact\">Kasperin<\/strong> <strong class=\"diks-storyline__impact\">tarina <\/strong>alkoi Kalliossa asuvan Suhosen k\u00e4ytt\u00e4m\u00e4st\u00e4 vanhasta olkalaukusta, joka hajosi aina samasta kohtaa. Suhonen suivaantui sen jatkuvaan korjaamiseen ja suunnitteli ja teki itselleen oman.<\/p>\n<p>\u2013\u2009Ihmiset alkoivat pys\u00e4ytell\u00e4 sporassa ja kysell\u00e4 repusta, Suhonen muistelee vuotta 2015.<\/p>\n<p>Vuonna 2020 tuotanto l\u00e4hti kunnolla py\u00f6rim\u00e4\u00e4n, kun yhti\u00f6kumppaniksi ryhtynyt Tervanen muutti takaisin Helsinkiin opiskeltuaan K\u00f6\u00f6penhaminassa.<\/p>\n<p>Repun j\u00e4lkeen valikoimaan on tullut muitakin tuotteita.<\/p>\n<p>Kaikki rakentuu kuitenkin laukun ymp\u00e4rille. Ajatus on, ett\u00e4 samaan laukkuun voi laittaa l\u00e4pp\u00e4rin tai l\u00e4hte\u00e4 luontoon ja keitt\u00e4\u00e4 nokipannukahvit.<\/p>\n<p>Reppujen lis\u00e4ksi valikoimaan kuuluu nyky\u00e4\u00e4n olkalaukkuja, nahkahanskoja, lompakoita, puukkoja, kahvipannuja ja takkeja.<\/p>\n<p><strong class=\"diks-storyline__impact\">Yrityksen nimi <\/strong>juontaa juurensa l\u00e4helt\u00e4. Se on Suhosen toinen nimi. Samalla se oli kuulemma my\u00f6s tarpeeksi helppo ja kansainv\u00e4linenkin.<\/p>\n<p>Suhonen edelleen suunnittelee tuotteet, Tervanen vastaa liiketoiminnan kehitt\u00e4misest\u00e4 ja kolmas osakas <strong>Tuomas Autio<\/strong> vastaa viestinn\u00e4st\u00e4 ja showroom-mallista. <strong>Matti Kanninen <\/strong>puolestaan digitaalisesta kehitt\u00e4misest\u00e4.<\/p>\n<p>Lahden muotoiluinstituutin k\u00e4ynyt Suhonen toimi aiemmin valokuvajana ja vastaa Kasperin tuotteiden kuvaamisesta verkkosivuille.<\/p>\n<p>Sivuilla juoksutetaan yrityksen tarinaa ja mielikuvia vahvasti tekstien ja valokuvien kautta: tuotteet ovat pitk\u00e4ik\u00e4isi\u00e4 ja k\u00e4ytt\u00f6\u00e4 kest\u00e4vi\u00e4.<\/p>\n<p>\t\t<a class=\"diks-gallery__link\" href=\"https:\/\/i.media.fi\/incoming\/f7vdxy\/11220795.jpg\/alternates\/FREE_1440\/11220795.jpg\" data-thumbnail=\"\" data-sub-html=\"Vallilassa sijaitsevalla studiolla tuotteet my\u00f6s kuvataan. Mikko Huisko\" aria-label=\"Katso isompi kuva\" rel=\"nofollow noopener\" target=\"_blank\"><br \/>\n\t\t\t\t<img class=\"diks-figure__image\" src=\"https:\/\/www.europesays.com\/fi\/wp-content\/uploads\/2026\/01\/11220795.jpg\" loading=\"lazy\" decoding=\"sync\" alt=\"\"\/><\/p>\n<p>\t\t\t<\/a><br \/>\n\t\t\t\t\tVallilassa sijaitsevalla studiolla tuotteet my\u00f6s kuvataan. Mikko Huisko<\/p>\n<p><strong class=\"diks-storyline__impact\">Yli 700<\/strong> euron reppu on t\u00e4n\u00e4 p\u00e4iv\u00e4n\u00e4 yrityksen myydyin tuote. Se kattaa Tervasen mukaan noin 60 prosenttia kaikesta myynnist\u00e4.<\/p>\n<p>Vaikka hintaa repulla onkin useita satoja euroa, omistajat eiv\u00e4t puhu luksustuotteesta. Tervanen puhuu mieluummin hiljaisesta luksuksesta. Se tarkoittaa h\u00e4nen mukaansa hyv\u00e4laatuista tuotetta, joka on tehty k\u00e4ytett\u00e4v\u00e4ksi.<\/p>\n<p>Luksustuotteet ovat usein ostajilleen sellaisia tuotteita, joita ei juurikaan k\u00e4ytet\u00e4. Niit\u00e4 pidet\u00e4\u00e4n esill\u00e4 kuin koristeita.<\/p>\n<p>T\u00e4n\u00e4 p\u00e4iv\u00e4n\u00e4 yrityksell\u00e4 7\u20139 ty\u00f6ntekij\u00e4\u00e4.<\/p>\n<p>\u2013\u2009Viime vuonna p\u00e4\u00e4simme py\u00f6ritt\u00e4m\u00e4\u00e4n t\u00e4t\u00e4 t\u00e4ysill\u00e4. Se on mahdollistanut kovan kasvun, Tervanen toteaa.<\/p>\n<p><strong class=\"diks-storyline__impact\">Kasperin<\/strong> tehdas sijaitsee H\u00e4meenlinnassa.<\/p>\n<p>Kun tilaus tulee, kaikkia tuotteita ei v\u00e4ltt\u00e4m\u00e4tt\u00e4 ole valmiiksi hyllyss\u00e4, vaan niit\u00e4 saattaa joutua odottamaan viikosta kuukauteen.<\/p>\n<p>T\u00e4n\u00e4<strong class=\"diks-storyline__impact\"> <\/strong>vuonna Kasperi ryhtyi tekem\u00e4\u00e4n nahka-alan koulutusyhteisty\u00f6t\u00e4 H\u00e4meenlinnassa sijaitsevan Tavastian Ammattiopiston kanssa.<\/p>\n<p>Suhonen puhuu kulttuurimuotoilusta, joka on uudenlainen termi alalla. Siin\u00e4 halutaan vaalia erityisen korkealaatuista ja huolellista tekemist\u00e4.<\/p>\n<p>Yrityksen koulutuksessa on t\u00e4n\u00e4 vuonna ollut kolme alan opiskelijaa. Ensi vuonna sama m\u00e4\u00e4r\u00e4.<\/p>\n<p>\u2013\u2009Tavoitteena on, ett\u00e4 voisimme my\u00f6hemmin jatkaa koulutusta itse pidemm\u00e4lle, Suhonen sanoo.<\/p>\n<p>Yhteisty\u00f6t\u00e4 on tehty my\u00f6s ranskalaisten nahka-alan osaajien kanssa. Siell\u00e4 nahkalaukkujen tekeminen osataan kuulemma erityisen hyvin.<\/p>\n<p>Tuotteilla on sadan p\u00e4iv\u00e4n tyytyv\u00e4isyystakuu.<\/p>\n<p>\u2013\u2009Meid\u00e4n tuote erottuu muista my\u00f6s niin, ett\u00e4 kaiken voi korjata. Meill\u00e4 tai suutarilla, Tervanen sanoo.<\/p>\n<p>Yhden laukun k\u00e4ytt\u00f6ik\u00e4 on arviolta ainakin 50 vuotta. Yrityksess\u00e4 ajatellaan, ett\u00e4 kun tuote on hyvin tehty, se vain paranee k\u00e4yt\u00f6ss\u00e4. Koska tuotteet ovat kalliita, ostoksia pidet\u00e4\u00e4n investointina. Moni s\u00e4\u00e4st\u00e4\u00e4 rahaa ostaakseen tuotteen.<\/p>\n<p>Kasperin<strong class=\"diks-storyline__impact\"> <\/strong>toimintaperiaate on v\u00e4ltt\u00e4\u00e4 kertak\u00e4ytt\u00f6kulttuuria.<\/p>\n<p>\u2013\u2009Meid\u00e4n mottomme on, ett\u00e4 kun kerran tehd\u00e4\u00e4n, tehd\u00e4\u00e4n sitten kunnolla, toteaa Suhonen ja huomauttaa, ettei halua syyllist\u00e4\u00e4 edullisten verkkokauppojen ostajia.<\/p>\n<p>\t\t<a class=\"diks-gallery__link\" href=\"https:\/\/i.media.fi\/incoming\/kueuvg\/11220797.jpg\/alternates\/FREE_1440\/11220797.jpg\" data-thumbnail=\"\" data-sub-html=\"Nahkalaukkujen lis\u00e4ksi tuotevalikoimaan kuuluu muun muassa kahvipannu. Mikko Huisko\" aria-label=\"Katso isompi kuva\" rel=\"nofollow noopener\" target=\"_blank\"><br \/>\n\t\t\t\t<img class=\"diks-figure__image\" src=\"https:\/\/www.europesays.com\/fi\/wp-content\/uploads\/2026\/01\/11220797.jpg\" loading=\"lazy\" decoding=\"sync\" alt=\"\"\/><\/p>\n<p>\t\t\t<\/a><br \/>\n\t\t\t\t\tNahkalaukkujen lis\u00e4ksi tuotevalikoimaan kuuluu muun muassa kahvipannu. Mikko Huisko<\/p>\n<p><strong class=\"diks-storyline__impact\">Viime vuonna<\/strong> yritys joutui uudenlaisen ongelman eteen. Er\u00e4\u00e4n teko\u00e4lyhuijauksen tultua ilmi my\u00f6s Kasperi alkoi saada per\u00e4tt\u00f6mi\u00e4 syyt\u00f6ksi\u00e4 ja kyselyit\u00e4.<\/p>\n<p>Yhteydenottajat alkoivat ep\u00e4ill\u00e4, onko yritys huijausta ja teko\u00e4lyn tuotosta.<\/p>\n<p>\u2013\u2009Meid\u00e4nkin verkkomainoksiin alkoi tulla t\u00e4llaisia kommentteja. Monet kysyiv\u00e4t, olemmeko huomanneet t\u00e4llaista, Tervanen sanoo ja kiittelee my\u00f6s asiakkaita, jotka alkoivat omilla kommenteillaan puolustamaan yrityksen aitoutta.<\/p>\n<p>Sosiaalisen median algoritmit toimivat niin, ett\u00e4 ne tunnistavat nopeasti, mist\u00e4 k\u00e4ytt\u00e4j\u00e4t ovat kiinnostuneita.<\/p>\n<p>Jos k\u00e4ytt\u00e4j\u00e4 vierailee vaikkapa nahkalaukkuja myyv\u00e4n yrityksen sivulla, on todenn\u00e4k\u00f6ist\u00e4, ett\u00e4 algoritmit alkavat sy\u00f6tt\u00e4\u00e4 vastaavanlaisia linkkej\u00e4, olivat ne sitten huijauksia tai eiv\u00e4t. Sama tapahtuu p\u00e4invastoin.<\/p>\n<p>\u2013 T\u00e4m\u00e4 on vaikea asia sek\u00e4 meille ett\u00e4 kuluttajille, Tervanen jatkaa.<\/p>\n<p>T\u00e4llaiseen verkkomyyj\u00e4t saavat t\u00e4n\u00e4 p\u00e4iv\u00e4n\u00e4 tottua.<\/p>\n<p>\u2013\u2009Verkkokauppa on meille mahdollisuus, mutta sitten tulee my\u00f6s t\u00e4llaista. Ainahan hujauksia on ollut. Viiden vuoden kuluttua on sitten taas joku muu juttu, Suhonen sanoo.<\/p>\n<p>\t\t<a class=\"diks-gallery__link\" href=\"https:\/\/i.media.fi\/incoming\/ad8pn4\/11220785.jpg\/alternates\/FREE_1440\/11220785.jpg\" data-thumbnail=\"\" data-sub-html=\"Michael Tervanen kiittelee Kasperin asiakkaita yrityksen jouduttua kuukausia sitten huijausep\u00e4ilyjen kohteeksi. \u2013\u2009Onneksi meid\u00e4n asiakkaamme puolustivat meit\u00e4 kommenteissa. Mikko Huisko\" aria-label=\"Katso isompi kuva\" rel=\"nofollow noopener\" target=\"_blank\"><br \/>\n\t\t\t\t<img class=\"diks-figure__image\" src=\"https:\/\/www.europesays.com\/fi\/wp-content\/uploads\/2026\/01\/11220785.jpg\" loading=\"lazy\" decoding=\"sync\" alt=\"\"\/><\/p>\n<p>\t\t\t<\/a><br \/>\n\t\t\t\t\tMichael Tervanen kiittelee Kasperin asiakkaita yrityksen jouduttua kuukausia sitten huijausep\u00e4ilyjen kohteeksi. \u2013\u2009Onneksi meid\u00e4n asiakkaamme puolustivat meit\u00e4 kommenteissa. Mikko Huisko<\/p>\n<p><strong class=\"diks-storyline__impact\">Laukkuja myyd\u00e4\u00e4n<\/strong> noin 800\u2013900 vuodessa. Jokainen laukku numeroidaan. Esimerkiksi 700 euron suosikkilaukkuja on myyty jo reilut 1 600 kappaletta. Studion penkill\u00e4 n\u00f6k\u00f6tt\u00e4\u00e4 laukku, jonka sis\u00e4ll\u00e4 on numerosarja 691.<\/p>\n<p>Tervanen kertoo, ett\u00e4 ostajat ottavat usein my\u00f6s yhteytt\u00e4 ja kertovat, minne p\u00e4in maailmaa laukku on p\u00e4\u00e4tynyt.<\/p>\n<p>\u2013\u2009Laukut ovat niin uniikkeja, ett\u00e4 se on tekij\u00e4llekin kiva saada laukusta palautetta. Numerosarjasta tiet\u00e4\u00e4 heti, kuka sen on valmistanut.<\/p>\n<p>\t\t\t\t\t<img class=\"diks-card__image\" src=\"https:\/\/www.europesays.com\/fi\/wp-content\/uploads\/2026\/01\/10419438.jpg\"   loading=\"lazy\" decoding=\"sync\" alt=\"\"\/><\/p>\n","protected":false},"excerpt":{"rendered":"Vallilan entisess\u00e4 tehdaskiinteist\u00f6ss\u00e4 P\u00e4lk\u00e4neentiell\u00e4 toimiva ylimm\u00e4n kerroksen tila ei ensivilkaisulla n\u00e4yt\u00e4 kaupalta, mutta se on my\u00f6s sit\u00e4. Seinill\u00e4&hellip;\n","protected":false},"author":2,"featured_media":135025,"comment_status":"","ping_status":"","sticky":false,"template":"","format":"standard","meta":{"footnotes":""},"categories":[76],"tags":[79,77,33,31,30,104,2349,32,78,8745],"class_list":{"0":"post-135024","1":"post","2":"type-post","3":"status-publish","4":"format-standard","5":"has-post-thumbnail","7":"category-talous","8":"tag-business","9":"tag-economy","10":"tag-fi","11":"tag-finland","12":"tag-finnish","13":"tag-helsinki","14":"tag-myynti","15":"tag-suomi","16":"tag-talous","17":"tag-vallila"},"share_on_mastodon":{"url":"https:\/\/pubeurope.com\/@fi\/115848673056934464","error":""},"_links":{"self":[{"href":"https:\/\/www.europesays.com\/fi\/wp-json\/wp\/v2\/posts\/135024","targetHints":{"allow":["GET"]}}],"collection":[{"href":"https:\/\/www.europesays.com\/fi\/wp-json\/wp\/v2\/posts"}],"about":[{"href":"https:\/\/www.europesays.com\/fi\/wp-json\/wp\/v2\/types\/post"}],"author":[{"embeddable":true,"href":"https:\/\/www.europesays.com\/fi\/wp-json\/wp\/v2\/users\/2"}],"replies":[{"embeddable":true,"href":"https:\/\/www.europesays.com\/fi\/wp-json\/wp\/v2\/comments?post=135024"}],"version-history":[{"count":0,"href":"https:\/\/www.europesays.com\/fi\/wp-json\/wp\/v2\/posts\/135024\/revisions"}],"wp:featuredmedia":[{"embeddable":true,"href":"https:\/\/www.europesays.com\/fi\/wp-json\/wp\/v2\/media\/135025"}],"wp:attachment":[{"href":"https:\/\/www.europesays.com\/fi\/wp-json\/wp\/v2\/media?parent=135024"}],"wp:term":[{"taxonomy":"category","embeddable":true,"href":"https:\/\/www.europesays.com\/fi\/wp-json\/wp\/v2\/categories?post=135024"},{"taxonomy":"post_tag","embeddable":true,"href":"https:\/\/www.europesays.com\/fi\/wp-json\/wp\/v2\/tags?post=135024"}],"curies":[{"name":"wp","href":"https:\/\/api.w.org\/{rel}","templated":true}]}}