{"id":135026,"date":"2026-01-06T14:40:07","date_gmt":"2026-01-06T14:40:07","guid":{"rendered":"https:\/\/www.europesays.com\/fi\/135026\/"},"modified":"2026-01-06T14:40:07","modified_gmt":"2026-01-06T14:40:07","slug":"oppositiojohtaja-machado-lupaa-palata-venezuelaan-ja-haluaa-vaalit-uutisia-lyhyesti","status":"publish","type":"post","link":"https:\/\/www.europesays.com\/fi\/135026\/","title":{"rendered":"Oppositio\u00adjohtaja Machado lupaa palata Venezuelaan ja haluaa vaalit | Uutisia lyhyesti"},"content":{"rendered":"<p class=\"aw-1gybjub aw-5vja16 kEtdKx kmuxyA yle__article__paragraph\">Machado ei kertonut tarkempaa paluu\u00adsuunnitelmaansa, eik\u00e4 sijaintiaan.<\/p>\n<p><img decoding=\"async\" alt=\"Maria Corina Machado hymyilee ja pitelee k\u00e4si\u00e4\u00e4n.\" src=\"https:\/\/www.europesays.com\/fi\/wp-content\/uploads\/2026\/01\/39-1567770693a31c9dfdea.jpeg\" class=\"aw-1l9m598 hKVVvP\"\/><\/p>\n<p>Avaa kuvien katselu<\/p>\n<p>Maria Corina Machado kiitt\u00e4\u00e4 Trumpia Maduron syrj\u00e4ytt\u00e4misest\u00e4. Machado kuvattiin Norjassa joulukuussa 2025. Kuva: Jonas Been Henriksen \/ EPA<\/p>\n<p class=\"aw-1gybjub aw-1p7kakr kEtdKx cEmitX yle__article__paragraph\">Venezuelan p\u00e4\u00e4oppositiojohtaja <strong class=\"aw-ak79eh KyCXm yle__article__strong\">Maria Corina Machado<\/strong> lupaa palata nopeasti kotimaahansa.<\/p>\n<p class=\"aw-1gybjub aw-1p7kakr kEtdKx cEmitX yle__article__paragraph\">H\u00e4n kiitt\u00e4\u00e4 Yhdysvaltain presidentti <strong class=\"aw-ak79eh KyCXm yle__article__strong\">Donald Trumpia<\/strong> Maduron syrj\u00e4ytt\u00e4misest\u00e4 ja sanoo, ett\u00e4 h\u00e4nen liikkeens\u00e4 on valmis voittamaan vapaat vaalit.<\/p>\n<p class=\"aw-1gybjub aw-1p7kakr kEtdKx cEmitX yle__article__paragraph\">Trump on kuitenkin toistaiseksi tehnyt yhteisty\u00f6t\u00e4 Maduron hallinnon v\u00e4liaikaisen presidentin <strong class=\"aw-ak79eh KyCXm yle__article__strong\">Delcy Rodriguezin<\/strong> kanssa..<\/p>\n<p class=\"aw-1gybjub aw-1p7kakr kEtdKx cEmitX yle__article__paragraph\">Machado pakeni Venezuelasta valepuvussa lokakuussa vastaanottaakseen Nobelin rauhanpalkinnon, jonka h\u00e4n omisti Trumpille.<\/p>\n<p class=\"aw-1gybjub aw-1p7kakr kEtdKx cEmitX yle__article__paragraph\">\u2013 Uskomme, ett\u00e4 t\u00e4m\u00e4 siirtym\u00e4 on viet\u00e4v\u00e4 eteenp\u00e4in. Voitimme vaalit ylivoimaisesti vilpillisiss\u00e4 olosuhteissa. Vapaissa ja rehellisiss\u00e4 vaaleissa voitamme yli 90 prosenttia \u00e4\u00e4nist\u00e4, Machado sanoi Fox Newsin haastattelussa.<\/p>\n<p class=\"aw-1gybjub aw-1p7kakr kEtdKx cEmitX yle__article__paragraph\">Machado ei kertonut tarkempaa paluusuunnitelmaansa, eik\u00e4 sijaintiaan. H\u00e4n on Venezuelassa etsint\u00e4kuulutettu, ja Maduron sosialistisen puolueen kannattajat ovat yh\u00e4 vallassa.<\/p>\n<p class=\"aw-1gybjub aw-1p7kakr kEtdKx cEmitX yle__article__paragraph\">L\u00e4hde: Reuters<\/p>\n","protected":false},"excerpt":{"rendered":"Machado ei kertonut tarkempaa paluu\u00adsuunnitelmaansa, eik\u00e4 sijaintiaan. Avaa kuvien katselu Maria Corina Machado kiitt\u00e4\u00e4 Trumpia Maduron syrj\u00e4ytt\u00e4misest\u00e4. Machado&hellip;\n","protected":false},"author":2,"featured_media":135027,"comment_status":"","ping_status":"","sticky":false,"template":"","format":"standard","meta":{"footnotes":""},"categories":[14],"tags":[22,23,26,27,33,31,30,17,4258,24,25,28,29,15,18,21,32,19,20,56,16,2196,7605,59,60,61],"class_list":{"0":"post-135026","1":"post","2":"type-post","3":"status-publish","4":"format-standard","5":"has-post-thumbnail","7":"category-ulkomaat","8":"tag-breaking-news","9":"tag-breakingnews","10":"tag-featured-news","11":"tag-featurednews","12":"tag-fi","13":"tag-finland","14":"tag-finnish","15":"tag-headlines","16":"tag-konfliktit","17":"tag-latest-news","18":"tag-latestnews","19":"tag-main-news","20":"tag-mainnews","21":"tag-news","22":"tag-otsikot","23":"tag-paauutiset","24":"tag-suomi","25":"tag-top-stories","26":"tag-topstories","27":"tag-ulkomaat","28":"tag-uutiset","29":"tag-vaalit","30":"tag-venezuela","31":"tag-world","32":"tag-world-news","33":"tag-worldnews"},"share_on_mastodon":{"url":"https:\/\/pubeurope.com\/@fi\/115848676837084244","error":""},"_links":{"self":[{"href":"https:\/\/www.europesays.com\/fi\/wp-json\/wp\/v2\/posts\/135026","targetHints":{"allow":["GET"]}}],"collection":[{"href":"https:\/\/www.europesays.com\/fi\/wp-json\/wp\/v2\/posts"}],"about":[{"href":"https:\/\/www.europesays.com\/fi\/wp-json\/wp\/v2\/types\/post"}],"author":[{"embeddable":true,"href":"https:\/\/www.europesays.com\/fi\/wp-json\/wp\/v2\/users\/2"}],"replies":[{"embeddable":true,"href":"https:\/\/www.europesays.com\/fi\/wp-json\/wp\/v2\/comments?post=135026"}],"version-history":[{"count":0,"href":"https:\/\/www.europesays.com\/fi\/wp-json\/wp\/v2\/posts\/135026\/revisions"}],"wp:featuredmedia":[{"embeddable":true,"href":"https:\/\/www.europesays.com\/fi\/wp-json\/wp\/v2\/media\/135027"}],"wp:attachment":[{"href":"https:\/\/www.europesays.com\/fi\/wp-json\/wp\/v2\/media?parent=135026"}],"wp:term":[{"taxonomy":"category","embeddable":true,"href":"https:\/\/www.europesays.com\/fi\/wp-json\/wp\/v2\/categories?post=135026"},{"taxonomy":"post_tag","embeddable":true,"href":"https:\/\/www.europesays.com\/fi\/wp-json\/wp\/v2\/tags?post=135026"}],"curies":[{"name":"wp","href":"https:\/\/api.w.org\/{rel}","templated":true}]}}