{"id":135052,"date":"2026-01-06T15:28:07","date_gmt":"2026-01-06T15:28:07","guid":{"rendered":"https:\/\/www.europesays.com\/fi\/135052\/"},"modified":"2026-01-06T15:28:07","modified_gmt":"2026-01-06T15:28:07","slug":"kansanedustaja-antti-kaikkonen-kohtasi-yllattavan-nayn-petoelain-pihamaalla","status":"publish","type":"post","link":"https:\/\/www.europesays.com\/fi\/135052\/","title":{"rendered":"Kansanedustaja Antti Kaikkonen kohtasi yll\u00e4tt\u00e4v\u00e4n n\u00e4yn: Petoel\u00e4in pihamaalla"},"content":{"rendered":"<p>            Timo Korhonen\n        <\/p>\n<p class=\"subtitle \">Sipoolaistunut Antti kohtasi Suomen luonnon ihmeit\u00e4 omalla pihallaan.<\/p>\n<p class=\"article-content article-content-width !bg-background\">Kansanedustaja , 51, on ollut virallisesti sipoolainen reilun kahden vuoden verran.\u00a0<\/p>\n<p class=\"article-content article-content-width !bg-background\">Aiemmin Tuusulassa asunut Antti muutti vaimonsa  ja pariskunnan kahden pojan kanssa Sipooseen syksyll\u00e4 2023. Perhe rakennutti Fridebo-nimiselle tontille hulppean omakotitalon. <a href=\"https:\/\/www.seiska.fi\/vain-seiskassa\/antti-kaikkosen-ja-jannika-rakkaan-okytalo-valmistui-kuvat\/1640466\" target=\"_blank\" rel=\"nofollow noopener\">Pytinki valmistui vihdoin viime kev\u00e4\u00e4n\u00e4<\/a>.\u00a0<\/p>\n<p>Maaseutu Helsingin kupeessa<\/p>\n<p class=\"article-content article-content-width !bg-background\">Antti on kertonut aiemmin <a href=\"https:\/\/www.sipoonsanomat.fi\/paikalliset\/4530440\" target=\"_blank\" rel=\"nofollow noopener\">Sipoon Sanomille<\/a>, ett\u00e4 muuttop\u00e4\u00e4t\u00f6s kypsyi entisen asuintalon j\u00e4\u00e4ty\u00e4 perheelle pieneksi.\u00a0<\/p>\n<p>                <img decoding=\"async\" src=\"https:\/\/www.europesays.com\/fi\/wp-content\/uploads\/2026\/01\/2038036.webp.jpeg\" width=\"576\" height=\"322\" alt=\"Antin \u00f6kytalolta l\u00f6ytyy kokoa! Pihamaan mukavuuksiin kuuluu muun muassa palju.\" loading=\"lazy\" \/>            <\/p>\n<p>\n            Antin \u00f6kytalolta l\u00f6ytyy kokoa! Pihamaan mukavuuksiin kuuluu muun muassa palju.<br \/>\n            panu h\u00f6rkk\u00f6\n        <\/p>\n<p class=\"article-content article-content-width !bg-background\">Nykyinen puinen koti sijaitsee kukkulan laella, 8200 neli\u00f6n tontilla. Asuinneli\u00f6it\u00e4 l\u00f6ytyy 269, joten ahtautta ei tarvinne ihan pian pel\u00e4t\u00e4.<\/p>\n<p>        <a itemprop=\"url\" href=\"https:\/\/www.seiska.fi\/kotimaa\/satu-taiveaho-yllatyskihlat\/1995992\" rel=\"nofollow noopener\" target=\"_blank\"><\/p>\n<p>\nSatu Taiveaho\n<\/p>\n<p class=\"section-date\">\n        <strong class=\"article-section\" data-section=\"kotimaa\"><br \/>\n            kotimaa<br \/>\n        <\/strong><br \/>\n        18.11.2025 17:00\n    <\/p>\n<p>Satu Taiveaho: Yll\u00e4tyskihlat!\n    <\/p>\n<p itemprop=\"description\" class=\"subtitle \">\n    Satu erosi kaikessa hiljaisuudessa Tatu-kullastaan ja l\u00f6ysi el\u00e4m\u00e4\u00e4ns\u00e4 Villen.\n<\/p>\n<p>        <\/a><\/p>\n<p class=\"article-content article-content-width !bg-background\">Uudellamaalla sijaitseva Sipoo on melko v\u00e4lj\u00e4\u00e4n asuttua aluetta. Luonto on my\u00f6s eritavalla l\u00e4hell\u00e4 kuin esimerkiksi huomattavasti kaupunkimaisemmassa vieruskunnassa Helsingiss\u00e4.<\/p>\n<p>Villiel\u00e4in kotipihalla<\/p>\n<p class=\"article-content article-content-width !bg-background\">Luonto tuli hiljattain poikkeuksellisen l\u00e4helle my\u00f6s Kaikkosten residenssi\u00e4, Antti paljastaa tuoreessa Instagram-julkaisussaan (5.1.).<\/p>\n<p class=\"article-content article-content-width !bg-background\">Keskustak\u00f6nsik\u00e4s jakoi seuraajilleen kaksi kuvaa lumihangesta. Nietosten p\u00e4\u00e4ll\u00e4 n\u00e4kyy suurehkoja tassunj\u00e4lki\u00e4.<\/p>\n<p class=\"article-content article-content-width !bg-background\">\u2013\u00a0Joku isohko mets\u00e4nel\u00e4in tassutellut y\u00f6ll\u00e4 pihan poikki, Antti kertoo julkaisussa.\u00a0<\/p>\n<p>        <a itemprop=\"url\" href=\"https:\/\/www.seiska.fi\/kotimaa\/antti-kaikkonen-sai-yllattavaa-postia\/1958137\" rel=\"nofollow noopener\" target=\"_blank\"><\/p>\n<p>\nOho!\n<\/p>\n<p class=\"section-date\">\n        <strong class=\"article-section\" data-section=\"kotimaa\"><br \/>\n            kotimaa<br \/>\n        <\/strong><br \/>\n        12.10.2025 17:30\n    <\/p>\n<p>Antti Kaikkonen sai yll\u00e4tt\u00e4v\u00e4\u00e4 postia\n    <\/p>\n<p itemprop=\"description\" class=\"subtitle \">\n    Kansanedustaja Antti Kaikkonen julkaisi kuvan saamastaan kansalaispalautteesta.\n<\/p>\n<p>        <\/a><\/p>\n<p class=\"article-content article-content-width !bg-background\">\u2013\u00a0Koon ja j\u00e4ljen perusteella&#8230; hmm&#8230; olisiko ilves? h\u00e4n pohtii someseuraajiensa mielipidett\u00e4 kysyen..<\/p>\n<p>Samanmielinen some<\/p>\n<p class=\"article-content article-content-width !bg-background\">Tiet\u00e4j\u00e4t ja arvuuttelijat ovat l\u00f6yt\u00e4neet tiens\u00e4 nopeasti julkaisun kommenttiosioon. Somekansa on Kanki-Kaikkosenakin tunnetun Antin kanssa samoilla linjoilla.\u00a0<\/p>\n<p class=\"article-content article-content-width !bg-background\">\u2013\u00a0Silt\u00e4 vaikuttaisi! Kynnen j\u00e4lke\u00e4 ei n\u00e4y kuten kissael\u00e4imille kuuluu, er\u00e4s kommentoijista sivist\u00e4\u00e4.<\/p>\n<p class=\"italic m-italic article-content article-content-width !bg-background\">Jos upotus ei toimi, <a href=\"https:\/\/www.instagram.com\/p\/DTIF24NDPwi\/?img_index=1\" target=\"_blank\" rel=\"nofollow noopener\">kuvan tassunj\u00e4ljist\u00e4 n\u00e4et t\u00e4\u00e4lt\u00e4<\/a>.<\/p>\n<p><script async src=\"\/\/www.instagram.com\/embed.js\"><\/script><\/p>\n","protected":false},"excerpt":{"rendered":"Timo Korhonen Sipoolaistunut Antti kohtasi Suomen luonnon ihmeit\u00e4 omalla pihallaan. Kansanedustaja , 51, on ollut virallisesti sipoolainen reilun&hellip;\n","protected":false},"author":2,"featured_media":135053,"comment_status":"","ping_status":"","sticky":false,"template":"","format":"standard","meta":{"footnotes":""},"categories":[130],"tags":[13698,137,33,31,30,8209,23664,72,23663,10005,23665,637,2293,32,109],"class_list":{"0":"post-135052","1":"post","2":"type-post","3":"status-publish","4":"format-standard","5":"has-post-thumbnail","7":"category-viihde","8":"tag-antti-kaikkonen","9":"tag-entertainment","10":"tag-fi","11":"tag-finland","12":"tag-finnish","13":"tag-ilves","14":"tag-jannika","15":"tag-luonto","16":"tag-okytalo","17":"tag-omakotitalo","18":"tag-petoelain","19":"tag-politiikka","20":"tag-sipoo","21":"tag-suomi","22":"tag-viihde"},"share_on_mastodon":{"url":"https:\/\/pubeurope.com\/@fi\/115848865540839030","error":""},"_links":{"self":[{"href":"https:\/\/www.europesays.com\/fi\/wp-json\/wp\/v2\/posts\/135052","targetHints":{"allow":["GET"]}}],"collection":[{"href":"https:\/\/www.europesays.com\/fi\/wp-json\/wp\/v2\/posts"}],"about":[{"href":"https:\/\/www.europesays.com\/fi\/wp-json\/wp\/v2\/types\/post"}],"author":[{"embeddable":true,"href":"https:\/\/www.europesays.com\/fi\/wp-json\/wp\/v2\/users\/2"}],"replies":[{"embeddable":true,"href":"https:\/\/www.europesays.com\/fi\/wp-json\/wp\/v2\/comments?post=135052"}],"version-history":[{"count":0,"href":"https:\/\/www.europesays.com\/fi\/wp-json\/wp\/v2\/posts\/135052\/revisions"}],"wp:featuredmedia":[{"embeddable":true,"href":"https:\/\/www.europesays.com\/fi\/wp-json\/wp\/v2\/media\/135053"}],"wp:attachment":[{"href":"https:\/\/www.europesays.com\/fi\/wp-json\/wp\/v2\/media?parent=135052"}],"wp:term":[{"taxonomy":"category","embeddable":true,"href":"https:\/\/www.europesays.com\/fi\/wp-json\/wp\/v2\/categories?post=135052"},{"taxonomy":"post_tag","embeddable":true,"href":"https:\/\/www.europesays.com\/fi\/wp-json\/wp\/v2\/tags?post=135052"}],"curies":[{"name":"wp","href":"https:\/\/api.w.org\/{rel}","templated":true}]}}