{"id":135057,"date":"2026-01-06T15:33:09","date_gmt":"2026-01-06T15:33:09","guid":{"rendered":"https:\/\/www.europesays.com\/fi\/135057\/"},"modified":"2026-01-06T15:33:09","modified_gmt":"2026-01-06T15:33:09","slug":"hyydepatoja-on-rajaytelty-monin-paikoin-pohjois-savossa-loppuviikon-saaennuste-ei-lupaa-helpotusta-pohjois-savo","status":"publish","type":"post","link":"https:\/\/www.europesays.com\/fi\/135057\/","title":{"rendered":"Hyydepatoja on r\u00e4j\u00e4ytelty monin paikoin Pohjois-Savossa \u2013 loppuviikon s\u00e4\u00e4ennuste ei lupaa helpotusta | Pohjois-Savo"},"content":{"rendered":"<p class=\"aw-1gybjub aw-5vja16 kEtdKx kmuxyA yle__article__paragraph\">Pakkasen synnytt\u00e4m\u00e4t hyydepadot ovat pit\u00e4neet pelastus\u00adlaitoksen kiireisen\u00e4 monin paikoin Pohjois-Savossa.<\/p>\n<p><img decoding=\"async\" alt=\"Kolme miest\u00e4 purkaa hyydepatoa joessa.\" src=\"https:\/\/www.europesays.com\/fi\/wp-content\/uploads\/2026\/01\/39-1577472695cffef21e8d.jpeg\" class=\"aw-1l9m598 hKVVvP\"\/><\/p>\n<p>Avaa kuvien katselu<\/p>\n<p>Pielavedell\u00e4 Lampaanjoen hyydepatoa purettiin yhteens\u00e4 kuuden pelastajan voimin. Kuva: Teemu Tenhunen \/ Pohjois-Savon pelastuslaitos.<\/p>\n<p class=\"aw-1gybjub aw-1p7kakr kEtdKx cEmitX yle__article__paragraph\">Pelastuslaitos on jatkanut hyydepatojen purkamista Yl\u00e4-Savossa. Kohonnut vesi uhkaa monia m\u00f6kkirakennuksia ja laitureita.<\/p>\n<p class=\"aw-1gybjub aw-1p7kakr kEtdKx cEmitX yle__article__paragraph\">Loppiaisena patojen r\u00e4j\u00e4ytt\u00e4mist\u00e4 tapahtui Vierem\u00e4n P\u00e4rekoskella, Kiuruveden Luupujoella ja Sonkaj\u00e4rven M\u00e4k\u00e4r\u00e4koskella. Sonkaj\u00e4rven Raudanjoella p\u00e4\u00e4dyttiin seuraamaan tilanteen kehityst\u00e4.<\/p>\n<p class=\"aw-1gybjub aw-1p7kakr kEtdKx cEmitX yle__article__paragraph\">Pielaveden Lampaanjoella patoja purettiin pelastuslaitoksen voimin lapioimalla, koska r\u00e4j\u00e4ytt\u00e4minen ei ymp\u00e4rist\u00f6n vuoksi ole mahdollista.<\/p>\n<p class=\"aw-1gybjub aw-1p7kakr kEtdKx cEmitX yle__article__paragraph\">Elinvoimakeskuksen asiantuntija <strong class=\"aw-ak79eh KyCXm yle__article__strong\">Ilkka Maksimaisen<\/strong> mukaan r\u00e4j\u00e4ytyksiss\u00e4 keskityt\u00e4\u00e4n paikkoihin, joissa on eniten rakennuksia joutumassa veden varaan.<\/p>\n<p class=\"aw-1gybjub aw-1p7kakr kEtdKx cEmitX yle__article__paragraph\">Loppuviikolla s\u00e4\u00e4ennusteen mukaan kiristyv\u00e4 pakkanen voi hankaloittaa hyydetilannetta uudestaan.<\/p>\n","protected":false},"excerpt":{"rendered":"Pakkasen synnytt\u00e4m\u00e4t hyydepadot ovat pit\u00e4neet pelastus\u00adlaitoksen kiireisen\u00e4 monin paikoin Pohjois-Savossa. Avaa kuvien katselu Pielavedell\u00e4 Lampaanjoen hyydepatoa purettiin yhteens\u00e4&hellip;\n","protected":false},"author":2,"featured_media":135058,"comment_status":"","ping_status":"","sticky":false,"template":"","format":"standard","meta":{"footnotes":""},"categories":[12],"tags":[22,23,26,27,33,31,30,17,23669,4398,23667,23666,24,25,23671,28,29,15,18,21,5196,1136,23670,710,4947,32,23668,19,20,16,15231],"class_list":{"0":"post-135057","1":"post","2":"type-post","3":"status-publish","4":"format-standard","5":"has-post-thumbnail","7":"category-suomi","8":"tag-breaking-news","9":"tag-breakingnews","10":"tag-featured-news","11":"tag-featurednews","12":"tag-fi","13":"tag-finland","14":"tag-finnish","15":"tag-headlines","16":"tag-jaatilanne-ja-tulvat","17":"tag-kiuruvesi","18":"tag-koivujoki","19":"tag-lampaanjoki","20":"tag-latest-news","21":"tag-latestnews","22":"tag-luupujoki","23":"tag-main-news","24":"tag-mainnews","25":"tag-news","26":"tag-otsikot","27":"tag-paauutiset","28":"tag-pielavesi","29":"tag-pohjois-savo","30":"tag-pohjois-savon-pelastuslaitos","31":"tag-saa","32":"tag-sonkajarvi","33":"tag-suomi","34":"tag-suppo","35":"tag-top-stories","36":"tag-topstories","37":"tag-uutiset","38":"tag-vierema"},"share_on_mastodon":{"url":"https:\/\/pubeurope.com\/@fi\/115848885383534919","error":""},"_links":{"self":[{"href":"https:\/\/www.europesays.com\/fi\/wp-json\/wp\/v2\/posts\/135057","targetHints":{"allow":["GET"]}}],"collection":[{"href":"https:\/\/www.europesays.com\/fi\/wp-json\/wp\/v2\/posts"}],"about":[{"href":"https:\/\/www.europesays.com\/fi\/wp-json\/wp\/v2\/types\/post"}],"author":[{"embeddable":true,"href":"https:\/\/www.europesays.com\/fi\/wp-json\/wp\/v2\/users\/2"}],"replies":[{"embeddable":true,"href":"https:\/\/www.europesays.com\/fi\/wp-json\/wp\/v2\/comments?post=135057"}],"version-history":[{"count":0,"href":"https:\/\/www.europesays.com\/fi\/wp-json\/wp\/v2\/posts\/135057\/revisions"}],"wp:featuredmedia":[{"embeddable":true,"href":"https:\/\/www.europesays.com\/fi\/wp-json\/wp\/v2\/media\/135058"}],"wp:attachment":[{"href":"https:\/\/www.europesays.com\/fi\/wp-json\/wp\/v2\/media?parent=135057"}],"wp:term":[{"taxonomy":"category","embeddable":true,"href":"https:\/\/www.europesays.com\/fi\/wp-json\/wp\/v2\/categories?post=135057"},{"taxonomy":"post_tag","embeddable":true,"href":"https:\/\/www.europesays.com\/fi\/wp-json\/wp\/v2\/tags?post=135057"}],"curies":[{"name":"wp","href":"https:\/\/api.w.org\/{rel}","templated":true}]}}