{"id":13506,"date":"2025-08-22T21:23:07","date_gmt":"2025-08-22T21:23:07","guid":{"rendered":"https:\/\/www.europesays.com\/fi\/13506\/"},"modified":"2025-08-22T21:23:07","modified_gmt":"2025-08-22T21:23:07","slug":"tutkijat-loysivat-avaruudesta-uuden-kuun-pieni-mutta-merkittava-loyto-uutisia-lyhyesti-2","status":"publish","type":"post","link":"https:\/\/www.europesays.com\/fi\/13506\/","title":{"rendered":"Tutkijat l\u00f6ysiv\u00e4t avaruudesta uuden kuun: \u201dPieni mutta merkitt\u00e4v\u00e4 l\u00f6yt\u00f6\u201d | Uutisia lyhyesti"},"content":{"rendered":"<p class=\"sc-jYczwO sc-ciCoXh bUKqJd cIOueB yle__article__paragraph\">Hollannin ulkoministeri <strong class=\"sc-eEHciv gtNhAX yle__article__strong\">Caspar Veldkamp<\/strong> eroaa teht\u00e4v\u00e4st\u00e4\u00e4n.<\/p>\n<p class=\"sc-jYczwO sc-ciCoXh bUKqJd cIOueB yle__article__paragraph\">Veldkamp teki ratkaisunsa hallituksen istunnon j\u00e4lkeen. Istunnossa k\u00e4siteltiin Israelia vastaan suunnattavia pakotteita, mutta p\u00e4\u00e4t\u00f6st\u00e4 ei saatu aikaan.<\/p>\n<p class=\"sc-jYczwO sc-ciCoXh bUKqJd cIOueB yle__article__paragraph\">\u2013 Katson, etten ole riitt\u00e4v\u00e4sti kyennyt tekem\u00e4\u00e4n toimenpiteit\u00e4, jotta painetta Israelia vastaan olisi kasvatettu, h\u00e4n perusteli eroaan.<\/p>\n<p class=\"sc-jYczwO sc-ciCoXh bUKqJd cIOueB yle__article__paragraph\">L\u00e4hde: AFP<\/p>\n","protected":false},"excerpt":{"rendered":"Hollannin ulkoministeri Caspar Veldkamp eroaa teht\u00e4v\u00e4st\u00e4\u00e4n. Veldkamp teki ratkaisunsa hallituksen istunnon j\u00e4lkeen. Istunnossa k\u00e4siteltiin Israelia vastaan suunnattavia pakotteita,&hellip;\n","protected":false},"author":2,"featured_media":12328,"comment_status":"","ping_status":"","sticky":false,"template":"","format":"standard","meta":{"footnotes":""},"categories":[114],"tags":[453,33,31,30,118,452,32,119],"class_list":{"0":"post-13506","1":"post","2":"type-post","3":"status-publish","4":"format-standard","5":"has-post-thumbnail","7":"category-avaruus","8":"tag-avaruus","9":"tag-fi","10":"tag-finland","11":"tag-finnish","12":"tag-science","13":"tag-space","14":"tag-suomi","15":"tag-tiede"},"share_on_mastodon":{"url":"","error":""},"_links":{"self":[{"href":"https:\/\/www.europesays.com\/fi\/wp-json\/wp\/v2\/posts\/13506","targetHints":{"allow":["GET"]}}],"collection":[{"href":"https:\/\/www.europesays.com\/fi\/wp-json\/wp\/v2\/posts"}],"about":[{"href":"https:\/\/www.europesays.com\/fi\/wp-json\/wp\/v2\/types\/post"}],"author":[{"embeddable":true,"href":"https:\/\/www.europesays.com\/fi\/wp-json\/wp\/v2\/users\/2"}],"replies":[{"embeddable":true,"href":"https:\/\/www.europesays.com\/fi\/wp-json\/wp\/v2\/comments?post=13506"}],"version-history":[{"count":0,"href":"https:\/\/www.europesays.com\/fi\/wp-json\/wp\/v2\/posts\/13506\/revisions"}],"wp:featuredmedia":[{"embeddable":true,"href":"https:\/\/www.europesays.com\/fi\/wp-json\/wp\/v2\/media\/12328"}],"wp:attachment":[{"href":"https:\/\/www.europesays.com\/fi\/wp-json\/wp\/v2\/media?parent=13506"}],"wp:term":[{"taxonomy":"category","embeddable":true,"href":"https:\/\/www.europesays.com\/fi\/wp-json\/wp\/v2\/categories?post=13506"},{"taxonomy":"post_tag","embeddable":true,"href":"https:\/\/www.europesays.com\/fi\/wp-json\/wp\/v2\/tags?post=13506"}],"curies":[{"name":"wp","href":"https:\/\/api.w.org\/{rel}","templated":true}]}}