{"id":135063,"date":"2026-01-06T15:46:08","date_gmt":"2026-01-06T15:46:08","guid":{"rendered":"https:\/\/www.europesays.com\/fi\/135063\/"},"modified":"2026-01-06T15:46:08","modified_gmt":"2026-01-06T15:46:08","slug":"maija-vilkkumaan-uskomaton-muodonmuutos-seiska","status":"publish","type":"post","link":"https:\/\/www.europesays.com\/fi\/135063\/","title":{"rendered":"Maija Vilkkumaan uskomaton muodonmuutos | Seiska"},"content":{"rendered":"<p>            Timo Korhonen\n        <\/p>\n<p class=\"subtitle \">Maija paljastaa, ett\u00e4 uusi tukkatyyli on saanut jopa h\u00e4nen oman \u00e4itins\u00e4 h\u00e4milleen.<\/p>\n<p class=\"article-content article-content-width !bg-background\">Laulaja , 52, kuvailee sosiaaliseen mediaan Maijan huone -nimell\u00e4 kulkevia videoita, joissa h\u00e4n h\u00f6p\u00f6ttelee mielens\u00e4 p\u00e4\u00e4ll\u00e4 olevia asioita.\u00a0<\/p>\n<p class=\"font-weight-bold m-font-weight-bold article-content article-content-width !bg-background\">Katso arkistovideo: Maija paljastaa, mit\u00e4 h\u00e4nen raideristaan l\u00f6ytyy<\/p>\n<p class=\"article-content article-content-width !bg-background\">Sunnuntaina (4.1.) Maija julkaisi Instagram-sivullaan Maijan huone -livevideon, jonka teemana oli raivo. Reilun 50-minuuttisen videon alussa Maijan seuraajat kuitenkin huomasivat yll\u00e4tt\u00e4v\u00e4n asian. Maijan ulkon\u00e4k\u00f6 on kokenut melkoisen muutoksen.<\/p>\n<p>        <a itemprop=\"url\" href=\"https:\/\/www.seiska.fi\/kotimaa\/maija-vilkkumaan-iso-urakka-alkoi\/1986418\" rel=\"nofollow noopener\" target=\"_blank\"><\/p>\n<p>\nJ\u00e4ttiduuni!\n<\/p>\n<p class=\"section-date\">\n        <strong class=\"article-section\" data-section=\"kotimaa\"><br \/>\n            kotimaa<br \/>\n        <\/strong><br \/>\n        7.11.2025 20:00\n    <\/p>\n<p>Maija Vilkkumaan iso urakka alkoi\n    <\/p>\n<p itemprop=\"description\" class=\"subtitle \">\n    Lauluntekij\u00e4 astuu samaan liigaan, johon Hector loikkasi tasan vuosikymmen sitten.\n<\/p>\n<p>        <\/a><\/p>\n<p class=\"article-content article-content-width !bg-background\">Videolla Maija istuu tyylikk\u00e4\u00e4n\u00e4, platinablondi tukka kiinni vedettyn\u00e4, silm\u00e4lasit nen\u00e4ll\u00e4\u00e4n, huulet r\u00e4ike\u00e4n punaisina. Liven kommentteihin ilmestyi ihmettely\u00e4 siit\u00e4, ett\u00e4 Maija on aivan eri n\u00e4k\u00f6inen kuin ennen.<\/p>\n<p class=\"article-content article-content-width !bg-background\">\u2013 Se on totta, koska hiukseni ovat nyky\u00e4\u00e4n vaaleat. Se on iso muutos, Maija sanoo videolla.<\/p>\n<p class=\"article-content article-content-width !bg-background\">Muutos on niin iso, ett\u00e4 jopa Maijan oma perhe on mennyt siit\u00e4 h\u00e4milleen.<\/p>\n<p class=\"article-content article-content-width !bg-background\">\u2013 V\u00e4lill\u00e4 on niin, ettei \u00e4itik\u00e4\u00e4n meinaa tunnistaa minua, eik\u00e4 kukaan muukaan! Maija nauraa.<\/p>\n<p>                <img decoding=\"async\" src=\"https:\/\/www.europesays.com\/fi\/wp-content\/uploads\/2026\/01\/2037628.webp.jpeg\" width=\"576\" height=\"720\" alt=\"Maija on pitk\u00e4\u00e4n ollut tummatukkainen. Jopa omalla \u00e4idill\u00e4 oli tottumista uuteen tyyliin.\" loading=\"lazy\" \/>            <\/p>\n<p>\n            Maija on pitk\u00e4\u00e4n ollut tummatukkainen. Jopa omalla \u00e4idill\u00e4 oli tottumista uuteen tyyliin.<br \/>\n            Timo Korhonen\n        <\/p>\n<p>Vuosikymmenten harkinta<\/p>\n<p class=\"article-content article-content-width !bg-background\">Valinta blondata tukka ei tapahtunut hetken mielijohteesta.<\/p>\n<p class=\"article-content article-content-width !bg-background\">\u2013 Olen miettinyt vuosikausia, jopa vuosikymmeni\u00e4, ett\u00e4 pit\u00e4isik\u00f6 v\u00e4lill\u00e4 v\u00e4rj\u00e4t\u00e4 hiuksensa vaaleaksi. Sitten mietin, ett\u00e4 ei, koska siit\u00e4 tulee mieleen pikkusiskoni, miss\u00e4 ei ole mit\u00e4\u00e4n pahaa mutta en halua kipioida h\u00e4nt\u00e4, laulaja selitt\u00e4\u00e4.<\/p>\n<p>        <a itemprop=\"url\" href=\"https:\/\/www.seiska.fi\/kotimaa\/vau-maija-vilkkumaa-51-ilman-meikkia\/1597605\" rel=\"nofollow noopener\" target=\"_blank\"><\/p>\n<p>\nMaija, 51, hehkuu\n<\/p>\n<p class=\"section-date\">\n        <strong class=\"article-section\" data-section=\"kotimaa\"><br \/>\n            kotimaa<br \/>\n        <\/strong><br \/>\n        31.1.2025 15:32\n    <\/p>\n<p>Vau! Maija Vilkkumaa, 51, ilman meikki\u00e4\n    <\/p>\n<p itemprop=\"description\" class=\"subtitle \">\n    Maija on l\u00e4hd\u00f6ss\u00e4 kiertueelle.\n<\/p>\n<p>        <\/a><\/p>\n<p class=\"article-content article-content-width !bg-background\">Sitten Maija kuitenkin tapasi kampaajan, jonka kanssa he sopivat ajan blondaamiselle, ja niin sitten k\u00e4vi. My\u00f6s siskolla on nykyisin ruskeampaan taittava kuontalo, joten Maija ei tunne kopioineensa t\u00e4t\u00e4 kovinkaan paljoa.<\/p>\n<p class=\"article-content article-content-width !bg-background\">Er\u00e4s seuraajista toteaakin, ett\u00e4 Maija n\u00e4ytt\u00e4\u00e4 paljon siskoltaan.<\/p>\n<p class=\"article-content article-content-width !bg-background\">\u2013 Se on hyv\u00e4, koska siskoni on minua seitsem\u00e4n vuotta nuorempi, laulaja naurahtaa.<\/p>\n<p>        <a itemprop=\"url\" href=\"https:\/\/www.seiska.fi\/kotimaa\/maija-vilkkumaa-pyorsi-puheensa-katsoin-ehka-hieman-huvittuneena-jopa-halveksien\/1428259\" rel=\"nofollow noopener\" target=\"_blank\"><\/p>\n<p class=\"section-date\">\n        <strong class=\"article-section\" data-section=\"kotimaa\"><br \/>\n            kotimaa<br \/>\n        <\/strong><br \/>\n        9.8.2024 14:33\n    <\/p>\n<p>Maija Vilkkumaa py\u00f6rsi puheensa: &#8221;Katsoin ehk\u00e4 hieman huvittuneena, jopa halveksien&#8230;&#8221;\n    <\/p>\n<p itemprop=\"description\" class=\"subtitle \">\n    Maija valmistautuu Flow Festivaliin pohtimalla musiikin t\u00e4rkeytt\u00e4 festarien onnistumisessa.\n<\/p>\n<p>        <\/a><\/p>\n<p class=\"italic m-italic article-content article-content-width !bg-background\">Katso Maijan raivoteemainen video ja muodonmuutos alla olevasta upotuksesta tai <a href=\"https:\/\/www.instagram.com\/p\/DTGJ4cqiHhx\/?hl=fi\" target=\"_blank\" rel=\"nofollow noopener\">t\u00e4\u00e4lt\u00e4<\/a>.<\/p>\n<p><script async src=\"\/\/www.instagram.com\/embed.js\"><\/script><\/p>\n","protected":false},"excerpt":{"rendered":"Timo Korhonen Maija paljastaa, ett\u00e4 uusi tukkatyyli on saanut jopa h\u00e4nen oman \u00e4itins\u00e4 h\u00e4milleen. Laulaja , 52, kuvailee&hellip;\n","protected":false},"author":2,"featured_media":135064,"comment_status":"","ping_status":"","sticky":false,"template":"","format":"standard","meta":{"footnotes":""},"categories":[136],"tags":[1177,10361,407,137,33,31,30,6422,5446,408,2682,11876,4436,98,23672,32,8411,2677,3884,109],"class_list":{"0":"post-135063","1":"post","2":"type-post","3":"status-publish","4":"format-standard","5":"has-post-thumbnail","7":"category-julkkikset","8":"tag-aiti","9":"tag-blondi","10":"tag-celebrities","11":"tag-entertainment","12":"tag-fi","13":"tag-finland","14":"tag-finnish","15":"tag-hiukset","16":"tag-hiustyyli","17":"tag-julkkikset","18":"tag-kauneus","19":"tag-maija-vilkkumaa","20":"tag-muodonmuutos","21":"tag-perhe","22":"tag-platinanvaalea-tukka","23":"tag-suomi","24":"tag-tukka","25":"tag-tyyli","26":"tag-ulkonako","27":"tag-viihde"},"share_on_mastodon":{"url":"https:\/\/pubeurope.com\/@fi\/115848936318126403","error":""},"_links":{"self":[{"href":"https:\/\/www.europesays.com\/fi\/wp-json\/wp\/v2\/posts\/135063","targetHints":{"allow":["GET"]}}],"collection":[{"href":"https:\/\/www.europesays.com\/fi\/wp-json\/wp\/v2\/posts"}],"about":[{"href":"https:\/\/www.europesays.com\/fi\/wp-json\/wp\/v2\/types\/post"}],"author":[{"embeddable":true,"href":"https:\/\/www.europesays.com\/fi\/wp-json\/wp\/v2\/users\/2"}],"replies":[{"embeddable":true,"href":"https:\/\/www.europesays.com\/fi\/wp-json\/wp\/v2\/comments?post=135063"}],"version-history":[{"count":0,"href":"https:\/\/www.europesays.com\/fi\/wp-json\/wp\/v2\/posts\/135063\/revisions"}],"wp:featuredmedia":[{"embeddable":true,"href":"https:\/\/www.europesays.com\/fi\/wp-json\/wp\/v2\/media\/135064"}],"wp:attachment":[{"href":"https:\/\/www.europesays.com\/fi\/wp-json\/wp\/v2\/media?parent=135063"}],"wp:term":[{"taxonomy":"category","embeddable":true,"href":"https:\/\/www.europesays.com\/fi\/wp-json\/wp\/v2\/categories?post=135063"},{"taxonomy":"post_tag","embeddable":true,"href":"https:\/\/www.europesays.com\/fi\/wp-json\/wp\/v2\/tags?post=135063"}],"curies":[{"name":"wp","href":"https:\/\/api.w.org\/{rel}","templated":true}]}}