{"id":135079,"date":"2026-01-06T16:12:09","date_gmt":"2026-01-06T16:12:09","guid":{"rendered":"https:\/\/www.europesays.com\/fi\/135079\/"},"modified":"2026-01-06T16:12:09","modified_gmt":"2026-01-06T16:12:09","slug":"mari-valosaari-jarjesti-rahankerayksen-nain-siina-kavi","status":"publish","type":"post","link":"https:\/\/www.europesays.com\/fi\/135079\/","title":{"rendered":"Mari Valosaari j\u00e4rjesti rahanker\u00e4yksen \u2013 N\u00e4in siin\u00e4 k\u00e4vi"},"content":{"rendered":"<p>Juontaja Mari Valosaaren S\u00f6pis-hevonen sairastui kuljetuksen aikana. <\/p>\n<p><img decoding=\"async\" class=\"image image-show image-preview\" src=\"https:\/\/www.europesays.com\/fi\/wp-content\/uploads\/2025\/09\/e7ab278f9514a1d0b1c2404be0167c4e014bb4022a67f882f2a58e9470408ecc.jpg\" alt=\"\"\/><img decoding=\"async\" class=\"image image-show\" src=\"https:\/\/www.europesays.com\/fi\/wp-content\/uploads\/2025\/09\/1756701188_874_e7ab278f9514a1d0b1c2404be0167c4e014bb4022a67f882f2a58e9470408ecc.jpg\" alt=\"\"\/><\/p>\n<p>Mari Valosaari on n\u00e4hty my\u00f6s Erikoisjoukoissa.  Pete Anikari<\/p>\n<p class=\"paragraph\">Juontaja ja entinen fitness-t\u00e4hti <strong><strong>Mari Valosaari<\/strong><\/strong> kertoo Instagramissa S\u00f6pis-hevosensa sairastumisesta.<\/p>\n<p class=\"paragraph\">Hevonen sairastui matkalla Suomesta Espanjaan, jossa Valosaari asuu talven ajan. Valosaari kertoo S\u00f6piksen sairastuneen kuljetuskuumeeseen Ranskassa. S\u00f6pis sai antibiootteja ja sille laitettiin tippa.<\/p>\n<p class=\"paragraph\">Espanjassa S\u00f6pis vietiin sairaalaan Valenciaan, jossa kulut ovat nousseet entisest\u00e4\u00e4n. Valosaaren mukaan ne nousivat yli 10\u00a0000 euron.<\/p>\n<p class=\"paragraph\">Kulut nousivat niin isoiksi, ett\u00e4 Valosaari j\u00e4rjesti <a href=\"https:\/\/poliisi.fi\/pienkeraykset\" rel=\"noopener nofollow\" target=\"_blank\">pienker\u00e4yksen<\/a>. Poliisi kertoo sivuillaan, ett\u00e4 pienker\u00e4ykseen pit\u00e4\u00e4 hakea lupa, jolloin saa ker\u00e4ystunnuksen. Valosaari julkaisi ker\u00e4yspyynt\u00f6ns\u00e4 yhteydess\u00e4 ker\u00e4yksen tunnuksen.<\/p>\n<p class=\"paragraph\">Ker\u00e4yksell\u00e4 saa ker\u00e4t\u00e4 enint\u00e4\u00e4n 10\u00a0000 euroa ja se voi kest\u00e4\u00e4 korkeintaan kolme kuukautta.<\/p>\n<p class=\"paragraph\">Valosaari kertoi ker\u00e4yksest\u00e4 sunnuntaina ja jo maanantaina h\u00e4n sulki sen, kun ker\u00e4yssumma l\u00e4heni sallittua 10\u00a0000 euroa.<\/p>\n<p class=\"paragraph\">\u2013 Huomenta, ker\u00e4ys suljettu ja videot siihen liittyen poistettu. Ei suinkaan muutaman typer\u00e4n kommentin takia vaan teid\u00e4n satojen ja satojen ihanien ihmisten vuoksi ketk\u00e4 lahjoititte, summa on t\u00e4yttynyt ja t\u00e4ten ker\u00e4ys lopetettu. Kiitos, kiitos, kiitos, Valosaari kiittelee <a href=\"https:\/\/www.instagram.com\/p\/DTHymZTjHHz\/\" rel=\"noopener nofollow\" target=\"_blank\">Instagramissa<\/a>.<\/p>\n<p class=\"paragraph\">Typerill\u00e4 kommenteilla Valosaari viitannee sosiaaliseen mediaan kuten Jodeliin, jossa moni on ker\u00e4yksest\u00e4 suuttunut ja pahoittanut mielens\u00e4.<\/p>\n<p class=\"paragraph\">Iltalehti ei tavoittanut Valosaarta kommentoiman ker\u00e4yst\u00e4.<\/p>\n<p><script async src=\"\/\/www.instagram.com\/embed.js\"><\/script><\/p>\n","protected":false},"excerpt":{"rendered":"Juontaja Mari Valosaaren S\u00f6pis-hevonen sairastui kuljetuksen aikana. Mari Valosaari on n\u00e4hty my\u00f6s Erikoisjoukoissa. Pete Anikari Juontaja ja entinen&hellip;\n","protected":false},"author":2,"featured_media":103002,"comment_status":"","ping_status":"","sticky":false,"template":"","format":"standard","meta":{"footnotes":""},"categories":[136],"tags":[35,407,404,137,33,31,30,5520,408,785,591,32,12524,109],"class_list":{"0":"post-135079","1":"post","2":"type-post","3":"status-publish","4":"format-standard","5":"has-post-thumbnail","7":"category-julkkikset","8":"tag-24h","9":"tag-celebrities","10":"tag-elaimet","11":"tag-entertainment","12":"tag-fi","13":"tag-finland","14":"tag-finnish","15":"tag-hevonen","16":"tag-julkkikset","17":"tag-nisakkaat","18":"tag-selkarankaiset","19":"tag-suomi","20":"tag-tuotantoelaimet","21":"tag-viihde"},"share_on_mastodon":{"url":"https:\/\/pubeurope.com\/@fi\/115849038680833358","error":""},"_links":{"self":[{"href":"https:\/\/www.europesays.com\/fi\/wp-json\/wp\/v2\/posts\/135079","targetHints":{"allow":["GET"]}}],"collection":[{"href":"https:\/\/www.europesays.com\/fi\/wp-json\/wp\/v2\/posts"}],"about":[{"href":"https:\/\/www.europesays.com\/fi\/wp-json\/wp\/v2\/types\/post"}],"author":[{"embeddable":true,"href":"https:\/\/www.europesays.com\/fi\/wp-json\/wp\/v2\/users\/2"}],"replies":[{"embeddable":true,"href":"https:\/\/www.europesays.com\/fi\/wp-json\/wp\/v2\/comments?post=135079"}],"version-history":[{"count":0,"href":"https:\/\/www.europesays.com\/fi\/wp-json\/wp\/v2\/posts\/135079\/revisions"}],"wp:featuredmedia":[{"embeddable":true,"href":"https:\/\/www.europesays.com\/fi\/wp-json\/wp\/v2\/media\/103002"}],"wp:attachment":[{"href":"https:\/\/www.europesays.com\/fi\/wp-json\/wp\/v2\/media?parent=135079"}],"wp:term":[{"taxonomy":"category","embeddable":true,"href":"https:\/\/www.europesays.com\/fi\/wp-json\/wp\/v2\/categories?post=135079"},{"taxonomy":"post_tag","embeddable":true,"href":"https:\/\/www.europesays.com\/fi\/wp-json\/wp\/v2\/tags?post=135079"}],"curies":[{"name":"wp","href":"https:\/\/api.w.org\/{rel}","templated":true}]}}