{"id":135080,"date":"2026-01-06T16:13:08","date_gmt":"2026-01-06T16:13:08","guid":{"rendered":"https:\/\/www.europesays.com\/fi\/135080\/"},"modified":"2026-01-06T16:13:08","modified_gmt":"2026-01-06T16:13:08","slug":"liminkalaisen-kirsi-ollilan-ensimmainen-nayttely-lumijoella-elainmaalauksissa-purkautuvat-herkat-ja-vaikeat-aiheet","status":"publish","type":"post","link":"https:\/\/www.europesays.com\/fi\/135080\/","title":{"rendered":"Liminkalaisen Kirsi Ollilan ensimm\u00e4inen n\u00e4yttely Lumijoella \u2013 el\u00e4inmaalauksissa purkautuvat herk\u00e4t ja vaikeat aiheet"},"content":{"rendered":"<p>\n      Liminkalaisen Kirsi Ollilan, 25, herk\u00e4t el\u00e4inmaalaukset t\u00e4ytt\u00e4v\u00e4t tammikuun ajan Lumijoen kirjaston n\u00e4yttelytilan.\n    <\/p>\n<p>\n      Ollila uskoo, ett\u00e4 Rajoilla -n\u00e4yttely voi olla merkityksellinen hyvin monille ihmisille. Ollila kertoo purkaneensa teoksiinsa vaikeita ja herkki\u00e4 tunteita, kuten rakkautta, irti p\u00e4\u00e4st\u00e4mist\u00e4, mielenterveyden kanssa kamppailua sek\u00e4 anteeksiantoa.\n    <\/p>\n<p class=\"article__paragraph\">\n      \u2013\u202fKoen, ett\u00e4 t\u00e4ss\u00e4 maailman tilanteessa t\u00e4m\u00e4 n\u00e4yttely on ihana ja parhaassa tapauksessa parantava tapa pys\u00e4hty\u00e4 ja kokea taiteen kautta n\u00e4it\u00e4 tunteita sek\u00e4 huomata, ettei ole yksin niiden kanssa.\n    <\/p>\n<p class=\"article__paragraph\">\n      Lumijoen kirjastossa esill\u00e4 oleva n\u00e4yttely on Ollilan ensimm\u00e4inen.\n    <\/p>\n<p class=\"article__paragraph\">\n      \u2013 En ole k\u00e4ynyt taidekouluja, vaan olen itseoppinut. Olen maalannut pitk\u00e4\u00e4n ja maalaaminen on minulle keino k\u00e4sitell\u00e4 omia tunteita, mutta my\u00f6s sellaisia kokemuksia, joita tied\u00e4n monien muidenkin k\u00e4yneen l\u00e4pi, Ollila kuvailee.\n    <\/p>\n<p class=\"article__paragraph\">\n      Aiheet kumpuavat taiteilijan omasta herkkyydest\u00e4 ja vahvasta aistimisesta. Ollilan mukaan ideat syntyv\u00e4t usein mielen perukoilta ja muotoutuvat v\u00e4hitellen valmiiksi teoksiksi.\n    <\/p>\n<p class=\"article__paragraph\">\n      Ollila on koulutukseltaan h\u00e4n on el\u00e4intenhoitaja, mutta ty\u00f6skentelee t\u00e4ll\u00e4 hetkell\u00e4 p\u00e4\u00e4asiassa taiteen parissa, mutta tekee satunnaisesti keikkat\u00f6it\u00e4 kaupassa.\n    <\/p>\n<p class=\"article__paragraph\">\n      Teoksista v\u00e4littyykin ennen kaikkea el\u00e4inrakkaus, kun el\u00e4inhahmot toimivat tunteiden ja kokemusten v\u00e4litt\u00e4jin\u00e4.\n    <\/p>\n<p>    <img decoding=\"async\" class=\"responsive-image article__image-image lozad\"   src=\"https:\/\/www.europesays.com\/fi\/wp-content\/uploads\/2026\/01\/W2kdLJpRuKpvuQLPDQBP-XhwA2d6h0j_g06L407s5uzmFyiW_wwL4zu8r0d_NK33fSTzRfhwMdi1Z2Vc3QPjLqemZjsTOPRnQ6zu.jpeg\" alt=\"Rajoilla -teos kuvaa sit\u00e4 tunnetta ja olotilaa, kun mieli on siin\u00e4 rajoilla, romahtaako vai jaksaako kulkea valoon p\u00e4in ja luottaa siihen, ett\u00e4 kaikki j\u00e4rjestyy.\"\/><\/p>\n<p>\n                Rajoilla -teos kuvaa sit\u00e4 tunnetta ja olotilaa, kun mieli on siin\u00e4 rajoilla, romahtaako vai jaksaako kulkea valoon p\u00e4in ja luottaa siihen, ett\u00e4 kaikki j\u00e4rjestyy.\n              <\/p>\n<p>\n                Kuva: Kirsi Ollila\n              <\/p>\n<p class=\"article__paragraph\">\n      Ollila asuu Limingassa, mutta p\u00e4\u00e4tyi pit\u00e4m\u00e4\u00e4n n\u00e4yttelyns\u00e4 Lumijoella, kun kotikunnan kirjastossa ei ollut sopivaa tilaa tarjolla.\n    <\/p>\n<p class=\"article__paragraph\">\n      \u2013 Haluaisin tehd\u00e4 t\u00e4llaisen teoskokoelman ja ajattelin my\u00f6s, ett\u00e4 haluan sen my\u00f6s esill\u00e4.\n    <\/p>\n<p class=\"article__paragraph\">\n      N\u00e4yttelyn kaikki ty\u00f6t on toteutettu akryylimaalilla kankaalle. Muutama teoksista on jo l\u00f6yt\u00e4nyt uuden omistajan, mutta loputkin ovat myynniss\u00e4. Lis\u00e4ksi taiteilija myy teoksistaan tehtyj\u00e4 kortteja ja julisteita.\n    <\/p>\n<p class=\"article__paragraph\">\n      Ollilan t\u00f6ihin voi tutustua my\u00f6s Instagramissa tilill\u00e4 Artbykopisa, joka on samalla h\u00e4nen yrityksens\u00e4 nimi.\n    <\/p>\n<p class=\"article__paragraph\">\n      Ollilan n\u00e4yttelyn avajaisia vietet\u00e4\u00e4n torstaina 8. tammikuuta kello 16:30\u201318.00. Tilaisuuteen on vapaa p\u00e4\u00e4sy ja siell\u00e4 on kahvitarjoilu. N\u00e4yttely on avoinna Lumijoen kirjaston aukioloaikojen mukaisesti tammikuun ajan.\n    <\/p>\n<p>    <img decoding=\"async\" class=\"responsive-image article__image-image lozad\"   src=\"https:\/\/www.europesays.com\/fi\/wp-content\/uploads\/2026\/01\/GRMamdtddpDkt2ZZqyGzCjbpZOs8lnt7h9kV0FXW8IPgJtcQrVupAVVPrWZn_KDjTm2ffr3MOEukZ8A5qUv-IEUOf9sIBiTd5kmK.jpeg\" alt=\"Herkkyyden voima -teos kertoo siit\u00e4, ett\u00e4 herkkyys on vahvuus. Ett\u00e4 ei tarvitse pel\u00e4t\u00e4 sit\u00e4, vaan voi uskaltaa n\u00e4ytt\u00e4\u00e4 aistivansa voimakkaasti.\"\/><\/p>\n<p>\n                Herkkyyden voima -teos kertoo siit\u00e4, ett\u00e4 herkkyys on vahvuus. Ett\u00e4 ei tarvitse pel\u00e4t\u00e4 sit\u00e4, vaan voi uskaltaa n\u00e4ytt\u00e4\u00e4 aistivansa voimakkaasti.\n              <\/p>\n<p>\n                Kuva: Kirsi Ollila\n              <\/p>\n","protected":false},"excerpt":{"rendered":"Liminkalaisen Kirsi Ollilan, 25, herk\u00e4t el\u00e4inmaalaukset t\u00e4ytt\u00e4v\u00e4t tammikuun ajan Lumijoen kirjaston n\u00e4yttelytilan. Ollila uskoo, ett\u00e4 Rajoilla -n\u00e4yttely voi&hellip;\n","protected":false},"author":2,"featured_media":135081,"comment_status":"","ping_status":"","sticky":false,"template":"","format":"standard","meta":{"footnotes":""},"categories":[135],"tags":[389,387,388,390,137,33,31,30,32,394,393,391,392,109],"class_list":{"0":"post-135080","1":"post","2":"type-post","3":"status-publish","4":"format-standard","5":"has-post-thumbnail","7":"category-taiteet-ja-suunnittelu","8":"tag-arts","9":"tag-arts-and-design","10":"tag-artsanddesign","11":"tag-design","12":"tag-entertainment","13":"tag-fi","14":"tag-finland","15":"tag-finnish","16":"tag-suomi","17":"tag-suunnittelu","18":"tag-taiteet","19":"tag-taiteet-ja-suunnittelu","20":"tag-taiteetsuunnittelu","21":"tag-viihde"},"share_on_mastodon":{"url":"https:\/\/pubeurope.com\/@fi\/115849042538653681","error":""},"_links":{"self":[{"href":"https:\/\/www.europesays.com\/fi\/wp-json\/wp\/v2\/posts\/135080","targetHints":{"allow":["GET"]}}],"collection":[{"href":"https:\/\/www.europesays.com\/fi\/wp-json\/wp\/v2\/posts"}],"about":[{"href":"https:\/\/www.europesays.com\/fi\/wp-json\/wp\/v2\/types\/post"}],"author":[{"embeddable":true,"href":"https:\/\/www.europesays.com\/fi\/wp-json\/wp\/v2\/users\/2"}],"replies":[{"embeddable":true,"href":"https:\/\/www.europesays.com\/fi\/wp-json\/wp\/v2\/comments?post=135080"}],"version-history":[{"count":0,"href":"https:\/\/www.europesays.com\/fi\/wp-json\/wp\/v2\/posts\/135080\/revisions"}],"wp:featuredmedia":[{"embeddable":true,"href":"https:\/\/www.europesays.com\/fi\/wp-json\/wp\/v2\/media\/135081"}],"wp:attachment":[{"href":"https:\/\/www.europesays.com\/fi\/wp-json\/wp\/v2\/media?parent=135080"}],"wp:term":[{"taxonomy":"category","embeddable":true,"href":"https:\/\/www.europesays.com\/fi\/wp-json\/wp\/v2\/categories?post=135080"},{"taxonomy":"post_tag","embeddable":true,"href":"https:\/\/www.europesays.com\/fi\/wp-json\/wp\/v2\/tags?post=135080"}],"curies":[{"name":"wp","href":"https:\/\/api.w.org\/{rel}","templated":true}]}}