{"id":135088,"date":"2026-01-06T16:21:12","date_gmt":"2026-01-06T16:21:12","guid":{"rendered":"https:\/\/www.europesays.com\/fi\/135088\/"},"modified":"2026-01-06T16:21:12","modified_gmt":"2026-01-06T16:21:12","slug":"koulun-ja-abcn-lahelta-tehty-useita-susihavaintoja-kiikoisissa-lyhyen-ajan-sisaan-nain-tilanne-eroaa-aikaisemmista","status":"publish","type":"post","link":"https:\/\/www.europesays.com\/fi\/135088\/","title":{"rendered":"Koulun ja ABC:n l\u00e4helt\u00e4 tehty useita susihavaintoja Kiikoisissa lyhyen ajan sis\u00e4\u00e4n \u2013 n\u00e4in tilanne eroaa aikaisemmista"},"content":{"rendered":"<p>Kiikoisissa asutuksen l\u00e4hell\u00e4 on liikkunut viime p\u00e4ivin\u00e4 kolme tai jopa nelj\u00e4kin eri sutta. N\u00e4in petoyhdyshenkil\u00f6 kertoo tilanteesta.<\/p>\n<p class=\"article-body mb-nof-24 px-nof-16\">Viime p\u00e4ivin\u00e4 tehdyt useat susihavainnot her\u00e4tt\u00e4v\u00e4t huolta Sastamalan Kiikoisissa. Keskell\u00e4 kyl\u00e4taajamaa ja asutusta on tehty useita susihavaintoja vuodenvaihteen ja alkuvuoden aikana.<\/p>\n<p class=\"article-body mb-nof-24 px-nof-16\"><a class=\"underline underline-offset-[0.12em] [text-decoration-thickness:var(--generic-link-underline-thickness)] [text-decoration-color:var(--generic-link-underline-color)] [text-decoration-skip-ink:var(--generic-link-underline-skip-ink)] break-words\" href=\"https:\/\/petohavainnot.fi\/\" rel=\"nofollow noopener\" target=\"_blank\">Petohavainnot.fi<\/a>-palvelun mukaan susista on tehty muutaman p\u00e4iv\u00e4n sis\u00e4\u00e4n sek\u00e4 n\u00e4k\u00f6- ett\u00e4 j\u00e4lkihavaintoja asutuksen l\u00e4helt\u00e4. Sunnuntaina aikuinen susi kuvattiin Jaarassa, ja maanantaiaamuna j\u00e4ljet kahdesta aikuisesta sudesta havaittiin Tervahaudassa Vuolteen asutusalueella. Paikalta on Toukolan alakoululle muutama sata metri\u00e4.<\/p>\n","protected":false},"excerpt":{"rendered":"Kiikoisissa asutuksen l\u00e4hell\u00e4 on liikkunut viime p\u00e4ivin\u00e4 kolme tai jopa nelj\u00e4kin eri sutta. N\u00e4in petoyhdyshenkil\u00f6 kertoo tilanteesta. Viime&hellip;\n","protected":false},"author":2,"featured_media":135089,"comment_status":"","ping_status":"","sticky":false,"template":"","format":"standard","meta":{"footnotes":""},"categories":[112],"tags":[33,31,30,118,32,119,3885],"class_list":{"0":"post-135088","1":"post","2":"type-post","3":"status-publish","4":"format-standard","5":"has-post-thumbnail","7":"category-tiede","8":"tag-fi","9":"tag-finland","10":"tag-finnish","11":"tag-science","12":"tag-suomi","13":"tag-tiede","14":"tag-tyrvaan-sanomat"},"share_on_mastodon":{"url":"https:\/\/pubeurope.com\/@fi\/115849073994216734","error":""},"_links":{"self":[{"href":"https:\/\/www.europesays.com\/fi\/wp-json\/wp\/v2\/posts\/135088","targetHints":{"allow":["GET"]}}],"collection":[{"href":"https:\/\/www.europesays.com\/fi\/wp-json\/wp\/v2\/posts"}],"about":[{"href":"https:\/\/www.europesays.com\/fi\/wp-json\/wp\/v2\/types\/post"}],"author":[{"embeddable":true,"href":"https:\/\/www.europesays.com\/fi\/wp-json\/wp\/v2\/users\/2"}],"replies":[{"embeddable":true,"href":"https:\/\/www.europesays.com\/fi\/wp-json\/wp\/v2\/comments?post=135088"}],"version-history":[{"count":0,"href":"https:\/\/www.europesays.com\/fi\/wp-json\/wp\/v2\/posts\/135088\/revisions"}],"wp:featuredmedia":[{"embeddable":true,"href":"https:\/\/www.europesays.com\/fi\/wp-json\/wp\/v2\/media\/135089"}],"wp:attachment":[{"href":"https:\/\/www.europesays.com\/fi\/wp-json\/wp\/v2\/media?parent=135088"}],"wp:term":[{"taxonomy":"category","embeddable":true,"href":"https:\/\/www.europesays.com\/fi\/wp-json\/wp\/v2\/categories?post=135088"},{"taxonomy":"post_tag","embeddable":true,"href":"https:\/\/www.europesays.com\/fi\/wp-json\/wp\/v2\/tags?post=135088"}],"curies":[{"name":"wp","href":"https:\/\/api.w.org\/{rel}","templated":true}]}}