{"id":13509,"date":"2025-08-22T21:34:06","date_gmt":"2025-08-22T21:34:06","guid":{"rendered":"https:\/\/www.europesays.com\/fi\/13509\/"},"modified":"2025-08-22T21:34:06","modified_gmt":"2025-08-22T21:34:06","slug":"hbo-maxin-kehuttu-sarja-jatkuu-tammikuussa-talta-nayttaa-the-pittin-toinen-tuotantokausi","status":"publish","type":"post","link":"https:\/\/www.europesays.com\/fi\/13509\/","title":{"rendered":"HBO Maxin kehuttu sarja jatkuu tammikuussa &#8211; t\u00e4lt\u00e4 n\u00e4ytt\u00e4\u00e4 The Pittin toinen tuotantokausi"},"content":{"rendered":"\n<p><strong>Jokaisen huippusarjan kausien v\u00e4lill\u00e4 ei onneksi ole vuosien taukoa.<\/strong><\/p>\n<p><a href=\"https:\/\/muropaketti.com\/avainsana\/hbo-max\/\" rel=\"nofollow noopener\" target=\"_blank\">HBO Max<\/a> on julkaissut ensimm\u00e4isen teaser-traillerin The Pitt -sarjan toisesta tuotantokaudesta, joka n\u00e4hd\u00e4\u00e4n tammikuussa 2026. Kehutun ja 13 Emmy-ehdokkuutta saaneen sarjan ensimm\u00e4inen kausi alkoi suoratoistopalvelussa t\u00e4m\u00e4n vuoden tammikuussa.<\/p>\n<p>The Pitt kertoo realistisesti terveydenhuollon ty\u00f6ntekij\u00f6iden kohtaamista haasteista nykyp\u00e4iv\u00e4n Yhdysvalloissa. Sarjassa seurataan sairaalan etulinjan ty\u00f6ntekij\u00f6it\u00e4 Pennsylvanian Pittsburghissa.<\/p>\n<p>Draamasarjaa t\u00e4hditt\u00e4v\u00e4t Noah Wyle (tohtori Michael \u201cRobby\u201d Robinavitch), Patrick Marron Ball (tohtori Langdon), Katherine LaNasa (Dana Evans), Supriya Ganesh (tohtori Mohan), Fiona Dourif (tohtori McKay), Taylor Dearden (tohtori King), Isa Briones (tohtori Santos), Gerran Howell (Whitaker), Shabana Azeez (Javadi) ja Sepideh Moafi (Dr. Al-Hashimi).<\/p>\n<p>The Pittin kakkoskausi alkaa HBO Maxilla tammikuussa 2026.<\/p>\n","protected":false},"excerpt":{"rendered":"Jokaisen huippusarjan kausien v\u00e4lill\u00e4 ei onneksi ole vuosien taukoa. HBO Max on julkaissut ensimm\u00e4isen teaser-traillerin The Pitt -sarjan&hellip;\n","protected":false},"author":2,"featured_media":13510,"comment_status":"","ping_status":"","sticky":false,"template":"","format":"standard","meta":{"footnotes":""},"categories":[133],"tags":[2873,137,33,31,30,280,1369,32,206,5273,156,109],"class_list":{"0":"post-13509","1":"post","2":"type-post","3":"status-publish","4":"format-standard","5":"has-post-thumbnail","7":"category-televisiot","8":"tag-elokuvatrailerit","9":"tag-entertainment","10":"tag-fi","11":"tag-finland","12":"tag-finnish","13":"tag-hbo-max","14":"tag-sarjat","15":"tag-suomi","16":"tag-televisiot","17":"tag-the-pitt","18":"tag-tv","19":"tag-viihde"},"share_on_mastodon":{"url":"","error":""},"_links":{"self":[{"href":"https:\/\/www.europesays.com\/fi\/wp-json\/wp\/v2\/posts\/13509","targetHints":{"allow":["GET"]}}],"collection":[{"href":"https:\/\/www.europesays.com\/fi\/wp-json\/wp\/v2\/posts"}],"about":[{"href":"https:\/\/www.europesays.com\/fi\/wp-json\/wp\/v2\/types\/post"}],"author":[{"embeddable":true,"href":"https:\/\/www.europesays.com\/fi\/wp-json\/wp\/v2\/users\/2"}],"replies":[{"embeddable":true,"href":"https:\/\/www.europesays.com\/fi\/wp-json\/wp\/v2\/comments?post=13509"}],"version-history":[{"count":0,"href":"https:\/\/www.europesays.com\/fi\/wp-json\/wp\/v2\/posts\/13509\/revisions"}],"wp:featuredmedia":[{"embeddable":true,"href":"https:\/\/www.europesays.com\/fi\/wp-json\/wp\/v2\/media\/13510"}],"wp:attachment":[{"href":"https:\/\/www.europesays.com\/fi\/wp-json\/wp\/v2\/media?parent=13509"}],"wp:term":[{"taxonomy":"category","embeddable":true,"href":"https:\/\/www.europesays.com\/fi\/wp-json\/wp\/v2\/categories?post=13509"},{"taxonomy":"post_tag","embeddable":true,"href":"https:\/\/www.europesays.com\/fi\/wp-json\/wp\/v2\/tags?post=13509"}],"curies":[{"name":"wp","href":"https:\/\/api.w.org\/{rel}","templated":true}]}}