{"id":135096,"date":"2026-01-06T16:38:07","date_gmt":"2026-01-06T16:38:07","guid":{"rendered":"https:\/\/www.europesays.com\/fi\/135096\/"},"modified":"2026-01-06T16:38:07","modified_gmt":"2026-01-06T16:38:07","slug":"suomalainen-tv-kaunotar-yllattaa-olin-15-vuotiaana-poika-kuvat","status":"publish","type":"post","link":"https:\/\/www.europesays.com\/fi\/135096\/","title":{"rendered":"Suomalainen tv-kaunotar yll\u00e4tt\u00e4\u00e4: Olin 15-vuotiaana poika &#8211; kuvat!"},"content":{"rendered":"<p>Realityohjelmista tuttu Sofia Tuomola k\u00e4vi kev\u00e4\u00e4ll\u00e4 2024 Turkissa per\u00e4ti kahdeksassa kasvoihin kohdistuneessa kauneusoperaatiossa. <\/p>\n<p>Sittemmin h\u00e4n esitteli lopputulosta sosiaalisessa mediassa ker\u00e4ten mielipiteit\u00e4 puolesta ja vastaan.<\/p>\n<p>Lue my\u00f6s: <a href=\"https:\/\/www.como.fi\/uutiset\/bb-sofia-naytti-hurjalta-8-operaation-jalkeen-tassa-lopputulos-nyt\/\" title=\"BB-Sofia n\u00e4ytti hurjalta 8 operaation j\u00e4lkeen \u2013 t\u00e4ss\u00e4 lopputulos nyt!\" class=\"underline-custom !font-montserrat !font-bold !underline-offset-4 !decoration-4 !decoration-red-600 !text-md\" rel=\"nofollow noopener\" target=\"_blank\">BB-Sofia n\u00e4ytti hurjalta 8 operaation j\u00e4lkeen \u2013 t\u00e4ss\u00e4 lopputulos nyt!<\/a><\/p>\n<p>Lue my\u00f6s: <a href=\"https:\/\/www.como.fi\/uutiset\/tuoreimman-bb-kauden-kaunotar-nenaleikkaus\/\" title=\"Tuoreimman BB-kauden kaunotar: Nen\u00e4leikkaus!\" class=\"underline-custom !font-montserrat !font-bold !underline-offset-4 !decoration-4 !decoration-red-600 !text-md\" rel=\"nofollow noopener\" target=\"_blank\">Tuoreimman BB-kauden kaunotar: Nen\u00e4leikkaus!<\/a><\/p>\n<p>Leikkausten joukossa olivat muun muassa kulmakarvojen ja ohimolohkon kohotukset, kulmaluun hionta, huulten kohotus ja rasvansiirrot. Lis\u00e4ksi Tuomola on korjauttanut vanhaa arpea, teett\u00e4nyt kasvojen keskiosan kohotuksen sek\u00e4 leuan ja poskip\u00e4iden alueen rasvaimun.<\/p>\n<p>\u2013 El\u00e4m\u00e4ni suurin ongelma on olla liian kaunis, vaikeuttaa vain yhden kuvan valitsemista, Tuomola vitsaili lopputulosta esitteleviss\u00e4 kuvissaan. <\/p>\n<p>Tuomola tunnetaan  nykyisin somevaikuttajana ja viihdealan yritt\u00e4j\u00e4n\u00e4. H\u00e4n tuli julkisuuteen Big Brother Suomi -ohjelmasta vuonna 2022 ja osallistui my\u00f6s ohjelmaan Sinkut paljaana vuonna 2024. H\u00e4n on transsukupuolinen nainen, joka on puhunut avoimesti sukupuoli-identiteetist\u00e4\u00e4n ja muutoksestaan ja haluaa edist\u00e4\u00e4 keskustelua aiheesta.<\/p>\n<p>Lue my\u00f6s: <a href=\"https:\/\/www.como.fi\/uutiset\/bb-sofian-videot-karmaisevat-talta-han-nayttaa-kauneusleikkauksen-jalkeen\/\" title=\"BB-Sofian videot karmaisevat \u2013 t\u00e4lt\u00e4 h\u00e4n n\u00e4ytt\u00e4\u00e4 kauneusleikkauksen j\u00e4lkeen!\" class=\"underline-custom !font-montserrat !font-bold !underline-offset-4 !decoration-4 !decoration-red-600 !text-md\" rel=\"nofollow noopener\" target=\"_blank\">BB-Sofian videot karmaisevat \u2013 t\u00e4lt\u00e4 h\u00e4n n\u00e4ytt\u00e4\u00e4 kauneusleikkauksen j\u00e4lkeen!<\/a><\/p>\n<p>Nyt 30-vuotias Tuomola on julkaissut Instagramissa kuvaparin, jossa toisessa h\u00e4n on 15-vuotias poika, toisessa nykyinen itsens\u00e4.  <\/p>\n<p>Kuvapari on her\u00e4tt\u00e4nyt runsaasti huomiota ja kannustavia kommentteja. Katso kuvat alta tai <a href=\"https:\/\/www.instagram.com\/p\/DTKgHGYjZSt\/\" rel=\"nofollow noopener\" target=\"_blank\">t\u00e4st\u00e4.<\/a><\/p>\n<p>Lue my\u00f6s: <a href=\"https:\/\/www.como.fi\/tilaa-comon-uutiskirje\/\" title=\"Tilaa Comon uutiskirje ja tied\u00e4t mist\u00e4 kahvitauolla puhutaan! Nappaa kotimaan tv-vinkit ja puheenaiheet suoraan s\u00e4hk\u00f6postiin t\u00e4st\u00e4.\" class=\"underline-custom !font-montserrat !font-bold !underline-offset-4 !decoration-4 !decoration-red-600 !text-md\" rel=\"nofollow noopener\" target=\"_blank\">Tilaa Comon uutiskirje ja tied\u00e4t mist\u00e4 kahvitauolla puhutaan! Nappaa kotimaan tv-vinkit ja puheenaiheet suoraan s\u00e4hk\u00f6postiin t\u00e4st\u00e4.<\/a><\/p>\n<p>\t\t\t<script async src=\"\/\/www.instagram.com\/embed.js\"><\/script><\/p>\n","protected":false},"excerpt":{"rendered":"Realityohjelmista tuttu Sofia Tuomola k\u00e4vi kev\u00e4\u00e4ll\u00e4 2024 Turkissa per\u00e4ti kahdeksassa kasvoihin kohdistuneessa kauneusoperaatiossa. Sittemmin h\u00e4n esitteli lopputulosta sosiaalisessa&hellip;\n","protected":false},"author":2,"featured_media":135097,"comment_status":"","ping_status":"","sticky":false,"template":"","format":"standard","meta":{"footnotes":""},"categories":[136],"tags":[407,137,33,31,30,408,5112,32,109],"class_list":{"0":"post-135096","1":"post","2":"type-post","3":"status-publish","4":"format-standard","5":"has-post-thumbnail","7":"category-julkkikset","8":"tag-celebrities","9":"tag-entertainment","10":"tag-fi","11":"tag-finland","12":"tag-finnish","13":"tag-julkkikset","14":"tag-sofia-tuomola","15":"tag-suomi","16":"tag-viihde"},"share_on_mastodon":{"url":"https:\/\/pubeurope.com\/@fi\/115849140821590653","error":""},"_links":{"self":[{"href":"https:\/\/www.europesays.com\/fi\/wp-json\/wp\/v2\/posts\/135096","targetHints":{"allow":["GET"]}}],"collection":[{"href":"https:\/\/www.europesays.com\/fi\/wp-json\/wp\/v2\/posts"}],"about":[{"href":"https:\/\/www.europesays.com\/fi\/wp-json\/wp\/v2\/types\/post"}],"author":[{"embeddable":true,"href":"https:\/\/www.europesays.com\/fi\/wp-json\/wp\/v2\/users\/2"}],"replies":[{"embeddable":true,"href":"https:\/\/www.europesays.com\/fi\/wp-json\/wp\/v2\/comments?post=135096"}],"version-history":[{"count":0,"href":"https:\/\/www.europesays.com\/fi\/wp-json\/wp\/v2\/posts\/135096\/revisions"}],"wp:featuredmedia":[{"embeddable":true,"href":"https:\/\/www.europesays.com\/fi\/wp-json\/wp\/v2\/media\/135097"}],"wp:attachment":[{"href":"https:\/\/www.europesays.com\/fi\/wp-json\/wp\/v2\/media?parent=135096"}],"wp:term":[{"taxonomy":"category","embeddable":true,"href":"https:\/\/www.europesays.com\/fi\/wp-json\/wp\/v2\/categories?post=135096"},{"taxonomy":"post_tag","embeddable":true,"href":"https:\/\/www.europesays.com\/fi\/wp-json\/wp\/v2\/tags?post=135096"}],"curies":[{"name":"wp","href":"https:\/\/api.w.org\/{rel}","templated":true}]}}