{"id":135106,"date":"2026-01-06T16:50:06","date_gmt":"2026-01-06T16:50:06","guid":{"rendered":"https:\/\/www.europesays.com\/fi\/135106\/"},"modified":"2026-01-06T16:50:06","modified_gmt":"2026-01-06T16:50:06","slug":"ministeri-kolumbian-armeijan-taytyy-puolustaa-maata-yhdysvaltojen-mahdolliselta-hyokkaykselta-uutisia-lyhyesti","status":"publish","type":"post","link":"https:\/\/www.europesays.com\/fi\/135106\/","title":{"rendered":"Ministeri: Kolumbian armeijan t\u00e4ytyy puolustaa maata Yhdysvaltojen mahdolliselta hy\u00f6kk\u00e4ykselt\u00e4 | Uutisia lyhyesti"},"content":{"rendered":"<p class=\"aw-1gybjub aw-5vja16 kEtdKx kmuxyA yle__article__paragraph\">Kansainv\u00e4lisen lain mukaan valtioilla on oikeus oikeutettuun itsepuolustukseen, ulkoministeri Rosa Villavicencio sanoi.<\/p>\n<p class=\"aw-1gybjub aw-1p7kakr kEtdKx cEmitX yle__article__paragraph\">Kolumbian ulkoministeri sanoi tiistaina, ett\u00e4 maan armeijan t\u00e4ytyy puolustaa maan suvereniteettia Yhdysvaltojen mahdolliselta hy\u00f6kk\u00e4ykselt\u00e4.<\/p>\n<p class=\"aw-1gybjub aw-1p7kakr kEtdKx cEmitX yle__article__paragraph\">Yhdysvaltain presidentti <strong class=\"aw-ak79eh KyCXm yle__article__strong\">Donald Trump<\/strong> uhkasi sunnuntaina Kolumbiaa sotilaallisella toimella.<\/p>\n<p class=\"aw-1gybjub aw-1p7kakr kEtdKx cEmitX yle__article__paragraph\">H\u00e4n on uhkaillut Kolumbiaa aiemminkin, mutta nyt uhkauksella on enemm\u00e4n painoarvoa, kun Yhdysvallat sieppasi Venezuelan presidentti <strong class=\"aw-ak79eh KyCXm yle__article__strong\">Nicol\u00e1s Maduron<\/strong> lauantaisessa operaatiossaan.<\/p>\n<p class=\"aw-1gybjub aw-1p7kakr kEtdKx cEmitX yle__article__paragraph\">\u2013 Jos t\u00e4llainen aggressio tapahtuisi, armeijan t\u00e4ytyy puolustaa kansallista aluetta ja maan suvereniteettia, ulkoministeri <strong class=\"aw-ak79eh KyCXm yle__article__strong\">Rosa Villavicencio<\/strong> sanoi lehdist\u00f6tilaisuudessa.<\/p>\n<p class=\"aw-1gybjub aw-1p7kakr kEtdKx cEmitX yle__article__paragraph\">H\u00e4n huomautti, ett\u00e4 kansainv\u00e4lisen lain mukaan valtioilla on oikeus oikeutettuun itsepuolustukseen.<\/p>\n<p class=\"aw-1gybjub aw-1p7kakr kEtdKx cEmitX yle__article__paragraph\"><strong class=\"aw-ak79eh KyCXm yle__article__strong\">L\u00e4hde: Reuters<\/strong><\/p>\n","protected":false},"excerpt":{"rendered":"Kansainv\u00e4lisen lain mukaan valtioilla on oikeus oikeutettuun itsepuolustukseen, ulkoministeri Rosa Villavicencio sanoi. Kolumbian ulkoministeri sanoi tiistaina, ett\u00e4 maan&hellip;\n","protected":false},"author":2,"featured_media":74,"comment_status":"","ping_status":"","sticky":false,"template":"","format":"standard","meta":{"footnotes":""},"categories":[14],"tags":[22,23,26,27,33,31,30,17,70,1175,24,25,28,29,15,18,21,32,19,20,56,16,59,60,61,619],"class_list":{"0":"post-135106","1":"post","2":"type-post","3":"status-publish","4":"format-standard","5":"has-post-thumbnail","7":"category-ulkomaat","8":"tag-breaking-news","9":"tag-breakingnews","10":"tag-featured-news","11":"tag-featurednews","12":"tag-fi","13":"tag-finland","14":"tag-finnish","15":"tag-headlines","16":"tag-kansainvalinen-politiikka","17":"tag-kolumbia","18":"tag-latest-news","19":"tag-latestnews","20":"tag-main-news","21":"tag-mainnews","22":"tag-news","23":"tag-otsikot","24":"tag-paauutiset","25":"tag-suomi","26":"tag-top-stories","27":"tag-topstories","28":"tag-ulkomaat","29":"tag-uutiset","30":"tag-world","31":"tag-world-news","32":"tag-worldnews","33":"tag-yhdysvallat"},"share_on_mastodon":{"url":"https:\/\/pubeurope.com\/@fi\/115849188051511210","error":""},"_links":{"self":[{"href":"https:\/\/www.europesays.com\/fi\/wp-json\/wp\/v2\/posts\/135106","targetHints":{"allow":["GET"]}}],"collection":[{"href":"https:\/\/www.europesays.com\/fi\/wp-json\/wp\/v2\/posts"}],"about":[{"href":"https:\/\/www.europesays.com\/fi\/wp-json\/wp\/v2\/types\/post"}],"author":[{"embeddable":true,"href":"https:\/\/www.europesays.com\/fi\/wp-json\/wp\/v2\/users\/2"}],"replies":[{"embeddable":true,"href":"https:\/\/www.europesays.com\/fi\/wp-json\/wp\/v2\/comments?post=135106"}],"version-history":[{"count":0,"href":"https:\/\/www.europesays.com\/fi\/wp-json\/wp\/v2\/posts\/135106\/revisions"}],"wp:featuredmedia":[{"embeddable":true,"href":"https:\/\/www.europesays.com\/fi\/wp-json\/wp\/v2\/media\/74"}],"wp:attachment":[{"href":"https:\/\/www.europesays.com\/fi\/wp-json\/wp\/v2\/media?parent=135106"}],"wp:term":[{"taxonomy":"category","embeddable":true,"href":"https:\/\/www.europesays.com\/fi\/wp-json\/wp\/v2\/categories?post=135106"},{"taxonomy":"post_tag","embeddable":true,"href":"https:\/\/www.europesays.com\/fi\/wp-json\/wp\/v2\/tags?post=135106"}],"curies":[{"name":"wp","href":"https:\/\/api.w.org\/{rel}","templated":true}]}}