{"id":135107,"date":"2026-01-06T16:51:09","date_gmt":"2026-01-06T16:51:09","guid":{"rendered":"https:\/\/www.europesays.com\/fi\/135107\/"},"modified":"2026-01-06T16:51:09","modified_gmt":"2026-01-06T16:51:09","slug":"helppoa-suomea-vuonna-2026-tulee-muutoksia-maksuihin-ja-verotukseen-paikalliset","status":"publish","type":"post","link":"https:\/\/www.europesays.com\/fi\/135107\/","title":{"rendered":"Helppoa suomea | Vuonna 2026 tulee muutoksia maksuihin ja verotukseen | Paikalliset"},"content":{"rendered":"<p>Suomalaisten arkeen tulee muutoksia, kun vuosi vaihtuu. Vuoden 2026 alussa tulee voimaan uusia s\u00e4\u00e4nt\u00f6j\u00e4, jotka vaikuttavat erityisesti terveydenhuollon maksuihin ja verotukseen.<\/p>\n<p>\t\t\t\tTerveydenhuollon maksukatto nousee vuoden alussa<\/p>\n<p>Terveydenhuollon maksukatto tarkoittaa sit\u00e4 summaa, jonka asiakas maksaa terveyspalveluista vuoden aikana itse. Kun raja t\u00e4yttyy, loppuvuoden hoidot ovat potilaalle ilmaisia.<\/p>\n<p>Vuonna 2026 t\u00e4m\u00e4 raja on 815 euroa. Edellisen\u00e4 vuonna maksukatto oli 762 euroa.<\/p>\n<p>My\u00f6s l\u00e4\u00e4kkeiden vuosiomavastuu eli l\u00e4\u00e4kekatto nousee hieman. L\u00e4\u00e4kekatto tarkoittaa sit\u00e4 rahaa, jonka asiakas maksaa reseptil\u00e4\u00e4kkeist\u00e4 vuoden aikana itse.<\/p>\n<p>Vuonna 2025 l\u00e4\u00e4kekatto oli 633,17 euroa. Vuonna 2026 l\u00e4\u00e4kekatto nousi 636,12 euroon. Kun t\u00e4m\u00e4 summa t\u00e4yttyy, maksat loppuvuoden reseptil\u00e4\u00e4kkeist\u00e4 vain 2,50 euron omavastuun.<\/p>\n<p>\t\t\t\tJotkut Kelan tuet nousivat hieman vuonna 2026<\/p>\n<p>Kela joihinkin tukiin tuli korotuksia tammikuussa 2026. Korotukset johtuivat siit\u00e4, ett\u00e4 hinnat ovat nousseet Suomessa. T\u00e4t\u00e4 kutsutaan indeksikorotukseksi.<\/p>\n<p>Korotus on kuitenkin hyvin pieni, vain 0,5 prosenttia. Se tarkoittaa esimerkiksi sit\u00e4, ett\u00e4 jos tuki on ollut sata euroa, se nousee 50 sentti\u00e4.<\/p>\n<p>Esimerkiksi n\u00e4m\u00e4 tuet nousivat: kansanel\u00e4ke ja takuuel\u00e4ke, vammaistuet, toimeentulotuki.<\/p>\n<p>Kaikki tuet eiv\u00e4t nousseet. Suomen hallitus on p\u00e4\u00e4tt\u00e4nyt, ett\u00e4 osa tuista pidet\u00e4\u00e4n samalla tasolla vuoteen 2027 asti.<\/p>\n<p>Esimerkiksi ty\u00f6tt\u00f6myystuki, lapsilis\u00e4 ja opintoraha pysyv\u00e4t vuonna 2026 samana kuin ne olivat vuonna 2025. My\u00f6sk\u00e4\u00e4n asumistukeen ei tullut korotuksia.<\/p>\n<p>\t\t<a class=\"diks-gallery__link\" href=\"https:\/\/i.media.fi\/incoming\/a62igq\/6740871.jpg\/alternates\/FREE_1440\/6740871.jpg\" data-thumbnail=\"\" data-sub-html=\"My\u00f6s verotuksessa tapahtui vuonna 2026 muutoksia. Arkisto \/ Jussi Vehkasalo\" aria-label=\"Katso isompi kuva\" rel=\"nofollow noopener\" target=\"_blank\"><br \/>\n\t\t\t\t<img class=\"diks-figure__image\" src=\"https:\/\/www.europesays.com\/fi\/wp-content\/uploads\/2026\/01\/6740871.jpg\" loading=\"lazy\" decoding=\"sync\" alt=\"\"\/><\/p>\n<p>\t\t\t<\/a><br \/>\n\t\t\t\t\tMy\u00f6s verotuksessa tapahtui vuonna 2026 muutoksia. Arkisto \/ Jussi Vehkasalo<\/p>\n<p>\t\t\t\tMuutoksia verotukseen 2026<\/p>\n<p>Verotuksessa tapahtuu vuonna 2026 useita muutoksia. Monien tuotteiden ja palveluiden verotus kevenee.<\/p>\n<p>Suomessa on k\u00e4yt\u00f6ss\u00e4 arvonlis\u00e4vero eli ALV, joka on lis\u00e4tty tavaroiden hintoihin. Tammikuun ensimm\u00e4isen\u00e4 p\u00e4iv\u00e4n\u00e4 niin sanottu alennettu veroprosentti laski. Uusi vero on 13,5 prosenttia, kun se aiemmin oli 14 prosenttia.<\/p>\n<p>T\u00e4m\u00e4 muutos koskee monia t\u00e4rkeit\u00e4 asioita, joita ihmiset ostavat joka p\u00e4iv\u00e4. Veroprosentti laskee esimerkiksi n\u00e4iss\u00e4 tuotteissa ja palveluissa: ruoka, ravintola-annokset ja ateriapalvelut, l\u00e4\u00e4kkeet, liikuntapalvelut, kirjat, bussi-, juna- ja taksimatkat, majoitus hotellissa tai muussa paikassa.<\/p>\n<p>Veron lasku tarkoittaa, ett\u00e4 n\u00e4iden tuotteiden hinnat voivat laskea hieman. Kaupat ja yritykset saavat kuitenkin p\u00e4\u00e4tt\u00e4\u00e4 itse, laskevatko ne hintojaan vai eiv\u00e4t.<\/p>\n<p>Yleinen arvonlis\u00e4vero ei muuttunut vuonna 2026. Se pysyi edelleen 25,5 prosentissa. T\u00e4m\u00e4 korkeampi vero koskee useimpia muita tavaroita, kuten vaatteita, autoja ja kodinkoneita.<\/p>\n","protected":false},"excerpt":{"rendered":"Suomalaisten arkeen tulee muutoksia, kun vuosi vaihtuu. Vuoden 2026 alussa tulee voimaan uusia s\u00e4\u00e4nt\u00f6j\u00e4, jotka vaikuttavat erityisesti terveydenhuollon&hellip;\n","protected":false},"author":2,"featured_media":135108,"comment_status":"","ping_status":"","sticky":false,"template":"","format":"standard","meta":{"footnotes":""},"categories":[12],"tags":[22,23,26,27,33,31,30,17,395,2353,23682,827,24,25,28,29,15,18,21,32,5308,550,19,20,16,2186],"class_list":{"0":"post-135107","1":"post","2":"type-post","3":"status-publish","4":"format-standard","5":"has-post-thumbnail","7":"category-suomi","8":"tag-breaking-news","9":"tag-breakingnews","10":"tag-featured-news","11":"tag-featurednews","12":"tag-fi","13":"tag-finland","14":"tag-finnish","15":"tag-headlines","16":"tag-helppoa-suomea","17":"tag-hotellit-ja-majoitus","18":"tag-kela-korvaukset","19":"tag-kuluttaja-asiat","20":"tag-latest-news","21":"tag-latestnews","22":"tag-main-news","23":"tag-mainnews","24":"tag-news","25":"tag-otsikot","26":"tag-paauutiset","27":"tag-suomi","28":"tag-suomi-valtio","29":"tag-terveydenhuolto","30":"tag-top-stories","31":"tag-topstories","32":"tag-uutiset","33":"tag-verotus"},"share_on_mastodon":{"url":"https:\/\/pubeurope.com\/@fi\/115849192093178880","error":""},"_links":{"self":[{"href":"https:\/\/www.europesays.com\/fi\/wp-json\/wp\/v2\/posts\/135107","targetHints":{"allow":["GET"]}}],"collection":[{"href":"https:\/\/www.europesays.com\/fi\/wp-json\/wp\/v2\/posts"}],"about":[{"href":"https:\/\/www.europesays.com\/fi\/wp-json\/wp\/v2\/types\/post"}],"author":[{"embeddable":true,"href":"https:\/\/www.europesays.com\/fi\/wp-json\/wp\/v2\/users\/2"}],"replies":[{"embeddable":true,"href":"https:\/\/www.europesays.com\/fi\/wp-json\/wp\/v2\/comments?post=135107"}],"version-history":[{"count":0,"href":"https:\/\/www.europesays.com\/fi\/wp-json\/wp\/v2\/posts\/135107\/revisions"}],"wp:featuredmedia":[{"embeddable":true,"href":"https:\/\/www.europesays.com\/fi\/wp-json\/wp\/v2\/media\/135108"}],"wp:attachment":[{"href":"https:\/\/www.europesays.com\/fi\/wp-json\/wp\/v2\/media?parent=135107"}],"wp:term":[{"taxonomy":"category","embeddable":true,"href":"https:\/\/www.europesays.com\/fi\/wp-json\/wp\/v2\/categories?post=135107"},{"taxonomy":"post_tag","embeddable":true,"href":"https:\/\/www.europesays.com\/fi\/wp-json\/wp\/v2\/tags?post=135107"}],"curies":[{"name":"wp","href":"https:\/\/api.w.org\/{rel}","templated":true}]}}