{"id":135109,"date":"2026-01-06T16:52:08","date_gmt":"2026-01-06T16:52:08","guid":{"rendered":"https:\/\/www.europesays.com\/fi\/135109\/"},"modified":"2026-01-06T16:52:08","modified_gmt":"2026-01-06T16:52:08","slug":"kukaan-ei-aio-taistella-vastaan","status":"publish","type":"post","link":"https:\/\/www.europesays.com\/fi\/135109\/","title":{"rendered":"\u201dKukaan ei aio taistella vastaan\u201d"},"content":{"rendered":"<p>Yhdysvallat on supervalta, ja maailmaa py\u00f6ritet\u00e4\u00e4n voimalla ja vallalla, sanoo Trumpin neuvonantaja Stephen Miller.<\/p>\n<p><img decoding=\"async\" class=\"image image-show image-preview\" src=\"https:\/\/www.europesays.com\/fi\/wp-content\/uploads\/2026\/01\/f4ab443f5d2edad431b8c387707bbf0719b14993e7fdf8964ce401e7c80cd49e.jpg\" alt=\"\"\/><img decoding=\"async\" class=\"image image-show\" src=\"https:\/\/www.europesays.com\/fi\/wp-content\/uploads\/2026\/01\/1767718328_160_f4ab443f5d2edad431b8c387707bbf0719b14993e7fdf8964ce401e7c80cd49e.jpg\" alt=\"\"\/><\/p>\n<p>Stephen Miller lis\u00e4\u00e4 painetta Gr\u00f6nlantia kohtaan. EPA \/ AOP<\/p>\n<p class=\"paragraph\">Yhdysvaltain presidentti <a href=\"https:\/\/www.iltalehti.fi\/henkilot\/Donald Trump\" class=\"article-link-person-page\" rel=\"nofollow noopener\" target=\"_blank\">Donald Trumpin<\/a> vaikutusvaltainen neuvonantaja ja Maga-liikkeen taustavaikuttaja <a href=\"https:\/\/www.iltalehti.fi\/henkilot\/Stephen Miller\" class=\"article-link-person-page\" rel=\"nofollow noopener\" target=\"_blank\">Stephen Miller<\/a> lis\u00e4\u00e4 painetta Gr\u00f6nlantia kohtaan.<\/p>\n<p class=\"paragraph\">CNN:n <a href=\"https:\/\/www.iltalehti.fi\/henkilot\/Jake Tapper\" class=\"article-link-person-page\" rel=\"nofollow noopener\" target=\"_blank\">Jake Tapper<\/a> kysyi Millerilt\u00e4 useaan otteeseen, sulkeeko t\u00e4m\u00e4 pois sotilaallisen voiman Gr\u00f6nlannin valtaamiseksi. Millerin mukaan siihen ei tarvita sotilaallista voimaa, koska \u201dkukaan ei aio taistella Yhdysvaltoja vastaan \u200b\u200bsotilaallisesti Gr\u00f6nlannin tulevaisuudesta\u201d.<\/p>\n<p class=\"paragraph\">Miller sanoo CNN:n Jake Tapperille Yhdysvaltojen olevan supervalta ja ett\u00e4 todellisuudessa maailmaa py\u00f6ritet\u00e4\u00e4n voimalla ja vallalla.<\/p>\n<p class=\"paragraph\">\u2013 El\u00e4mme maailmassa, todellisessa maailmassa, Jake, jota hallitsee voima, jota hallitsee valta. N\u00e4m\u00e4 ovat maailman rautaiset lait aikojen alusta asti.<\/p>\n<p class=\"paragraph\">\u2013 Vapaan maailman tulevaisuus riippuu Yhdysvaltojen kyvyst\u00e4 puolustaa itse\u00e4\u00e4n ja intressej\u00e4\u00e4n pyytelem\u00e4tt\u00e4 anteeksi.<\/p>\n<p class=\"paragraph\">Trumpin vaatimukset Gr\u00f6nlannin valtaamisesta ovat koventuneet viime p\u00e4ivin\u00e4. Yhdysvallat havittelee Gr\u00f6nlantia saaren mineraalivarantojen ja sen strategisen sijainnin vuoksi. Gr\u00f6nlannista on lyhyin lentoreitti Yhdysvaltain ja Ven\u00e4j\u00e4n v\u00e4lill\u00e4.<\/p>\n<p class=\"paragraph\">Ruotsin ex-p\u00e4\u00e4ministeri <a href=\"https:\/\/www.iltalehti.fi\/henkilot\/Carl Bildt\" class=\"article-link-person-page\" rel=\"nofollow noopener\" target=\"_blank\">Carl Bildt<\/a> ennusti Millerin lausunnon pohjalta, ett \u00e4 Yhdysvallat tulisi k\u00e4ytt\u00e4m\u00e4\u00e4n raakaa voimaa Tanskaa kohtaan seuraavan puolen vuoden sis\u00e4ll\u00e4.<\/p>\n<p>Gr\u00f6nlanti USA:lle<\/p>\n<p class=\"paragraph\">Euroopan johtajat ovat asettuneet tukemaan Tanskaa, joka k\u00e4ski eilen maanantaina Trumpia lopettamaan uhkailut Gr\u00f6nlannin valtaamisesta. Arktisella alueella sijaitseva saari on Tanskan itsehallintoalue.<\/p>\n<p class=\"paragraph\">\u2013 Oikea kysymys kuuluu, mill\u00e4 oikeudella Tanska vaatii Gr\u00f6nlantia hallintaansa? Mik\u00e4 on heid\u00e4n aluevaatimuksensa perusta? Mill\u00e4 perusteella he pit\u00e4v\u00e4t Gr\u00f6nlantia Tanskan siirtomaana? Miller sanoo.<\/p>\n<p class=\"paragraph\">Millerin mukaan on luonnollista, ett\u00e4 Gr\u00f6nlannin tulee kuulua Yhdysvalloille.<\/p>\n<p class=\"paragraph\">\u2013 Jotta Yhdysvallat voi turvata arktisen alueen suojellakseen ja puolustaakseen Natoa ja Naton etuja, Gr\u00f6nlannin pit\u00e4isi luonnollisesti olla osa Yhdysvaltoja.<\/p>\n<p class=\"paragraph\">Aiemmin Millerin puoliso, my\u00f6s Trumpin l\u00e4hipiiri\u00e4 edustava <a href=\"https:\/\/www.iltalehti.fi\/henkilot\/Katie Miller\" class=\"article-link-person-page\" rel=\"nofollow noopener\" target=\"_blank\">Katie Miller<\/a> julkaisi kuvan Yhdysvaltain lipun v\u00e4reiss\u00e4 olevasta Gr\u00f6nlannista, saatesanoilla \u201dPian\u201d.<\/p>\n<p class=\"paragraph\">Miller toisti my\u00f6s Trumpin hallinnon v\u00e4itteen siit\u00e4, ett\u00e4 \u201dYhdysvallat johtaa Venezuelaa\u201d. Trumpin hallinto syrj\u00e4ytti Venezuelan itsevaltaisen presidentin <a href=\"https:\/\/www.iltalehti.fi\/henkilot\/Nicol\u00e1s Maduro\" class=\"article-link-person-page\" rel=\"nofollow noopener\" target=\"_blank\">Nicol\u00e1s Maduron<\/a> ja sieppasi h\u00e4net Yhdysvaltoihin.<\/p>\n<p class=\"paragraph\">Kansainv\u00e4liset sopimukset, jotka takaavat kansakunnille oikeuden itsen\u00e4isyyteen ja itsem\u00e4\u00e4r\u00e4\u00e4misoikeuteen, Miller tyrm\u00e4si \u201dkansainv\u00e4lisin\u00e4 hienouksina\u201d.<\/p>\n<p class=\"paragraph\">Kansainv\u00e4lisen oikeuden vastainen hy\u00f6kk\u00e4ys Venezuelaan on innostanut Trumpin hallinnon edustajia uhkaamaan vastaavilla iskuilla muihin Yhdysvalloille ep\u00e4mieluisiin maihin, kuten Kolumbiaan ja Kuubaan.<\/p>\n<p class=\"paragraph\">Stephen Miller on Valkoisen talon varakansliap\u00e4\u00e4llikk\u00f6 sek\u00e4 politiikan ja kotimaan turvallisuuden neuvonantaja, joka on toiminut Trumpin taustajoukoissa vuoden 2016 presidentinvaaleista l\u00e4htien.<\/p>\n<p class=\"paragraph\"><a href=\"https:\/\/www.splcenter.org\/resources\/extremist-files\/stephen-miller\/\" target=\"_blank\" rel=\"noopener nofollow\">Yhdysvaltalainen ihmisoikeusj\u00e4rjest\u00f6 Southern Poverty Law<\/a> luokittelee Millerin valkoisen ylivallan kannattajaksi ja \u00e4\u00e4rioikeistolaiseksi ekstremistiksi.<\/p>\n","protected":false},"excerpt":{"rendered":"Yhdysvallat on supervalta, ja maailmaa py\u00f6ritet\u00e4\u00e4n voimalla ja vallalla, sanoo Trumpin neuvonantaja Stephen Miller. Stephen Miller lis\u00e4\u00e4 painetta&hellip;\n","protected":false},"author":2,"featured_media":135110,"comment_status":"","ping_status":"","sticky":false,"template":"","format":"standard","meta":{"footnotes":""},"categories":[5],"tags":[35,22,23,26,27,33,31,30,17,24,25,28,29,15,18,21,142,637,144,32,19,20,16,638,143],"class_list":{"0":"post-135109","1":"post","2":"type-post","3":"status-publish","4":"format-standard","5":"has-post-thumbnail","7":"category-otsikot","8":"tag-24h","9":"tag-breaking-news","10":"tag-breakingnews","11":"tag-featured-news","12":"tag-featurednews","13":"tag-fi","14":"tag-finland","15":"tag-finnish","16":"tag-headlines","17":"tag-latest-news","18":"tag-latestnews","19":"tag-main-news","20":"tag-mainnews","21":"tag-news","22":"tag-otsikot","23":"tag-paauutiset","24":"tag-poliitikot","25":"tag-politiikka","26":"tag-presidentti","27":"tag-suomi","28":"tag-top-stories","29":"tag-topstories","30":"tag-uutiset","31":"tag-valtiovalta","32":"tag-yhdysvaltain-politiikka"},"share_on_mastodon":{"url":"https:\/\/pubeurope.com\/@fi\/115849195863509565","error":""},"_links":{"self":[{"href":"https:\/\/www.europesays.com\/fi\/wp-json\/wp\/v2\/posts\/135109","targetHints":{"allow":["GET"]}}],"collection":[{"href":"https:\/\/www.europesays.com\/fi\/wp-json\/wp\/v2\/posts"}],"about":[{"href":"https:\/\/www.europesays.com\/fi\/wp-json\/wp\/v2\/types\/post"}],"author":[{"embeddable":true,"href":"https:\/\/www.europesays.com\/fi\/wp-json\/wp\/v2\/users\/2"}],"replies":[{"embeddable":true,"href":"https:\/\/www.europesays.com\/fi\/wp-json\/wp\/v2\/comments?post=135109"}],"version-history":[{"count":0,"href":"https:\/\/www.europesays.com\/fi\/wp-json\/wp\/v2\/posts\/135109\/revisions"}],"wp:featuredmedia":[{"embeddable":true,"href":"https:\/\/www.europesays.com\/fi\/wp-json\/wp\/v2\/media\/135110"}],"wp:attachment":[{"href":"https:\/\/www.europesays.com\/fi\/wp-json\/wp\/v2\/media?parent=135109"}],"wp:term":[{"taxonomy":"category","embeddable":true,"href":"https:\/\/www.europesays.com\/fi\/wp-json\/wp\/v2\/categories?post=135109"},{"taxonomy":"post_tag","embeddable":true,"href":"https:\/\/www.europesays.com\/fi\/wp-json\/wp\/v2\/tags?post=135109"}],"curies":[{"name":"wp","href":"https:\/\/api.w.org\/{rel}","templated":true}]}}