{"id":135115,"date":"2026-01-06T17:07:08","date_gmt":"2026-01-06T17:07:08","guid":{"rendered":"https:\/\/www.europesays.com\/fi\/135115\/"},"modified":"2026-01-06T17:07:08","modified_gmt":"2026-01-06T17:07:08","slug":"x-factor-voittaja-avoimena-7-vuotta-raittiina","status":"publish","type":"post","link":"https:\/\/www.europesays.com\/fi\/135115\/","title":{"rendered":"X Factor -voittaja avoimena: 7 vuotta raittiina"},"content":{"rendered":"<p>Laulukilpailun voittanut Tika Liljegren avautuu raittiudestaan.<\/p>\n<p><img decoding=\"async\" class=\"image image-show image-preview\" src=\"https:\/\/www.europesays.com\/fi\/wp-content\/uploads\/2026\/01\/9eb46a91c3a3d8991a9a69ab47e221e9171e9fec19df5688ee05953919592847.jpg\" alt=\"\"\/><img decoding=\"async\" class=\"image image-show\" src=\"https:\/\/www.europesays.com\/fi\/wp-content\/uploads\/2026\/01\/1767719228_203_9eb46a91c3a3d8991a9a69ab47e221e9171e9fec19df5688ee05953919592847.jpg\" alt=\"\"\/><\/p>\n<p>Tika pyrki Suomen edustajaksi Euroviisuihin vuonna 2020. Timo Korhonen, AOP<\/p>\n<p class=\"paragraph\">X Factor -kilpailun vuonna 2018 voittanut <a href=\"https:\/\/www.iltalehti.fi\/henkilot\/Tika\" class=\"article-link-person-page\" rel=\"nofollow noopener\" target=\"_blank\">Tika<\/a> eli <strong>Tika Liljegren <\/strong>on ollut seitsem\u00e4n vuotta raittiina. H\u00e4n kertoo asiasta omalla Instagram-tilill\u00e4\u00e4n.<\/p>\n<p class=\"paragraph\">Laulaja on julkaissut kuvan, jossa h\u00e4n on pukeutunut v\u00e4rikk\u00e4\u00e4seen mekkoon.<\/p>\n<p class=\"paragraph\">Jos p\u00e4ivitys ei n\u00e4y, voit katsoa sen <a href=\"https:\/\/www.instagram.com\/p\/DTKQ9CJiAmF\/\" target=\"_blank\" rel=\"noopener nofollow\">t\u00e4st\u00e4<\/a>.<\/p>\n<p class=\"paragraph\">\u2013 Viime vuosi on ollut vaikein vuosi pitk\u00e4\u00e4n aikaan, ja valitettavasti se tulee olemaan viel\u00e4 jonkin aikaa, laulaja kirjoittaa p\u00e4ivityksess\u00e4\u00e4n.<\/p>\n<p class=\"paragraph\">\u2013 Olen todella kiitollinen raittiudestani, koska olen tuntenut oloni eksyneeksi ja h\u00e4mmentyneeksi. Mutta tied\u00e4n, ett\u00e4 jos alkoholi olisi ollut mukana, olisin ollut pulassa, h\u00e4n jatkaa.<\/p>\n<p class=\"paragraph\">\u2013 Vaikka se on ollut vaikeaa, olen my\u00f6s kiitollinen kaikista kauniista ihmisist\u00e4 el\u00e4m\u00e4ss\u00e4ni, jotka tekev\u00e4t siit\u00e4 v\u00e4hemm\u00e4n vaikeaa.<\/p>\n<p class=\"paragraph\">Tika nousi julkisuuteen vuonna 2018, kun h\u00e4n niitti menestyst\u00e4 X Factor -ohjelmassa. H\u00e4nen mentorinaan toimi laulaja <a href=\"https:\/\/www.iltalehti.fi\/henkilot\/Saara Aalto\" class=\"article-link-person-page\" rel=\"nofollow noopener\" target=\"_blank\">Saara Aalto<\/a>. Ohjelman muina mentoreina n\u00e4htiin <a href=\"https:\/\/www.iltalehti.fi\/henkilot\/Suvi Ter\u00e4sniska\" class=\"article-link-person-page\" rel=\"nofollow noopener\" target=\"_blank\">Suvi Ter\u00e4sniska<\/a>, <a href=\"https:\/\/www.iltalehti.fi\/henkilot\/Michael Monroe\" class=\"article-link-person-page\" rel=\"nofollow noopener\" target=\"_blank\">Michael Monroe<\/a> ja <a href=\"https:\/\/www.iltalehti.fi\/henkilot\/Mikael Gabriel\" class=\"article-link-person-page\" rel=\"nofollow noopener\" target=\"_blank\">Mikael Gabriel<\/a>.<\/p>\n<p class=\"paragraph\">Vuonna 2020 h\u00e4n osallistui Uuden musiikin kilpailuun kappaleella I Let My Heart Break. Tika sijoittui finaalissa kolmanneksi, kun voiton vei <a href=\"https:\/\/www.iltalehti.fi\/henkilot\/Aksel Kankaanranta\" class=\"article-link-person-page\" rel=\"nofollow noopener\" target=\"_blank\">Aksel Kankaanranta<\/a>.<\/p>\n<p class=\"paragraph\">Musiikin lis\u00e4ksi Tika on ty\u00f6skennellyt rakennusmaalarina ja Buu-klubben-ohjelman juontajana.<\/p>\n<p><script async src=\"\/\/www.instagram.com\/embed.js\"><\/script><\/p>\n","protected":false},"excerpt":{"rendered":"Laulukilpailun voittanut Tika Liljegren avautuu raittiudestaan. Tika pyrki Suomen edustajaksi Euroviisuihin vuonna 2020. Timo Korhonen, AOP X Factor&hellip;\n","protected":false},"author":2,"featured_media":135116,"comment_status":"","ping_status":"","sticky":false,"template":"","format":"standard","meta":{"footnotes":""},"categories":[133],"tags":[35,138,137,33,31,30,525,47,141,32,484,206,156,109],"class_list":{"0":"post-135115","1":"post","2":"type-post","3":"status-publish","4":"format-standard","5":"has-post-thumbnail","7":"category-televisiot","8":"tag-24h","9":"tag-audio","10":"tag-entertainment","11":"tag-fi","12":"tag-finland","13":"tag-finnish","14":"tag-laulaminen-ja-laulajat","15":"tag-musiikki","16":"tag-muusikot-bandit","17":"tag-suomi","18":"tag-taiteellinen-ilmaisu-ja-mediat","19":"tag-televisiot","20":"tag-tv","21":"tag-viihde"},"share_on_mastodon":{"url":"https:\/\/pubeurope.com\/@fi\/115849254865155270","error":""},"_links":{"self":[{"href":"https:\/\/www.europesays.com\/fi\/wp-json\/wp\/v2\/posts\/135115","targetHints":{"allow":["GET"]}}],"collection":[{"href":"https:\/\/www.europesays.com\/fi\/wp-json\/wp\/v2\/posts"}],"about":[{"href":"https:\/\/www.europesays.com\/fi\/wp-json\/wp\/v2\/types\/post"}],"author":[{"embeddable":true,"href":"https:\/\/www.europesays.com\/fi\/wp-json\/wp\/v2\/users\/2"}],"replies":[{"embeddable":true,"href":"https:\/\/www.europesays.com\/fi\/wp-json\/wp\/v2\/comments?post=135115"}],"version-history":[{"count":0,"href":"https:\/\/www.europesays.com\/fi\/wp-json\/wp\/v2\/posts\/135115\/revisions"}],"wp:featuredmedia":[{"embeddable":true,"href":"https:\/\/www.europesays.com\/fi\/wp-json\/wp\/v2\/media\/135116"}],"wp:attachment":[{"href":"https:\/\/www.europesays.com\/fi\/wp-json\/wp\/v2\/media?parent=135115"}],"wp:term":[{"taxonomy":"category","embeddable":true,"href":"https:\/\/www.europesays.com\/fi\/wp-json\/wp\/v2\/categories?post=135115"},{"taxonomy":"post_tag","embeddable":true,"href":"https:\/\/www.europesays.com\/fi\/wp-json\/wp\/v2\/tags?post=135115"}],"curies":[{"name":"wp","href":"https:\/\/api.w.org\/{rel}","templated":true}]}}