{"id":135125,"date":"2026-01-06T17:16:08","date_gmt":"2026-01-06T17:16:08","guid":{"rendered":"https:\/\/www.europesays.com\/fi\/135125\/"},"modified":"2026-01-06T17:16:08","modified_gmt":"2026-01-06T17:16:08","slug":"puukotus-kolarissa-uhri-ei-tuntenut-puukottajaa-entuudestaan","status":"publish","type":"post","link":"https:\/\/www.europesays.com\/fi\/135125\/","title":{"rendered":"Puukotus Kolarissa \u2013\u202fuhri ei tuntenut puukottajaa entuudestaan"},"content":{"rendered":"<p class=\"article__paragraph\">\n      Kolarissa tapahtui maanantai-iltana puukotus.\n    <\/p>\n<p class=\"article__paragraph\">\n      Poliisipartiot saivat h\u00e4lytyksen yksityisasuntoon Muoniontielle maanantai-iltana.\n    <\/p>\n<p class=\"article__paragraph\">\n      Poliisin mukaan v\u00e4kivallanteossa oli k\u00e4ytetty v\u00e4lineen\u00e4 puukkoa. \u00a0Tekij\u00e4 otettiin kiinni ja uhri toimitettiin Lapin keskussairaalaan hoidettavaksi.\n    <\/p>\n<p class=\"article__paragraph\">\n      Poliisin mukaan tekij\u00e4 ja uhri eiv\u00e4t tunteneet toisiaan etuudesta. Uhrilla ei ole en\u00e4\u00e4 hengenvaaraa.\n    <\/p>\n<p class=\"article__paragraph\">\n      Teht\u00e4v\u00e4\u00e4n osallistui useita poliisipartioita. Tapausta tutkinaan tapon yrityksen\u00e4.\n    <\/p>\n","protected":false},"excerpt":{"rendered":"Kolarissa tapahtui maanantai-iltana puukotus. Poliisipartiot saivat h\u00e4lytyksen yksityisasuntoon Muoniontielle maanantai-iltana. Poliisin mukaan v\u00e4kivallanteossa oli k\u00e4ytetty v\u00e4lineen\u00e4 puukkoa. \u00a0Tekij\u00e4&hellip;\n","protected":false},"author":2,"featured_media":135126,"comment_status":"","ping_status":"","sticky":false,"template":"","format":"standard","meta":{"footnotes":""},"categories":[14],"tags":[22,23,26,27,33,31,30,17,24,25,28,29,15,18,21,32,19,20,56,16,59,60,61],"class_list":{"0":"post-135125","1":"post","2":"type-post","3":"status-publish","4":"format-standard","5":"has-post-thumbnail","7":"category-ulkomaat","8":"tag-breaking-news","9":"tag-breakingnews","10":"tag-featured-news","11":"tag-featurednews","12":"tag-fi","13":"tag-finland","14":"tag-finnish","15":"tag-headlines","16":"tag-latest-news","17":"tag-latestnews","18":"tag-main-news","19":"tag-mainnews","20":"tag-news","21":"tag-otsikot","22":"tag-paauutiset","23":"tag-suomi","24":"tag-top-stories","25":"tag-topstories","26":"tag-ulkomaat","27":"tag-uutiset","28":"tag-world","29":"tag-world-news","30":"tag-worldnews"},"share_on_mastodon":{"url":"https:\/\/pubeurope.com\/@fi\/115849290403996767","error":""},"_links":{"self":[{"href":"https:\/\/www.europesays.com\/fi\/wp-json\/wp\/v2\/posts\/135125","targetHints":{"allow":["GET"]}}],"collection":[{"href":"https:\/\/www.europesays.com\/fi\/wp-json\/wp\/v2\/posts"}],"about":[{"href":"https:\/\/www.europesays.com\/fi\/wp-json\/wp\/v2\/types\/post"}],"author":[{"embeddable":true,"href":"https:\/\/www.europesays.com\/fi\/wp-json\/wp\/v2\/users\/2"}],"replies":[{"embeddable":true,"href":"https:\/\/www.europesays.com\/fi\/wp-json\/wp\/v2\/comments?post=135125"}],"version-history":[{"count":0,"href":"https:\/\/www.europesays.com\/fi\/wp-json\/wp\/v2\/posts\/135125\/revisions"}],"wp:featuredmedia":[{"embeddable":true,"href":"https:\/\/www.europesays.com\/fi\/wp-json\/wp\/v2\/media\/135126"}],"wp:attachment":[{"href":"https:\/\/www.europesays.com\/fi\/wp-json\/wp\/v2\/media?parent=135125"}],"wp:term":[{"taxonomy":"category","embeddable":true,"href":"https:\/\/www.europesays.com\/fi\/wp-json\/wp\/v2\/categories?post=135125"},{"taxonomy":"post_tag","embeddable":true,"href":"https:\/\/www.europesays.com\/fi\/wp-json\/wp\/v2\/tags?post=135125"}],"curies":[{"name":"wp","href":"https:\/\/api.w.org\/{rel}","templated":true}]}}