{"id":135127,"date":"2026-01-06T17:17:10","date_gmt":"2026-01-06T17:17:10","guid":{"rendered":"https:\/\/www.europesays.com\/fi\/135127\/"},"modified":"2026-01-06T17:17:10","modified_gmt":"2026-01-06T17:17:10","slug":"marika-25-ei-puhu-liiku-tai-syo-itse-vanhemmat-tyrmistyivat-kun-hyvinvointialue-vahensi-avun-maaraa","status":"publish","type":"post","link":"https:\/\/www.europesays.com\/fi\/135127\/","title":{"rendered":"Marika, 25, ei puhu, liiku tai sy\u00f6 itse \u2013 vanhemmat tyrmistyiv\u00e4t, kun hyvinvointialue v\u00e4hensi avun m\u00e4\u00e4r\u00e4\u00e4"},"content":{"rendered":"<p>Marikan hoitaminen kotona ilman riitt\u00e4v\u00e4\u00e4 apua tulee kalliiksi. Vanhemmat laskevat maksaneensa hoivayrityksen palveluista yli 18\u00a0000 euroa<\/p>\n<p>Lue tiivistelm\u00e4<\/p>\n<p class=\"article-body mb-nof-24 px-nof-16 sndp-summary-bullet-point-font\">Pohjois-Karjalan hyvinvointialue v\u00e4hent\u00e4\u00e4 vaikeasti vammaisen Marika Kinnusen kotiin saaman avun m\u00e4\u00e4r\u00e4\u00e4 72 tunnilla kuukaudessa.<\/p>\n<p class=\"article-body mb-nof-24 px-nof-16 sndp-summary-bullet-point-font\">25-vuotias Marika on neliraajahalvaantunut liikenneonnettomuuden seurauksena, eik\u00e4 pysty puhumaan tai sy\u00f6m\u00e4\u00e4n itsen\u00e4isesti.<\/p>\n<p class=\"article-body mb-nof-24 px-nof-16 sndp-summary-bullet-point-font\">Vanhemmat Kirsi Leskel\u00e4 ja Jari Kinnunen ovat maksaneet hoivapalveluista omasta pussistaan yli 18 000 euroa, ja tekev\u00e4t p\u00e4\u00e4t\u00f6ksest\u00e4 oikaisuvaatimuksen.<\/p>\n<p class=\"article-body mb-nof-24 px-nof-16\">Siit\u00e4 piti tulla hartaasti odotettu joululahja, mutta toisin k\u00e4vi.<\/p>\n<p class=\"article-body mb-nof-24 px-nof-16\">Sosiaality\u00f6ntekij\u00e4n joulun alla tekem\u00e4n p\u00e4\u00e4t\u00f6ksen mukaan vaikeasti vammaisen <a class=\"font-bold underline-offset-[0.12em] [text-decoration:var(--person-link-text-decoration)] ![text-decoration-color:var(--person-link-text-decoration-color)]\" href=\"https:\/\/www.is.fi\/haku\/?query=Marika%20Kinnusen\" rel=\"nofollow noopener\" target=\"_blank\">Marika Kinnusen<\/a>, 25, kotiin saama apu v\u00e4henee merkitt\u00e4v\u00e4sti aiemmasta \u2013 avustajatuntim\u00e4\u00e4r\u00e4 putoaa 72 tunnilla kuukaudessa.<\/p>\n<p class=\"article-body mb-nof-24 px-nof-16\">Marikan vanhempien <a class=\"font-bold underline-offset-[0.12em] [text-decoration:var(--person-link-text-decoration)] ![text-decoration-color:var(--person-link-text-decoration-color)]\" href=\"https:\/\/www.is.fi\/haku\/?query=Kirsi%20Leskel%C3%A4n\" rel=\"nofollow noopener\" target=\"_blank\">Kirsi Leskel\u00e4n <\/a>ja <a class=\"font-bold underline-offset-[0.12em] [text-decoration:var(--person-link-text-decoration)] ![text-decoration-color:var(--person-link-text-decoration-color)]\" href=\"https:\/\/www.is.fi\/haku\/?query=Jari%20Kinnusen\" rel=\"nofollow noopener\" target=\"_blank\">Jari Kinnusen<\/a> h\u00e4d\u00e4n ymm\u00e4rt\u00e4minen vaatii taustoitusta.<\/p>\n<p class=\"article-body mb-nof-24 px-nof-16\">Marika on neliraajahalvaantunut, eik\u00e4 h\u00e4n esimerkiksi pysty puhumaan tai sy\u00f6m\u00e4\u00e4n itsen\u00e4isesti. Ilta-Sanomat <a class=\"underline underline-offset-[0.12em] [text-decoration-thickness:var(--generic-link-underline-thickness)] [text-decoration-color:var(--generic-link-underline-color)] [text-decoration-skip-ink:var(--generic-link-underline-skip-ink)] break-words\" href=\"https:\/\/www.is.fi\/kotimaa\/art-2000011124876.html\" rel=\"nofollow noopener\" target=\"_blank\">kirjoitti perheen arjesta viime vuoden huhtikuussa<\/a>.<\/p>\n<p><img decoding=\"async\" src=\"https:\/\/www.europesays.com\/fi\/wp-content\/uploads\/2026\/01\/1767719828_702_978.jpg\" alt=\"Vanhemmat ovat j\u00e4rjest\u00e4neet el\u00e4m\u00e4ns\u00e4 Marikan ehdoilla. \u00c4iti Kirsi oli ennen tuhoisaa autokolaria hakenut sairaanhoitajaopintoihin, mutta h\u00e4n luopui haaveestaan j\u00e4\u00e4d\u00e4kseen kotiin Marikan omaishoitajaksi.\" class=\"_Img_1rerz_1\" style=\"aspect-ratio:1\" loading=\"eager\"\/><\/p>\n<p class=\"article-picture-caption\">Vanhemmat ovat j\u00e4rjest\u00e4neet el\u00e4m\u00e4ns\u00e4 Marikan ehdoilla. \u00c4iti Kirsi oli ennen tuhoisaa autokolaria hakenut sairaanhoitajaopintoihin, mutta h\u00e4n luopui haaveestaan j\u00e4\u00e4d\u00e4kseen kotiin Marikan omaishoitajaksi. Kuva:\u00a0Riikka Hurri<\/p>\n<p class=\"article-body mb-nof-24 px-nof-16\">Marikaa hoidetaan kotona omakotitalossa, ja viime ajat perhe on k\u00e4ynyt taistelua siit\u00e4, miten paljon he saavat t\u00e4h\u00e4n apua Pohjois-Karjalan hyvinvointialueelta eli Siun sotelta.<\/p>\n<p class=\"article-body mb-nof-24 px-nof-16\">Ennen kuin v\u00e4\u00e4nt\u00f6 avustajatunneista alkoi, Marika sai vammaispalvelun tukea kotona asumiseen kaikkiaan 292 tuntia kuukaudessa.<\/p>\n<p class=\"article-body mb-nof-24 px-nof-16\">Tuorein p\u00e4\u00e4t\u00f6s ihmetytt\u00e4\u00e4 Marikan vanhempia. He pit\u00e4v\u00e4t avustajatuntien v\u00e4hent\u00e4mist\u00e4 suoranaisena ajojahtina heit\u00e4 kohtaan.<\/p>\n<p class=\"article-body mb-nof-24 px-nof-16\">\u2013 Silloin kun t\u00e4m\u00e4 alkoi, niin Marikan hoitamista kotona ei pidetty turvallisena. Nyt uuden p\u00e4\u00e4t\u00f6ksen mukaan pit\u00e4\u00e4 tulla toimeen v\u00e4hemmill\u00e4 tunneilla. Miten t\u00e4m\u00e4 nyt on sitten turvallista? Eik\u00f6 t\u00e4ss\u00e4 ole selv\u00e4 ristiriita? Kirsi ja Jari ihmettelev\u00e4t.<\/p>\n<p>Tausta<\/p>\n<p>Vammautui turmassa<\/p>\n<ul class=\"mb-nof-16 px-nof-16 article-unordered-list unordered-list\">\n<li class=\"unordered-list-item\">\n<p class=\"article-body\">Marika loukkaantui vakavasti liikenneonnettomuudessa torstaina 3. huhtikuuta 2003.<\/p>\n<\/li>\n<li class=\"unordered-list-item\">\n<p class=\"article-body\">Vastaantulevan auton i\u00e4k\u00e4s kuljettaja nukahti rattiin ja osui perheen autoon. 2,5 vuotias Marika oli turvaistuimessa, mutta sai vakavia vammoja p\u00e4\u00e4h\u00e4ns\u00e4 ja menetti puhe- ja liikuntakykyns\u00e4.<\/p>\n<\/li>\n<li class=\"unordered-list-item\">\n<p class=\"article-body\">\u00c4iti Kirsi Leskel\u00e4 j\u00e4i pois ty\u00f6el\u00e4m\u00e4st\u00e4 ja on toiminut tytt\u00e4rens\u00e4 omaishoitajana onnettomuudesta asti.<\/p>\n<\/li>\n<li class=\"unordered-list-item\">\n<p class=\"article-body\">Perheen omakotitalon yhteydess\u00e4 Marikalla on t\u00e4ydellisesti varustettu oma asunto, jossa h\u00e4n pystyy t\u00e4ysin avustettuna asumaan. Kun ulkopuoliset hoitajat eiv\u00e4t ole paikalla, niin \u00e4iti ja is\u00e4 huolehtivat tytt\u00e4rest\u00e4\u00e4n.<\/p>\n<\/li>\n<\/ul>\n<blockquote class=\"p-[var(--citation-padding)] m-[var(--citation-margin)] border-y-[length:var(--citation-border-width)] border-y-[color:var(--citation-border-color)]\">\n<p>Min\u00e4 olen Marikalle luvannut, ett\u00e4 h\u00e4net hoidetaan kotona ja siit\u00e4 pidet\u00e4\u00e4n kiinni.<\/p>\n<\/blockquote>\n<p><img decoding=\"async\" src=\"https:\/\/www.europesays.com\/fi\/wp-content\/uploads\/2026\/01\/1767719828_189_978.jpg\" alt=\"Kirsi Leskel\u00e4 ja Jari Kinnunen ovat pettyneit\u00e4 siihen, ett\u00e4 Marikan saamaa apua v\u00e4hennet\u00e4\u00e4n.\" class=\"_Img_1rerz_1\" style=\"aspect-ratio:1\" loading=\"eager\"\/><\/p>\n<p class=\"article-picture-caption\">Kirsi Leskel\u00e4 ja Jari Kinnunen ovat pettyneit\u00e4 siihen, ett\u00e4 Marikan saamaa apua v\u00e4hennet\u00e4\u00e4n. Kuva:\u00a0Riikka Hurri<\/p>\n<p class=\"article-body mb-nof-24 px-nof-16\">T\u00e4lt\u00e4 tilanne on n\u00e4ytt\u00e4nyt aiemmin: Vuodesta 2019 Marikalla oli hoitaja p\u00e4iv\u00e4saikaan 48 tuntia ja y\u00f6aikaan 20 tuntia viikossa. Lis\u00e4ksi vuodesta 2022 alkaen hoitaja k\u00e4vi ylim\u00e4\u00e4r\u00e4iset 20 y\u00f6tuntia kuukaudessa. Nelj\u00e4ss\u00e4 viikossa t\u00e4m\u00e4 tarkoitti kaikkiaan 292 tuntia.<\/p>\n<p class=\"article-body mb-nof-24 px-nof-16\">Viime kes\u00e4n\u00e4 kaikki kuitenkin muuttui. Y\u00f6tunnit loppuivat kokonaan ja v\u00e4hitellen ulkopuolisen hoitajan osuus pieneni 30 tuntiin kuukaudessa.<\/p>\n<p class=\"article-body mb-nof-24 px-nof-16\">Hallinto-oikeus kumosi Siun soten p\u00e4\u00e4t\u00f6ksen ja painotti ratkaisussaan, ett\u00e4 asian uudelleenk\u00e4sittelyss\u00e4 on sovitettava yhteen lyhytaikaisen huolenpidon ja asumisen tuen palvelujen kokonaisuus.<\/p>\n<p><img decoding=\"async\" src=\"https:\/\/www.europesays.com\/fi\/wp-content\/uploads\/2026\/01\/1767719829_395_978.jpg\" alt=\"Marika kuvattuna ennen autokolaria.\" class=\"_Img_1rerz_1\" style=\"aspect-ratio:0.7276041666666667\" loading=\"eager\"\/><\/p>\n<p class=\"article-picture-caption\">Marika kuvattuna ennen autokolaria. Kuva:\u00a0Riikka Hurri<\/p>\n<p class=\"article-body mb-nof-24 px-nof-16\">Nyt Siun sotessa on tehty siis uusi p\u00e4\u00e4t\u00f6s. Se ei ole yht\u00e4 perheelle yht\u00e4 karvasta kalkkia kuin aiempi, mutta 72 avustajatuntia v\u00e4hemm\u00e4n on kuitenkin selke\u00e4 heikennys l\u00e4ht\u00f6tilanteeseen.<\/p>\n<p class=\"article-body mb-nof-24 px-nof-16\">P\u00e4\u00e4t\u00f6ksess\u00e4 on vanhempien n\u00e4k\u00f6kulmasta my\u00f6s muita ongelmia. Yksi niist\u00e4 liittyy joustavuuteen.<\/p>\n<p class=\"article-body mb-nof-24 px-nof-16\">Siun soten avustajapalvelut tulevat kahdelta yksityiselt\u00e4 yritykselt\u00e4. Toinen niist\u00e4 tuottaa sosiaalihuoltolain mukaiset asumisen palvelun tukitunnit, toinen vammaispalvelulain mukaiset avustajapalvelut.<\/p>\n<p class=\"article-body mb-nof-24 px-nof-16\">Tuore p\u00e4\u00e4t\u00f6s ei mahdollista sit\u00e4, ett\u00e4 ongelmatilanteissa palveluntuottajat voisivat tuurata toisiaan.<\/p>\n<p class=\"article-body mb-nof-24 px-nof-16\">\u2013\u2009P\u00e4\u00e4t\u00f6kset on tehty hankaloittamaan palvelujen yhteen sovittamista, ei helpottamaan sit\u00e4. Aiemmin palveluntuottajat saattoivat sijaistaa toisiaan, jos oli jotain sairastapauksia, mutta en\u00e4\u00e4 se ei onnistu, Kirsi Leskel\u00e4 sanoo.<\/p>\n<p><img decoding=\"async\" src=\"https:\/\/www.europesays.com\/fi\/wp-content\/uploads\/2026\/01\/1767719829_883_978.jpg\" alt=\"Marikaa liikutetaan kattonostimen avulla.\" class=\"_Img_1rerz_1\" style=\"aspect-ratio:1.5\" loading=\"eager\"\/><\/p>\n<p class=\"article-picture-caption\">Marikaa liikutetaan kattonostimen avulla. Kuva:\u00a0Riikka Hurri<\/p>\n<p><img decoding=\"async\" src=\"https:\/\/www.europesays.com\/fi\/wp-content\/uploads\/2026\/01\/1767719829_664_978.jpg\" alt=\"Perheen kodissa on t\u00e4ll\u00e4 hetkell\u00e4 sairaalatason apuv\u00e4lineet Marikan hoitoon.\" class=\"_Img_1rerz_1\" style=\"aspect-ratio:0.6770833333333334\" loading=\"eager\"\/><\/p>\n<p class=\"article-picture-caption\">Perheen kodissa on t\u00e4ll\u00e4 hetkell\u00e4 sairaalatason apuv\u00e4lineet Marikan hoitoon. Kuva:\u00a0Riikka Hurri<\/p>\n<p class=\"article-body mb-nof-24 px-nof-16\">Marikan vanhempien oma jaksaminen on ollut tiukalla kuluneen vuoden aikana.<\/p>\n<p class=\"article-body mb-nof-24 px-nof-16\">Siun soten vammaispalvelun karsittua asumisen tuen avustajatunteja viime vuonna perheell\u00e4 ei ollut muuta vaihtoehtoa kuin maksaa tarvitsemansa lis\u00e4palvelut omasta kukkarosta.<\/p>\n<p class=\"article-body mb-nof-24 px-nof-16\">Vanhemmat laskeskelevat maksaneensa hoivayrityksen palveluista ylim\u00e4\u00e4r\u00e4ist\u00e4 yli 18\u00a0000 euroa, jonka lis\u00e4ksi laskua kasvattavat asianajokulut.<\/p>\n<p class=\"article-body mb-nof-24 px-nof-16\">Siun soten ammattilaisten mielest\u00e4 Marikan paikka olisi laitoshoidossa, mutta vanhemmat ovat toista mielt\u00e4. \u00c4idin vakavasti vammautuneelle tytt\u00e4relle vajaat 23 vuotta sitten annettu lupaus pit\u00e4\u00e4 yh\u00e4.<\/p>\n<p class=\"article-body mb-nof-24 px-nof-16\">\u2013\u2009Min\u00e4 olen Marikalle luvannut, ett\u00e4 h\u00e4net hoidetaan kotona ja siit\u00e4 pidet\u00e4\u00e4n kiinni, onnettomuuden j\u00e4lkeen ty\u00f6el\u00e4m\u00e4st\u00e4 pois j\u00e4\u00e4nyt Kirsi Leskel\u00e4 vakuuttaa.<\/p>\n<p class=\"article-body mb-nof-24 px-nof-16\">Vakuutusyhti\u00f6 maksaa osan Marikan kotiin tuoduista palveluista. Tuoreessa p\u00e4\u00e4t\u00f6ksess\u00e4 vakuutusyhti\u00f6 ilmoittaa, ettei Marikalle my\u00f6nnet\u00e4 en\u00e4\u00e4 fysioterapiaa ja musiikkiterapiaa yhti\u00f6n piikkiin, jos h\u00e4net siirret\u00e4\u00e4n laitokseen.<\/p>\n<p class=\"article-body mb-nof-24 px-nof-16\">\u2013\u2009Ei Marikasta pystyt\u00e4 isossa laitoksessa huolehtimaan niin kuin t\u00e4\u00e4ll\u00e4 kotona. Jos h\u00e4n sinne joutuu, niin h\u00e4n kuolee sinne, pelk\u00e4\u00e4 Jari Kinnunen.<\/p>\n<p><img decoding=\"async\" src=\"https:\/\/www.europesays.com\/fi\/wp-content\/uploads\/2026\/01\/1767719829_480_978.jpg\" alt=\"Fysioterapeutti Essi Raekorpi k\u00e4vi viel\u00e4 viime vuonna Marikan perheen apuna. Jos Marika siirrett\u00e4isiin laitokseen, vakuutusyhti\u00f6 ei korvaisi en\u00e4\u00e4 fysioterapiaa.\" class=\"_Img_1rerz_1\" style=\"aspect-ratio:0.6692708333333334\" loading=\"eager\"\/><\/p>\n<p class=\"article-picture-caption\">Fysioterapeutti Essi Raekorpi k\u00e4vi viel\u00e4 viime vuonna Marikan perheen apuna. Jos Marika siirrett\u00e4isiin laitokseen, vakuutusyhti\u00f6 ei korvaisi en\u00e4\u00e4 fysioterapiaa. Kuva:\u00a0Riikka Hurri<\/p>\n<p><img decoding=\"async\" src=\"https:\/\/www.europesays.com\/fi\/wp-content\/uploads\/2026\/01\/1767719829_488_978.jpg\" alt=\"Marikan p\u00e4iv\u00e4rutiineihin kuuluu ensimm\u00e4inen l\u00e4\u00e4ke aamulla puoli kahdeksalta ja viimeinen puoli nelj\u00e4lt\u00e4 y\u00f6ll\u00e4.\" class=\"_Img_1rerz_1\" style=\"aspect-ratio:0.6786458333333333\" loading=\"eager\"\/><\/p>\n<p class=\"article-picture-caption\">Marikan p\u00e4iv\u00e4rutiineihin kuuluu ensimm\u00e4inen l\u00e4\u00e4ke aamulla puoli kahdeksalta ja viimeinen puoli nelj\u00e4lt\u00e4 y\u00f6ll\u00e4. Kuva:\u00a0Riikka Hurri<\/p>\n<p><img decoding=\"async\" src=\"https:\/\/www.europesays.com\/fi\/wp-content\/uploads\/2026\/01\/1767719830_594_978.jpg\" alt=\"Vanhemmat uskovat vakaasti, ett\u00e4 oma koti on Marikalle parempi paikka kuin laitos.\" class=\"_Img_1rerz_1\" style=\"aspect-ratio:1\" loading=\"eager\"\/><\/p>\n<p class=\"article-picture-caption\">Vanhemmat uskovat vakaasti, ett\u00e4 oma koti on Marikalle parempi paikka kuin laitos. Kuva:\u00a0Riikka Hurri<\/p>\n<p class=\"article-body mb-nof-24 px-nof-16\">Hyvinvointialueelta kerrotaan, etteiv\u00e4t he kommentoi yksitt\u00e4istapauksia.<\/p>\n<p class=\"article-body mb-nof-24 px-nof-16\">Vanhemmat kertovat, ett\u00e4 he tekev\u00e4t oikaisuvaatimuksen tuoreesta p\u00e4\u00e4t\u00f6ksest\u00e4 hyvinvointialueen yksil\u00f6asian jaostolle. Jos p\u00e4\u00e4t\u00f6s ei siell\u00e4 muutu, niin edess\u00e4 on j\u00e4lleen valitus It\u00e4-Suomen hallinto-oikeuteen.<\/p>\n<p class=\"article-body mb-nof-24 px-nof-16\">\u2013 P\u00e4\u00e4t\u00f6ksist\u00e4 n\u00e4kyy selv\u00e4sti se, ett\u00e4 Marika halutaan laitokseen hinnalla mill\u00e4 hyv\u00e4ns\u00e4, vanhemmat tuskailevat.<\/p>\n","protected":false},"excerpt":{"rendered":"Marikan hoitaminen kotona ilman riitt\u00e4v\u00e4\u00e4 apua tulee kalliiksi. Vanhemmat laskevat maksaneensa hoivayrityksen palveluista yli 18\u00a0000 euroa Lue tiivistelm\u00e4&hellip;\n","protected":false},"author":2,"featured_media":135128,"comment_status":"","ping_status":"","sticky":false,"template":"","format":"standard","meta":{"footnotes":""},"categories":[12],"tags":[22,23,26,27,33,31,30,17,34,24,25,28,29,15,18,21,32,19,20,16],"class_list":{"0":"post-135127","1":"post","2":"type-post","3":"status-publish","4":"format-standard","5":"has-post-thumbnail","7":"category-suomi","8":"tag-breaking-news","9":"tag-breakingnews","10":"tag-featured-news","11":"tag-featurednews","12":"tag-fi","13":"tag-finland","14":"tag-finnish","15":"tag-headlines","16":"tag-ilta-sanomat","17":"tag-latest-news","18":"tag-latestnews","19":"tag-main-news","20":"tag-mainnews","21":"tag-news","22":"tag-otsikot","23":"tag-paauutiset","24":"tag-suomi","25":"tag-top-stories","26":"tag-topstories","27":"tag-uutiset"},"share_on_mastodon":{"url":"https:\/\/pubeurope.com\/@fi\/115849294371267766","error":""},"_links":{"self":[{"href":"https:\/\/www.europesays.com\/fi\/wp-json\/wp\/v2\/posts\/135127","targetHints":{"allow":["GET"]}}],"collection":[{"href":"https:\/\/www.europesays.com\/fi\/wp-json\/wp\/v2\/posts"}],"about":[{"href":"https:\/\/www.europesays.com\/fi\/wp-json\/wp\/v2\/types\/post"}],"author":[{"embeddable":true,"href":"https:\/\/www.europesays.com\/fi\/wp-json\/wp\/v2\/users\/2"}],"replies":[{"embeddable":true,"href":"https:\/\/www.europesays.com\/fi\/wp-json\/wp\/v2\/comments?post=135127"}],"version-history":[{"count":0,"href":"https:\/\/www.europesays.com\/fi\/wp-json\/wp\/v2\/posts\/135127\/revisions"}],"wp:featuredmedia":[{"embeddable":true,"href":"https:\/\/www.europesays.com\/fi\/wp-json\/wp\/v2\/media\/135128"}],"wp:attachment":[{"href":"https:\/\/www.europesays.com\/fi\/wp-json\/wp\/v2\/media?parent=135127"}],"wp:term":[{"taxonomy":"category","embeddable":true,"href":"https:\/\/www.europesays.com\/fi\/wp-json\/wp\/v2\/categories?post=135127"},{"taxonomy":"post_tag","embeddable":true,"href":"https:\/\/www.europesays.com\/fi\/wp-json\/wp\/v2\/tags?post=135127"}],"curies":[{"name":"wp","href":"https:\/\/api.w.org\/{rel}","templated":true}]}}