{"id":135131,"date":"2026-01-06T17:25:13","date_gmt":"2026-01-06T17:25:13","guid":{"rendered":"https:\/\/www.europesays.com\/fi\/135131\/"},"modified":"2026-01-06T17:25:13","modified_gmt":"2026-01-06T17:25:13","slug":"halpa-pelaaminen-on-pian-historiaa-kiitos-tekoalyn-errori-net","status":"publish","type":"post","link":"https:\/\/www.europesays.com\/fi\/135131\/","title":{"rendered":"Halpa pelaaminen on pian historiaa, kiitos teko\u00e4lyn \u2013 errori.net"},"content":{"rendered":"<p>MSI toi CES 2026 -messuille laajan kattauksen uusia kannettavia, jotka ulottuvat yritysk\u00e4yt\u00f6st\u00e4 raskaaseen pelaamiseen. Esittelyss\u00e4 n\u00e4htiin t\u00e4ysin uusi Prestige-sarja, p\u00e4ivitetyt Raider-, Stealth- ja Crosshair-pelil\u00e4pp\u00e4rit sek\u00e4 arjen k\u00e4ytt\u00f6\u00f6n suunnattu Modern S -mallisto. Kaikkia yhdist\u00e4\u00e4 uusi muotokieli ja seuraavan sukupolven raudan hy\u00f6dynt\u00e4minen.<\/p>\n<p><a data-size=\"1200x675\" href=\"https:\/\/i0.wp.com\/errori.net\/wp-content\/uploads\/2026\/01\/download-1.jpeg?ssl=1\" rel=\"nofollow noopener\" target=\"_blank\"><img data-recalc-dims=\"1\" loading=\"lazy\" decoding=\"async\" width=\"1024\" height=\"576\" data-attachment-id=\"110318\" data-permalink=\"https:\/\/errori.net\/msi-esitteli-ces-2026-messuilla-uudet-kannettavat\/download-1-3\/\" data-orig-file=\"https:\/\/i0.wp.com\/errori.net\/wp-content\/uploads\/2026\/01\/download-1.jpeg?fit=1200%2C675&amp;ssl=1\" data-orig-size=\"1200,675\" data-comments-opened=\"0\" data-image-meta=\"{&quot;aperture&quot;:&quot;0&quot;,&quot;credit&quot;:&quot;&quot;,&quot;camera&quot;:&quot;&quot;,&quot;caption&quot;:&quot;&quot;,&quot;created_timestamp&quot;:&quot;0&quot;,&quot;copyright&quot;:&quot;&quot;,&quot;focal_length&quot;:&quot;0&quot;,&quot;iso&quot;:&quot;0&quot;,&quot;shutter_speed&quot;:&quot;0&quot;,&quot;title&quot;:&quot;&quot;,&quot;orientation&quot;:&quot;0&quot;}\" data-image-title=\"MSI Prestige CES 2026\" data-image-description=\"&lt;p&gt;MSI Prestige&lt;\/p&gt;&#10;\" data-image-caption=\"\" data-medium-file=\"https:\/\/i0.wp.com\/errori.net\/wp-content\/uploads\/2026\/01\/download-1.jpeg?fit=300%2C169&amp;ssl=1\" data-large-file=\"https:\/\/i0.wp.com\/errori.net\/wp-content\/uploads\/2026\/01\/download-1.jpeg?fit=1024%2C576&amp;ssl=1\" src=\"https:\/\/www.europesays.com\/fi\/wp-content\/uploads\/2026\/01\/download-1.jpeg\" alt=\"\" class=\"wp-image-110318\"  \/><\/a><\/p>\n<p><strong>Prestige-sarja tuo muutoksia yrityskannettaviin<\/strong><\/p>\n<p>CES 2026 -messuilla MSI esitteli t\u00e4ysin uuden Prestige-sarjan, joka on suunniteltu yritysk\u00e4ytt\u00f6\u00f6n ja liikkuvaan ty\u00f6h\u00f6n. Sarja edustaa MSI:lle selke\u00e4\u00e4 suunnanmuutosta. Muotoilu on aiempaa pehme\u00e4mp\u00e4\u00e4, rungot on valmistettu alumiinista ja paino on saatu alas ilman kompromisseja suorituskyvyss\u00e4.<\/p>\n<p>Prestige 14 ja Prestige 16 ovat ohuempia ja kevyempi\u00e4 kuin edelt\u00e4j\u00e4ns\u00e4. 14-tuumainen malli painaa vain 1,32 kiloa ja 16-tuumainen 1,59 kiloa. Sis\u00e4ll\u00e4 hyrr\u00e4\u00e4v\u00e4t Intel Core Ultra Series 3 -suorittimet, jotka tuovat mukanaan teko\u00e4lykiihdytyksen ja parannetun energiatehokkuuden.<\/p>\n<p>Flip-mallit ja kosketusn\u00e4ytt\u00f6 laajentavat k\u00e4ytt\u00f6\u00e4<\/p>\n<p>Prestige 14 Flip ja Prestige 16 Flip tuovat sarjaan 2-in-1-rakenteen. Kosketusn\u00e4ytt\u00f6 ja MSI Nano Pen -kyn\u00e4 tekev\u00e4t laitteista monipuolisia ty\u00f6kaluja muistiinpanoihin ja luovaan ty\u00f6h\u00f6n. Lis\u00e4ksi mukana on Copilotin paina-ja-puhu-toiminto, joka hy\u00f6dynt\u00e4\u00e4 Windowsin teko\u00e4lyominaisuuksia.<\/p>\n<p>N\u00e4yt\u00f6t ovat 2.8K OLED -paneeleita 120 hertsin virkistystaajuudella. DisplayHDR True Black 1000 -sertifiointi tukee erityisesti sis\u00e4ll\u00f6ntuotantoa ja elokuvak\u00e4ytt\u00f6\u00e4. Akunkesto ylt\u00e4\u00e4 parhaimmillaan yli 30 tuntiin videotoistossa.<\/p>\n<p>Prestige 13 AI+ \u2013 \u00e4lyllisen kevytt\u00e4<\/p>\n<p>Mallistoa t\u00e4ydent\u00e4\u00e4 Prestige 13 AI+, joka painaa vain 899 grammaa. MSI kutsuu sit\u00e4 maailman kevyimm\u00e4ksi 13-tuumaiseksi magnesium-alumiinirunkoiseksi kannettavaksi. Kevyest\u00e4 rakenteesta huolimatta laite hy\u00f6dynt\u00e4\u00e4 samoja Intel Core Ultra Series 3 -suorittimia kuin isommat sisarensa.<\/p>\n<p><a data-size=\"1200x628\" href=\"https:\/\/i0.wp.com\/errori.net\/wp-content\/uploads\/2026\/01\/download-2.jpeg?ssl=1\" rel=\"nofollow noopener\" target=\"_blank\"><img data-recalc-dims=\"1\" loading=\"lazy\" decoding=\"async\" width=\"1024\" height=\"536\" data-attachment-id=\"110321\" data-permalink=\"https:\/\/errori.net\/msi-esitteli-ces-2026-messuilla-uudet-kannettavat\/download-2-2\/\" data-orig-file=\"https:\/\/i0.wp.com\/errori.net\/wp-content\/uploads\/2026\/01\/download-2.jpeg?fit=1200%2C628&amp;ssl=1\" data-orig-size=\"1200,628\" data-comments-opened=\"0\" data-image-meta=\"{&quot;aperture&quot;:&quot;0&quot;,&quot;credit&quot;:&quot;&quot;,&quot;camera&quot;:&quot;&quot;,&quot;caption&quot;:&quot;&quot;,&quot;created_timestamp&quot;:&quot;0&quot;,&quot;copyright&quot;:&quot;&quot;,&quot;focal_length&quot;:&quot;0&quot;,&quot;iso&quot;:&quot;0&quot;,&quot;shutter_speed&quot;:&quot;0&quot;,&quot;title&quot;:&quot;&quot;,&quot;orientation&quot;:&quot;0&quot;}\" data-image-title=\"download (2)\" data-image-description=\"\" data-image-caption=\"\" data-medium-file=\"https:\/\/i0.wp.com\/errori.net\/wp-content\/uploads\/2026\/01\/download-2.jpeg?fit=300%2C157&amp;ssl=1\" data-large-file=\"https:\/\/i0.wp.com\/errori.net\/wp-content\/uploads\/2026\/01\/download-2.jpeg?fit=1024%2C536&amp;ssl=1\" src=\"https:\/\/www.europesays.com\/fi\/wp-content\/uploads\/2026\/01\/download-2.jpeg\" alt=\"\" class=\"wp-image-110321\"  \/><\/a><\/p>\n<p>Modern S -sarja arkeen ja opiskeluun<\/p>\n<p>Modern 14S ja 16S -mallit on suunniteltu opiskelijoille ja kotik\u00e4ytt\u00f6\u00f6n. Muotoilu on aiempaa metallisempi ja linjat py\u00f6ristetympi\u00e4. Kaksipaikkaiset muistiratkaisut mahdollistavat joustavan p\u00e4ivitt\u00e4misen, ja liit\u00e4nt\u00f6j\u00e4 l\u00f6ytyy runsaasti ohuesta alumiinirungosta huolimatta.<\/p>\n<p>Suorituskyvyst\u00e4 vastaavat samat Intel Core Ultra Series 3 -suorittimet, joten arjen sovellukset ja kevyempi luova ty\u00f6 sujuvat vaivatta.<\/p>\n<p><a data-size=\"1200x628\" href=\"https:\/\/i0.wp.com\/errori.net\/wp-content\/uploads\/2026\/01\/download-3.jpeg?ssl=1\" rel=\"nofollow noopener\" target=\"_blank\"><img data-recalc-dims=\"1\" loading=\"lazy\" decoding=\"async\" width=\"1024\" height=\"536\" data-attachment-id=\"110319\" data-permalink=\"https:\/\/errori.net\/msi-esitteli-ces-2026-messuilla-uudet-kannettavat\/download-3\/\" data-orig-file=\"https:\/\/i0.wp.com\/errori.net\/wp-content\/uploads\/2026\/01\/download-3.jpeg?fit=1200%2C628&amp;ssl=1\" data-orig-size=\"1200,628\" data-comments-opened=\"0\" data-image-meta=\"{&quot;aperture&quot;:&quot;0&quot;,&quot;credit&quot;:&quot;&quot;,&quot;camera&quot;:&quot;&quot;,&quot;caption&quot;:&quot;&quot;,&quot;created_timestamp&quot;:&quot;0&quot;,&quot;copyright&quot;:&quot;&quot;,&quot;focal_length&quot;:&quot;0&quot;,&quot;iso&quot;:&quot;0&quot;,&quot;shutter_speed&quot;:&quot;0&quot;,&quot;title&quot;:&quot;&quot;,&quot;orientation&quot;:&quot;0&quot;}\" data-image-title=\"download (3)\" data-image-description=\"\" data-image-caption=\"\" data-medium-file=\"https:\/\/i0.wp.com\/errori.net\/wp-content\/uploads\/2026\/01\/download-3.jpeg?fit=300%2C157&amp;ssl=1\" data-large-file=\"https:\/\/i0.wp.com\/errori.net\/wp-content\/uploads\/2026\/01\/download-3.jpeg?fit=1024%2C536&amp;ssl=1\" src=\"https:\/\/www.europesays.com\/fi\/wp-content\/uploads\/2026\/01\/download-3.jpeg\" alt=\"\" class=\"wp-image-110319\"  \/><\/a><\/p>\n<p>Pelikannettavat saivat maltillisia p\u00e4ivityksi\u00e4<\/p>\n<p>Pelaajille MSI esitteli p\u00e4ivitetyt Raider-, Stealth- ja Crosshair-sarjat. Raider 16 Max HX tarjoaa jopa 300 watin kokonaistehon yhdist\u00e4m\u00e4ll\u00e4 Intel Core Ultra 200HX -suorittimet ja NVIDIA GeForce RTX 50 -sarjan n\u00e4yt\u00f6nohjaimet. Runko on aiempaa kompaktimpi, mutta j\u00e4\u00e4hdytys on suunniteltu kest\u00e4m\u00e4\u00e4n pitk\u00e4kestoista kuormaa.<\/p>\n<p>Stealth 16 AI+ yhdist\u00e4\u00e4 ohuen alumiinirungon ja korkean suorituskyvyn. Malli palkittiin CES Innovation Award -tunnustuksella, mik\u00e4 kertoo onnistuneesta tasapainosta tehon ja kannettavuuden v\u00e4lill\u00e4.<\/p>\n<p>Crosshair 16 Max HX ja Crosshair 16 HX asettuvat hieman alemmaksi tehossa, mutta tarjoavat silti jopa 200 watin kokonaistehon. Rohkea RGB-muotoilu ja valinnaiset OLED-n\u00e4yt\u00f6t tekev\u00e4t niist\u00e4 selv\u00e4sti pelik\u00e4ytt\u00f6\u00f6n suunnattuja vaihtoehtoja.<\/p>\n<p>Saatavuus<\/p>\n<p>MSI:n CES 2026 -messuilla esittelem\u00e4t uudet kannettavat tulevat markkinoille vaiheittain vuoden 2026 aikana. Prestige-sarjan ennakkomyynti alkaa heti tammikuussa, ja muut mallit seuraavat per\u00e4ss\u00e4 alueesta ja kokoonpanosta riippuen.<\/p>\n","protected":false},"excerpt":{"rendered":"MSI toi CES 2026 -messuille laajan kattauksen uusia kannettavia, jotka ulottuvat yritysk\u00e4yt\u00f6st\u00e4 raskaaseen pelaamiseen. Esittelyss\u00e4 n\u00e4htiin t\u00e4ysin uusi&hellip;\n","protected":false},"author":2,"featured_media":135132,"comment_status":"","ping_status":"","sticky":false,"template":"","format":"standard","meta":{"footnotes":""},"categories":[89],"tags":[432,431,3933,20441,33,31,30,16699,23683,23684,1453,189,933,935,799,19114,32,91,92,433,190,9949],"class_list":{"0":"post-135131","1":"post","2":"type-post","3":"status-publish","4":"format-standard","5":"has-post-thumbnail","7":"category-tekoaly","8":"tag-ai","9":"tag-artificial-intelligence","10":"tag-chatgpt","11":"tag-dell","12":"tag-fi","13":"tag-finland","14":"tag-finnish","15":"tag-lenovo","16":"tag-micron","17":"tag-micron-crucial","18":"tag-pc","19":"tag-playstation","20":"tag-playstation-5","21":"tag-ps5","22":"tag-samsung","23":"tag-sk-hynix","24":"tag-suomi","25":"tag-technology","26":"tag-teknologia","27":"tag-tekoaly","28":"tag-xbox","29":"tag-xbox-series-x-s"},"share_on_mastodon":{"url":"https:\/\/pubeurope.com\/@fi\/115849325675304147","error":""},"_links":{"self":[{"href":"https:\/\/www.europesays.com\/fi\/wp-json\/wp\/v2\/posts\/135131","targetHints":{"allow":["GET"]}}],"collection":[{"href":"https:\/\/www.europesays.com\/fi\/wp-json\/wp\/v2\/posts"}],"about":[{"href":"https:\/\/www.europesays.com\/fi\/wp-json\/wp\/v2\/types\/post"}],"author":[{"embeddable":true,"href":"https:\/\/www.europesays.com\/fi\/wp-json\/wp\/v2\/users\/2"}],"replies":[{"embeddable":true,"href":"https:\/\/www.europesays.com\/fi\/wp-json\/wp\/v2\/comments?post=135131"}],"version-history":[{"count":0,"href":"https:\/\/www.europesays.com\/fi\/wp-json\/wp\/v2\/posts\/135131\/revisions"}],"wp:featuredmedia":[{"embeddable":true,"href":"https:\/\/www.europesays.com\/fi\/wp-json\/wp\/v2\/media\/135132"}],"wp:attachment":[{"href":"https:\/\/www.europesays.com\/fi\/wp-json\/wp\/v2\/media?parent=135131"}],"wp:term":[{"taxonomy":"category","embeddable":true,"href":"https:\/\/www.europesays.com\/fi\/wp-json\/wp\/v2\/categories?post=135131"},{"taxonomy":"post_tag","embeddable":true,"href":"https:\/\/www.europesays.com\/fi\/wp-json\/wp\/v2\/tags?post=135131"}],"curies":[{"name":"wp","href":"https:\/\/api.w.org\/{rel}","templated":true}]}}