{"id":135135,"date":"2026-01-06T17:33:08","date_gmt":"2026-01-06T17:33:08","guid":{"rendered":"https:\/\/www.europesays.com\/fi\/135135\/"},"modified":"2026-01-06T17:33:08","modified_gmt":"2026-01-06T17:33:08","slug":"mita-kuuluu-nyt-maajussi-antti-tarayttaa-valirikosta-perheessa-matildalta-unohtumaton-ele","status":"publish","type":"post","link":"https:\/\/www.europesays.com\/fi\/135135\/","title":{"rendered":"Mit\u00e4 kuuluu nyt? Maajussi-Antti t\u00e4r\u00e4ytt\u00e4\u00e4 v\u00e4lirikosta perheess\u00e4 &#8211; Matildalta unohtumaton ele"},"content":{"rendered":"<p><a href=\"https:\/\/www.suomi24.fi\/viihde\/l\/695bb950465c0-5557.webp\" rel=\"nofollow noopener\" target=\"_blank\"><img decoding=\"async\" src=\"https:\/\/www.europesays.com\/fi\/wp-content\/uploads\/2026\/01\/695bb950465c0-5557.webp.webp\" alt=\"Maajussi-Antti\" loading=\"lazy\"\/><\/a>Maajussi-Antti ja Matilda Maajussille morsian -ohjelmassa. Kuva: MTV3<\/p>\n<p><strong>Maajussi-Antti <\/strong>etsi rinnalleen rakasta Maajussille morsian -ohjelmassa v. 2025. Tv-katsojien syd\u00e4met rehtiydell\u00e4\u00e4n ja omintakeisella persoonallaan sulattanut Antti l\u00f6ysi rinnalleen <strong>Matildan<\/strong>.<\/p>\n<p>Vuosi 2025 oli Kestil\u00e4ss\u00e4 maitotilaa pit\u00e4v\u00e4lle maajussille tapahtumarikas. Antti on avannut vaiherikasta vuottaan pitk\u00e4ss\u00e4 tekstiss\u00e4 Instagram-tilill\u00e4\u00e4n &#8211; ja kertonut samalla suhteestaan Matildaan.<\/p>\n<p>Antti kirjoittaa somessa omalla murteellaan, n\u00e4in h\u00e4n aloittaa:<\/p>\n<p>-Vuos on ny paketoitu t\u00e4t\u00e4 kirjottaissa 10 tuntia vaille. On ollu kyll\u00e4 nii monenlaine vuosi ett\u00e4 ei koskaa oo ollu yht\u00e4 vaiherikasta.<\/p>\n<p>-T\u00e4rkeimp\u00e4n\u00e4 tieteski ohjelman teko ja Matilda. Tosi silimi\u00e4avvaavaa n\u00e4h\u00e4 mimmosen ty\u00f6n toiset tekee n\u00e4kys\u00e4sti ja n\u00e4kym\u00e4tt\u00f6m\u00e4sti Maajussille Morsian-formaatin etteen, ootte kultanen ohjelma meille maatiloilla asuville ja ty\u00f6skenteleville maalaispojille joitten mahollisuuet l\u00f6yt\u00e4\u00e4 loppuel\u00e4m\u00e4kseen em\u00e4nt\u00e4 vilpitt\u00f6m\u00e4sti on sanotaanko vaihteleva erih\u00e4isist\u00e4ki syist\u00e4, Antti pohtii vuotensa kohokohtaa.<\/p>\n<p><a href=\"https:\/\/www.suomi24.fi\/viihde\/l\/695bb8b47953a-5557.webp\" rel=\"nofollow noopener\" target=\"_blank\"><img decoding=\"async\" src=\"https:\/\/www.europesays.com\/fi\/wp-content\/uploads\/2026\/01\/695bb8b47953a-5557.webp.webp\" alt=\"Maajussi-Antti\" loading=\"lazy\"\/><\/a> Maajussit Perttu, Antti, Ville ja Matti sek\u00e4 juontaja Vappu Pimi\u00e4. Kuva: K. Kurki<\/p>\n<p>El\u00e4m\u00e4 ei kuitenkaan ole pelkk\u00e4\u00e4 ruusuilla tanssimista vaaleanpunaiset aurinkolasit silm\u00e4ll\u00e4. Antti avaa alkuvuoden vaikeuksia, jolla oli iso merkitys h\u00e4nen oman el\u00e4m\u00e4ns\u00e4 suuntaan:<\/p>\n<p>-Alkuvuonna oltii iha uuen eess\u00e4 kun \u00e4itmuori h\u00e4ipp\u00e4s tontilta ja itel\u00e4 piti h\u00e4nen saappaasa t\u00e4ytt\u00e4\u00e4, ty\u00f6el\u00e4m\u00e4 itel\u00e4 meni kerralla nii ollen yhess\u00e4 y\u00f6ss\u00e4 uusiksi, siin\u00e4 miss\u00e4 ennen kuljin lomittamassa tiloilla (joita ehti olla 32kpl) nii nyt kuljen yritt\u00e4j\u00e4n\u00e4 omalla maatilalla t\u00f6iss\u00e4 pyhh\u00e4\u00e4-arkia.<\/p>\n<p>Antti kertoo somessa, ett\u00e4 tammikuussa alkoi n\u00e4ytelm\u00e4harjoitukset ja helmikuussa h\u00e4n n\u00e4ki itsens\u00e4 televisiossa Maajussille morsian -ohjelmassa.<\/p>\n<p>Antti ja Matilda l\u00f6ysiv\u00e4t toisessa tv:n suosikkirealityss\u00e4 ja Antti avaa kuvausten j\u00e4lkeisi\u00e4 tapahtumia syd\u00e4n-emojin kera:<\/p>\n<p>-Kes\u00e4ll\u00e4 sitte Matilda tuli pysyv\u00e4sti t\u00e4nne kylym\u00e4\u00e4n ja pimi\u00e4\u00e4n pohjoseen ja oliha se unehtumaton hetki kun yhten\u00e4 iltana n\u00e4ki ett\u00e4 auto t\u00e4ynn\u00e4 kamaa kaarsi pihhaan, siit\u00e4 asti sittoon sammaa leip\u00e4\u00e4 sy\u00f6ty.<\/p>\n<p><a href=\"https:\/\/www.suomi24.fi\/viihde\/l\/695bbaf122713-5557.webp\" rel=\"nofollow noopener\" target=\"_blank\"><img decoding=\"async\" src=\"https:\/\/www.europesays.com\/fi\/wp-content\/uploads\/2026\/01\/695bbaf122713-5557.webp.webp\" alt=\"Maajussi-Antti\" loading=\"lazy\"\/><\/a><\/p>\n<p>Antti ja maajussin morsioehdokkaat: Matilda, Enni ja Jonna Maajussille morsian -ohjelmassa. Kuva: MTV3<\/p>\n<p>Maajussi avaa kirjoituksessaan my\u00f6s maatilan arkea traktorihankintoineen ja piharemontteineen. My\u00f6s kissa on tullut taloon. Antti summaa somessa v. 2025:<\/p>\n<p>-Eli tosi palio on opittu, n\u00e4hty, tavattu, puhuttu, tehty, suunniteltu ja totteutettukki iha uusia asioita, t\u00e4st\u00e4 pit\u00e4s olla makia ponkasta kohti seuraavaa vuotta, maajussi kirjoittaa positiivisena Instagramissa.<\/p>\n<p>Kirjoituksensa tueksi Antti on jakanut liudan kuvia, selaa painamalla nuolta oikealla kuvassa. Kuvat lainattu Antin Instagram-tililt\u00e4:<\/p>\n<p>Maajussille morsian ja Maajussille morsian: Kaikki tarinat MTV Katsomo<\/p>\n<p><a href=\"https:\/\/www.telsu.fi\/?ref=s24_article\" rel=\"noopener noreferrer nofollow\" target=\"_blank\">Katso tv-ohjelma-ajat Telsu.fi<\/a><\/p>\n","protected":false},"excerpt":{"rendered":"Maajussi-Antti ja Matilda Maajussille morsian -ohjelmassa. Kuva: MTV3 Maajussi-Antti etsi rinnalleen rakasta Maajussille morsian -ohjelmassa v. 2025. Tv-katsojien&hellip;\n","protected":false},"author":2,"featured_media":135136,"comment_status":"","ping_status":"","sticky":false,"template":"","format":"standard","meta":{"footnotes":""},"categories":[133],"tags":[137,33,31,30,32,206,156,109],"class_list":{"0":"post-135135","1":"post","2":"type-post","3":"status-publish","4":"format-standard","5":"has-post-thumbnail","7":"category-televisiot","8":"tag-entertainment","9":"tag-fi","10":"tag-finland","11":"tag-finnish","12":"tag-suomi","13":"tag-televisiot","14":"tag-tv","15":"tag-viihde"},"share_on_mastodon":{"url":"https:\/\/pubeurope.com\/@fi\/115849357126543030","error":""},"_links":{"self":[{"href":"https:\/\/www.europesays.com\/fi\/wp-json\/wp\/v2\/posts\/135135","targetHints":{"allow":["GET"]}}],"collection":[{"href":"https:\/\/www.europesays.com\/fi\/wp-json\/wp\/v2\/posts"}],"about":[{"href":"https:\/\/www.europesays.com\/fi\/wp-json\/wp\/v2\/types\/post"}],"author":[{"embeddable":true,"href":"https:\/\/www.europesays.com\/fi\/wp-json\/wp\/v2\/users\/2"}],"replies":[{"embeddable":true,"href":"https:\/\/www.europesays.com\/fi\/wp-json\/wp\/v2\/comments?post=135135"}],"version-history":[{"count":0,"href":"https:\/\/www.europesays.com\/fi\/wp-json\/wp\/v2\/posts\/135135\/revisions"}],"wp:featuredmedia":[{"embeddable":true,"href":"https:\/\/www.europesays.com\/fi\/wp-json\/wp\/v2\/media\/135136"}],"wp:attachment":[{"href":"https:\/\/www.europesays.com\/fi\/wp-json\/wp\/v2\/media?parent=135135"}],"wp:term":[{"taxonomy":"category","embeddable":true,"href":"https:\/\/www.europesays.com\/fi\/wp-json\/wp\/v2\/categories?post=135135"},{"taxonomy":"post_tag","embeddable":true,"href":"https:\/\/www.europesays.com\/fi\/wp-json\/wp\/v2\/tags?post=135135"}],"curies":[{"name":"wp","href":"https:\/\/api.w.org\/{rel}","templated":true}]}}