{"id":135137,"date":"2026-01-06T17:37:08","date_gmt":"2026-01-06T17:37:08","guid":{"rendered":"https:\/\/www.europesays.com\/fi\/135137\/"},"modified":"2026-01-06T17:37:08","modified_gmt":"2026-01-06T17:37:08","slug":"norja-taydensi-olympialaisten-hiihtojoukkuettaan-emil-iversenia-ei-valittu-vielakaan-urheilu","status":"publish","type":"post","link":"https:\/\/www.europesays.com\/fi\/135137\/","title":{"rendered":"Norja t\u00e4ydensi olympialaisten hiihtojoukkuettaan \u2013 Emil Iverseni\u00e4 ei valittu viel\u00e4k\u00e4\u00e4n | Urheilu"},"content":{"rendered":"<p>Norjan huippu-urheiluyksikk\u00f6 Olympiatoppen nimesi tiistaina Karoline Simpson-Larsenin ja Mattis Stenshagenin helmikuussa Milanossa ja Cortina d&#8217;Ampezzossa j\u00e4rjestett\u00e4vien talviolympialaisten maastohiihtojoukkueeseen.<\/p>\n<p>Simpson-Larsen voitti viime sunnuntaina Tour de Ski -kiertueen p\u00e4\u00e4t\u00f6sosuuden Italian Val di Fiemmess\u00e4. Joulukuussa h\u00e4n oli ykk\u00f6nen naisten maailmancupin kymmenen kilometrin vapaan hiihtotavan kisassa Davosissa.<\/p>\n<p>Stenshagen oli Tourin miesten kokonaistuloksissa toinen. H\u00e4n oli Simpson-Larsenin tavoin Tourin p\u00e4\u00e4t\u00f6sp\u00e4iv\u00e4n ykk\u00f6nen. Stenshagen on miesten maailmancupin kokonaispisteiss\u00e4 kolmantena. H\u00e4n voitti Toblachissa Tourin kymmenen kilometrin perinteisen hiihtotavan kilpailun.<\/p>\n<p>Norjalla on t\u00e4ytt\u00e4m\u00e4tt\u00e4 kaksi miesten ja nelj\u00e4 naisten paikkaa olympialaisten maastohiihtoihin.<\/p>\n<p>Eniten kummastusta on her\u00e4tt\u00e4nyt, ettei Emil Iverseni\u00e4 ole valittu olympiajoukkueeseen.<\/p>\n<p>\u2013\u2009Olen h\u00e4mm\u00e4stynyt maajoukkueen johdon p\u00e4\u00e4t\u00f6ksest\u00e4, mutten valitettavasti yll\u00e4ttynyt. Kyseenalaistan maajoukkueen johdon p\u00e4\u00e4t\u00f6ksen, norjalaisen TV2:n hiihtoasiantuntija Petter Soleng Skinstad sanoi uutistoimisto NTB:lle viitaten Iversenin ja Julie Bjervig Drivenesin valitsematta j\u00e4tt\u00e4miseen ainakin toistaiseksi.<\/p>\n","protected":false},"excerpt":{"rendered":"Norjan huippu-urheiluyksikk\u00f6 Olympiatoppen nimesi tiistaina Karoline Simpson-Larsenin ja Mattis Stenshagenin helmikuussa Milanossa ja Cortina d&#8217;Ampezzossa j\u00e4rjestett\u00e4vien talviolympialaisten maastohiihtojoukkueeseen.&hellip;\n","protected":false},"author":2,"featured_media":135138,"comment_status":"","ping_status":"","sticky":false,"template":"","format":"standard","meta":{"footnotes":""},"categories":[158],"tags":[33,31,30,2096,5856,41,3570,159,32,1145,1247,160,161],"class_list":{"0":"post-135137","1":"post","2":"type-post","3":"status-publish","4":"format-standard","5":"has-post-thumbnail","7":"category-urheilu","8":"tag-fi","9":"tag-finland","10":"tag-finnish","11":"tag-hiihtolajit","12":"tag-joulu","13":"tag-liikunta-ja-urheilu","14":"tag-milano","15":"tag-sports","16":"tag-suomi","17":"tag-talviurheilu","18":"tag-televisio","19":"tag-urheilu","20":"tag-urheilutapahtumat"},"share_on_mastodon":{"url":"https:\/\/pubeurope.com\/@fi\/115849372956439659","error":""},"_links":{"self":[{"href":"https:\/\/www.europesays.com\/fi\/wp-json\/wp\/v2\/posts\/135137","targetHints":{"allow":["GET"]}}],"collection":[{"href":"https:\/\/www.europesays.com\/fi\/wp-json\/wp\/v2\/posts"}],"about":[{"href":"https:\/\/www.europesays.com\/fi\/wp-json\/wp\/v2\/types\/post"}],"author":[{"embeddable":true,"href":"https:\/\/www.europesays.com\/fi\/wp-json\/wp\/v2\/users\/2"}],"replies":[{"embeddable":true,"href":"https:\/\/www.europesays.com\/fi\/wp-json\/wp\/v2\/comments?post=135137"}],"version-history":[{"count":0,"href":"https:\/\/www.europesays.com\/fi\/wp-json\/wp\/v2\/posts\/135137\/revisions"}],"wp:featuredmedia":[{"embeddable":true,"href":"https:\/\/www.europesays.com\/fi\/wp-json\/wp\/v2\/media\/135138"}],"wp:attachment":[{"href":"https:\/\/www.europesays.com\/fi\/wp-json\/wp\/v2\/media?parent=135137"}],"wp:term":[{"taxonomy":"category","embeddable":true,"href":"https:\/\/www.europesays.com\/fi\/wp-json\/wp\/v2\/categories?post=135137"},{"taxonomy":"post_tag","embeddable":true,"href":"https:\/\/www.europesays.com\/fi\/wp-json\/wp\/v2\/tags?post=135137"}],"curies":[{"name":"wp","href":"https:\/\/api.w.org\/{rel}","templated":true}]}}