{"id":135139,"date":"2026-01-06T17:38:10","date_gmt":"2026-01-06T17:38:10","guid":{"rendered":"https:\/\/www.europesays.com\/fi\/135139\/"},"modified":"2026-01-06T17:38:10","modified_gmt":"2026-01-06T17:38:10","slug":"muistatko-viela-tis-marin-ja-vapan-pariskunta-kertoo-ilouutisesta","status":"publish","type":"post","link":"https:\/\/www.europesays.com\/fi\/135139\/","title":{"rendered":"Muistatko viel\u00e4 TIS-Marin ja V\u00e4p\u00e4n? Pariskunta kertoo ilouutisesta"},"content":{"rendered":"<p>\n            Arkistokuva vuodelta 2019. Temptation Island Suomi -ohjelman lehdist\u00f6tilaisuus. Kuvassa Eero eli V\u00e4p\u00e4 ja Mari.<br \/>\n            Timo Korhonen\n        <\/p>\n<p class=\"subtitle \">Temppareissa n\u00e4hty pariskunta on saavuttanut merkitt\u00e4v\u00e4n vaiheen suhteessaan<\/p>\n<p class=\"article-content article-content-width !bg-background\"> ja  (oik. Eero) osallistuivat pariskuntana Temptation Island Suomen kuudennelle tuotantokaudelle.<\/p>\n<p class=\"font-weight-bold m-font-weight-bold article-content article-content-width !bg-background\">Arkistovideo: TIS-t\u00e4hti Mira muistelee tosi-tv-uraansa<\/p>\n<p class=\"article-content article-content-width !bg-background\">Kyseinen kausi n\u00e4htiin televisiossa loppuvuodesta 2019. Sarjan kuvauksissa tapahtui paljon. Sek\u00e4 Mari ett\u00e4 V\u00e4p\u00e4 rikkoivat parisuhteensa rajoja.<\/p>\n<p class=\"article-content article-content-width !bg-background\">Kaksikko p\u00e4\u00e4tti l\u00e4hte\u00e4 viettelysten saarelta Suomeen yhdess\u00e4, mutta he erosivat my\u00f6hemmin.<\/p>\n<p>        <a itemprop=\"url\" href=\"https:\/\/www.seiska.fi\/kotimaa\/oho-temptation-island-suomen-mari-ja-vapa-palasivat-yhteen-marilta-tunteikas-tunnustus-somessa-ma-haluan-uskoa-meihin\/468169\" rel=\"nofollow noopener\" target=\"_blank\"><\/p>\n<p>\nKATSO KUVA\n<\/p>\n<p class=\"section-date\">\n        <strong class=\"article-section\" data-section=\"kotimaa\"><br \/>\n            kotimaa<br \/>\n        <\/strong><br \/>\n        22.6.2020 16:22\n    <\/p>\n<p>Oho! Temptation Island Suomen Mari ja V\u00e4p\u00e4 palasivat yhteen &#8211; Marilta tunteikas tunnustus somessa: &#8221;Ma\u0308 haluan uskoa meihin!&#8221;\n    <\/p>\n<p>        <\/a><\/p>\n<p class=\"article-content article-content-width !bg-background\">Kes\u00e4ll\u00e4 2020 Seiska kertoi pariskunnan yhteenpaluusta. Sen j\u00e4lkeen Mari ja V\u00e4p\u00e4 ovat asuneet onnellisesti avoliitossa Jyv\u00e4skyl\u00e4ss\u00e4.<\/p>\n<p class=\"article-content article-content-width !bg-background\">Vuonna 2024 Mari ja V\u00e4p\u00e4 <a href=\"https:\/\/www.hs.fi\/hyvinvointi\/art-2000010248151.html\" target=\"_blank\" rel=\"nofollow noopener\">antoivat haastattelun Helsingin Sanomille<\/a>, jossa he kertoivat parisuhteensa eri vaiheista. Lis\u00e4ksi he avasivat ajatuksiaan muun muassa siit\u00e4, miten pett\u00e4minen vaikuttaa parisuhteeseen.<\/p>\n<p class=\"article-content article-content-width !bg-background\">V\u00e4p\u00e4 kertoi HS:lle hakeneensa ammattiapua ohjelman j\u00e4lkeen. Pariskunta sai suhteensa toimimaan avoimen keskustelun ja rehellisyyden kautta.<\/p>\n<p>Kahdeksan vuotta yhdess\u00e4<\/p>\n<p class=\"article-content article-content-width !bg-background\">Mari julkaisee esimerkiksi kauneusaiheista sis\u00e4lt\u00f6\u00e4 Instagram-tilill\u00e4\u00e4n. H\u00e4n p\u00e4ivittelee v\u00e4lill\u00e4 someseuraajilleen my\u00f6s henkil\u00f6kohtaisimmista kuulumisista.<\/p>\n<p class=\"article-content article-content-width !bg-background\">Vuodenvaihteessa Mari ilmoitti iloisesta uutisesta, sill\u00e4 h\u00e4n ja V\u00e4p\u00e4 viettiv\u00e4t vuosip\u00e4iv\u00e4\u00e4. Pariskunta on pit\u00e4nyt yht\u00e4 jo kahdeksan vuoden ajan.<\/p>\n<p>        <a itemprop=\"url\" href=\"https:\/\/www.seiska.fi\/vain-seiskassa\/annimari-korte-salattu-sutina-paljastui-viihtyi-tis-tahden-kanssa\/1997420\" rel=\"nofollow noopener\" target=\"_blank\"><\/p>\n<p>\nAnnimari Korte ja TIS-t\u00e4hti\n<\/p>\n<p class=\"section-date\">\n        <strong class=\"article-section\" data-section=\"vain seiskassa\"><br \/>\n            vain seiskassa<br \/>\n        <\/strong><br \/>\n        07:00\n    <\/p>\n<p>Annimari Korte: Salattu sutina paljastui \u2013 viihtyi TIS-t\u00e4hden kanssa\n    <\/p>\n<p itemprop=\"description\" class=\"subtitle \">\n    Kev\u00e4\u00e4ll\u00e4 tutustunut kaksikko tapaili, kun Carlos l\u00e4hti Temppareiden kuvauksiin.\n<\/p>\n<p>        <\/a><\/p>\n<p class=\"article-content article-content-width !bg-background\">V\u00e4p\u00e4n sometili on merkitty Marin Instagram-julkaisuun.<\/p>\n<p class=\"article-content article-content-width !bg-background\">Mari kertoo julkaisun tekstiss\u00e4 olevansa todella kiitollinen kumppanistaan.<\/p>\n<p class=\"article-content article-content-width !bg-background\">\u2013 Oon \u00e4\u00e4rett\u00f6m\u00e4n onnellinen siit\u00e4, ett\u00e4 ollaan nyt t\u00e4ss\u00e4 kaiken yhdess\u00e4 kokemamme j\u00e4lkeen. Vuosi vuodelta musta tuntuu, ett\u00e4 rakkaus meid\u00e4n v\u00e4lill\u00e4 vaan syvenee.<\/p>\n<p>        <a itemprop=\"url\" href=\"https:\/\/www.seiska.fi\/vain-seiskassa\/vilma-karjalaisen-kaytos-laivalla-heratti-huomiota-salakuva\/2037558\" rel=\"nofollow noopener\" target=\"_blank\"><\/p>\n<p>\nTIS-Vilma salakuvassa\n<\/p>\n<p class=\"section-date\">\n        <strong class=\"article-section\" data-section=\"vain seiskassa\"><br \/>\n            vain seiskassa<br \/>\n        <\/strong><br \/>\n        5.1. 17:00\n    <\/p>\n<p>Vilma Karjalaisen k\u00e4yt\u00f6s laivalla her\u00e4tti huomiota \u2013 salakuva\n    <\/p>\n<p itemprop=\"description\" class=\"subtitle \">\n    Vilman keskittyminen kohdistui nakkien ja ranskalaisten sijaan muihin viihdykkeisiin.\n<\/p>\n<p>        <\/a><\/p>\n<p class=\"article-content article-content-width !bg-background\">TIS-t\u00e4hti pohtii edellisen vuoden tapahtumia. Marin mukaan h\u00e4nen ja V\u00e4p\u00e4n suhde on syventynyt. Mari kertoo lis\u00e4ksi k\u00e4yneens\u00e4 terapiassa ty\u00f6st\u00e4m\u00e4ss\u00e4 omia haasteitaan.<\/p>\n<p class=\"article-content article-content-width !bg-background\">\u2013 Viime vuoden aikana koen, ett\u00e4 meid\u00e4n parisuhde otti taas jonkinlaisen uuden askeleen eteenp\u00e4in. V\u00e4ist\u00e4m\u00e4tt\u00e4 se, ett\u00e4 oon alkanut ty\u00f6st\u00e4\u00e4 omia haasteitani, k\u00e4ynyt terapiassa ja opetellut muuttamaan toksisia k\u00e4yt\u00f6smallejani, on vaikuttanut my\u00f6s parisuhteeseen.<\/p>\n<p>&#8221;V\u00e4p\u00e4 on ollut niin iso tuki&#8221;<\/p>\n<p class=\"article-content article-content-width !bg-background\">Mari viel\u00e4 kehuu kumppaniaan vuolaasti. H\u00e4n kokee pystyv\u00e4ns\u00e4 olemaan aidosti oma itsens\u00e4 V\u00e4p\u00e4n kanssa, ja ett\u00e4 h\u00e4nell\u00e4 on turvallinen olo suhteessa.<\/p>\n<p class=\"article-content article-content-width !bg-background\">\u2013 Ja V\u00e4p\u00e4 on ollut niin iso tuki ja tsemppari asiassa kuin asiassa. T\u00e4ss\u00e4 kohtaa parisuhdetta on ollut ihanaa huomata, ett\u00e4 m\u00e4 oikeesti luotan siihen, ett\u00e4 voin olla 100% itseni toisen edess\u00e4, eik\u00e4 se s\u00e4ik\u00e4yt\u00e4 toista.\u00a0<\/p>\n<p class=\"article-content article-content-width !bg-background\">\u2013 Ihanaa kun on joku, jolle uskaltaa n\u00e4ytt\u00e4\u00e4 kaiken itsest\u00e4\u00e4n. Siell\u00e4 miss\u00e4 on V\u00e4p\u00e4 ja meid\u00e4n kisut, siell\u00e4 mulla on kaikista turvallisin ja paras olla.<\/p>\n<p>        <a itemprop=\"url\" href=\"https:\/\/www.seiska.fi\/kotimaa\/tiesitko-minja-koskelan-sisko-on-tunnettu-temppari-kaunotar\/2036735\" rel=\"nofollow noopener\" target=\"_blank\"><\/p>\n<p>\nTiesitko?\n<\/p>\n<p class=\"section-date\">\n        <strong class=\"article-section\" data-section=\"kotimaa\"><br \/>\n            kotimaa<br \/>\n        <\/strong><br \/>\n        3.1. 20:00\n    <\/p>\n<p>Tiesitk\u00f6? Minja Koskelan sisko on tunnettu Temppari-kaunotar!\n    <\/p>\n<p itemprop=\"description\" class=\"subtitle \">\n    Minjaa ja Meijua ei \u00e4kkiselt\u00e4\u00e4n arvaisi siskoksiksi.\n<\/p>\n<p>        <\/a><\/p>\n<p class=\"article-content article-content-width !bg-background\">Mari on vilpitt\u00f6m\u00e4sti kiitollinen V\u00e4p\u00e4st\u00e4.\u00a0<\/p>\n<p class=\"article-content article-content-width !bg-background\">\u2013 Kiitos kun oot rakentanut mun kanssa t\u00e4t\u00e4 suhdetta ja kohdannut ne haasteet, joita meid\u00e4n matkalle on tullut.\u00a0On maailman parasta olla me, Mari p\u00e4\u00e4tti koskettavan somekirjoituksensa.<\/p>\n","protected":false},"excerpt":{"rendered":"Arkistokuva vuodelta 2019. Temptation Island Suomi -ohjelman lehdist\u00f6tilaisuus. Kuvassa Eero eli V\u00e4p\u00e4 ja Mari. Timo Korhonen Temppareissa n\u00e4hty&hellip;\n","protected":false},"author":2,"featured_media":135140,"comment_status":"","ping_status":"","sticky":false,"template":"","format":"standard","meta":{"footnotes":""},"categories":[130],"tags":[137,33,31,30,12314,1496,651,32,2929,23686,23685,109,11982],"class_list":{"0":"post-135139","1":"post","2":"type-post","3":"status-publish","4":"format-standard","5":"has-post-thumbnail","7":"category-viihde","8":"tag-entertainment","9":"tag-fi","10":"tag-finland","11":"tag-finnish","12":"tag-pariskunta","13":"tag-parisuhde","14":"tag-suhteet","15":"tag-suomi","16":"tag-temptation-island-suomi","17":"tag-tis-mari","18":"tag-tis-vapa","19":"tag-viihde","20":"tag-vuosipaiva"},"share_on_mastodon":{"url":"https:\/\/pubeurope.com\/@fi\/115849376733792853","error":""},"_links":{"self":[{"href":"https:\/\/www.europesays.com\/fi\/wp-json\/wp\/v2\/posts\/135139","targetHints":{"allow":["GET"]}}],"collection":[{"href":"https:\/\/www.europesays.com\/fi\/wp-json\/wp\/v2\/posts"}],"about":[{"href":"https:\/\/www.europesays.com\/fi\/wp-json\/wp\/v2\/types\/post"}],"author":[{"embeddable":true,"href":"https:\/\/www.europesays.com\/fi\/wp-json\/wp\/v2\/users\/2"}],"replies":[{"embeddable":true,"href":"https:\/\/www.europesays.com\/fi\/wp-json\/wp\/v2\/comments?post=135139"}],"version-history":[{"count":0,"href":"https:\/\/www.europesays.com\/fi\/wp-json\/wp\/v2\/posts\/135139\/revisions"}],"wp:featuredmedia":[{"embeddable":true,"href":"https:\/\/www.europesays.com\/fi\/wp-json\/wp\/v2\/media\/135140"}],"wp:attachment":[{"href":"https:\/\/www.europesays.com\/fi\/wp-json\/wp\/v2\/media?parent=135139"}],"wp:term":[{"taxonomy":"category","embeddable":true,"href":"https:\/\/www.europesays.com\/fi\/wp-json\/wp\/v2\/categories?post=135139"},{"taxonomy":"post_tag","embeddable":true,"href":"https:\/\/www.europesays.com\/fi\/wp-json\/wp\/v2\/tags?post=135139"}],"curies":[{"name":"wp","href":"https:\/\/api.w.org\/{rel}","templated":true}]}}