{"id":135143,"date":"2026-01-06T17:41:07","date_gmt":"2026-01-06T17:41:07","guid":{"rendered":"https:\/\/www.europesays.com\/fi\/135143\/"},"modified":"2026-01-06T17:41:07","modified_gmt":"2026-01-06T17:41:07","slug":"miten-tulot-jakautuvat-satakuntalaisissa-lapsiperheissa-vastaa-skn-kyselyyn-etsimme-haastateltavia","status":"publish","type":"post","link":"https:\/\/www.europesays.com\/fi\/135143\/","title":{"rendered":"Miten tulot jakautuvat satakuntalaisissa lapsiperheiss\u00e4? \u2013 Vastaa SK:n kyselyyn, etsimme haastateltavia"},"content":{"rendered":"<p>Lapset ja yhteinen talous. Vastaa kyselyyn ja kerro, miten te sen hoidatte?<\/p>\n<p class=\"article-body mb-nof-24 px-nof-16\">Satakunta<\/p>\n<p class=\"article-body mb-nof-24 px-nof-16\">Miten raha jakautuu satakuntalaisissa lapsiperheiss\u00e4, joissa on alaik\u00e4isi\u00e4 lapsia? Menev\u00e4tk\u00f6 menot puoliksi vai kantaako jompi kumpi puolisoista suurempaa taloudellista vastuuta?<\/p>\n<p class=\"article-body mb-nof-24 px-nof-16\">Vastaa Satakunnan Kansan kyselyyn aiheesta. Etsimme haastateltavia, jotka olisivat valmiita avaamaan taloutensa tasapainottelua lapsiperheiden n\u00e4k\u00f6kulmasta.<\/p>\n","protected":false},"excerpt":{"rendered":"Lapset ja yhteinen talous. Vastaa kyselyyn ja kerro, miten te sen hoidatte? Satakunta Miten raha jakautuu satakuntalaisissa lapsiperheiss\u00e4,&hellip;\n","protected":false},"author":2,"featured_media":135144,"comment_status":"","ping_status":"","sticky":false,"template":"","format":"standard","meta":{"footnotes":""},"categories":[76],"tags":[79,77,33,31,30,80,32,78],"class_list":{"0":"post-135143","1":"post","2":"type-post","3":"status-publish","4":"format-standard","5":"has-post-thumbnail","7":"category-talous","8":"tag-business","9":"tag-economy","10":"tag-fi","11":"tag-finland","12":"tag-finnish","13":"tag-satakunnan-kansa","14":"tag-suomi","15":"tag-talous"},"share_on_mastodon":{"url":"https:\/\/pubeurope.com\/@fi\/115849388619289923","error":""},"_links":{"self":[{"href":"https:\/\/www.europesays.com\/fi\/wp-json\/wp\/v2\/posts\/135143","targetHints":{"allow":["GET"]}}],"collection":[{"href":"https:\/\/www.europesays.com\/fi\/wp-json\/wp\/v2\/posts"}],"about":[{"href":"https:\/\/www.europesays.com\/fi\/wp-json\/wp\/v2\/types\/post"}],"author":[{"embeddable":true,"href":"https:\/\/www.europesays.com\/fi\/wp-json\/wp\/v2\/users\/2"}],"replies":[{"embeddable":true,"href":"https:\/\/www.europesays.com\/fi\/wp-json\/wp\/v2\/comments?post=135143"}],"version-history":[{"count":0,"href":"https:\/\/www.europesays.com\/fi\/wp-json\/wp\/v2\/posts\/135143\/revisions"}],"wp:featuredmedia":[{"embeddable":true,"href":"https:\/\/www.europesays.com\/fi\/wp-json\/wp\/v2\/media\/135144"}],"wp:attachment":[{"href":"https:\/\/www.europesays.com\/fi\/wp-json\/wp\/v2\/media?parent=135143"}],"wp:term":[{"taxonomy":"category","embeddable":true,"href":"https:\/\/www.europesays.com\/fi\/wp-json\/wp\/v2\/categories?post=135143"},{"taxonomy":"post_tag","embeddable":true,"href":"https:\/\/www.europesays.com\/fi\/wp-json\/wp\/v2\/tags?post=135143"}],"curies":[{"name":"wp","href":"https:\/\/api.w.org\/{rel}","templated":true}]}}