{"id":135153,"date":"2026-01-06T18:00:08","date_gmt":"2026-01-06T18:00:08","guid":{"rendered":"https:\/\/www.europesays.com\/fi\/135153\/"},"modified":"2026-01-06T18:00:08","modified_gmt":"2026-01-06T18:00:08","slug":"steve-harris-nimeaa-kappaleen-jonka-haluaisi-nostaa-pitkasta-aikaa-iron-maidenin-settilistalle","status":"publish","type":"post","link":"https:\/\/www.europesays.com\/fi\/135153\/","title":{"rendered":"Steve Harris nime\u00e4\u00e4 kappaleen, jonka haluaisi nostaa pitk\u00e4st\u00e4 aikaa Iron Maidenin settilistalle"},"content":{"rendered":"<p>Iron Maiden aloitti viime vuonna Run For Your Lives -juhlakiertueen, jolla yhtye keskittyy soittamaan kappaleita ainoastaan uransa alkupuolelta eli debyytti Iron Maidenist\u00e4 (1980) aina vuoden 1992 Fear of the Darkiin saakka. Ja vaikka settiin ei nostettukaan mit\u00e4\u00e4n todellisia harvinaisuuksia, kuultiin keikoilla \u2013 kuten <a href=\"https:\/\/www.soundi.fi\/keikat\/livearvio-iron-maiden-on-edelleen-yksi-elinvoimaisimmista-ellei-elinvoimaisin-metallilegenda\/\" target=\"_blank\" rel=\"noreferrer noopener nofollow\">Helsingin Olympiastadionilla<\/a> \u2013 paljon kappaleita, joita yhtye ei ole v\u00e4h\u00e4\u00e4n aikaan keikoillaan soittanut.<\/p>\n<p>Lue my\u00f6s: <a href=\"https:\/\/www.soundi.fi\/keikat\/livearvio-iron-maiden-on-edelleen-yksi-elinvoimaisimmista-ellei-elinvoimaisin-metallilegenda\/\" title=\"Livearvio: Iron Maiden on edelleen yksi elinvoimaisimmista, ellei elinvoimaisin metallilegenda\" class=\"underline-custom !font-montserrat !font-bold !underline-offset-4 !decoration-4 !decoration-tilt-light\" rel=\"nofollow noopener\" target=\"_blank\">Livearvio: Iron Maiden on edelleen yksi elinvoimaisimmista, ellei elinvoimaisin metallilegenda<\/a><\/p>\n<p>Metal Hammer -lehden tuoreimmassa numerossa b\u00e4ndin primus motor Steve Harrisilta <a href=\"https:\/\/www.loudersound.com\/news\/steve-harris-song-bring-back-iron-maiden-set-2026\" target=\"_blank\" rel=\"noreferrer noopener nofollow\">kysyttiin<\/a>, mink\u00e4 nyt settilistalta puuttuvan kappaleen h\u00e4n henkil\u00f6kohtaisesti haluaisi nostaa loppukev\u00e4\u00e4st\u00e4 jatkuvan kiertueen ohjelmistoon. Basistin katse k\u00e4\u00e4ntyy t\u00e4ll\u00e4 kertaa vuoden 1988 Seventh Son of a Seventh Son -albumiin.<\/p>\n<p>\u201dPid\u00e4n niist\u00e4 kaikista, joten valinta on todella vaikea! Mutta on kappaleita kuten The Evil That Men Do, joka ei ole jo setiss\u00e4 ja jonka haluaisin soittaa. Mutta pallottelimme ideoita yhdess\u00e4 ja t\u00e4ll\u00e4 kertaa valinta ei osunut siihen\u201d, Harris toteaa.<\/p>\n<p>\u201dOn todella vaikeaa rakentaa setti\u00e4 mist\u00e4\u00e4n uramme vaiheesta ilman, ett\u00e4 jotain j\u00e4\u00e4 puuttumaan. No, kai se on ihan positiivinen ongelma.\u201d<\/p>\n<p>Run For Your Lives -kiertue kulkee loppukev\u00e4\u00e4st\u00e4 ja kes\u00e4ll\u00e4 pitkin Eurooppaa p\u00e4\u00e4osin festareilla (valitettavasti Suomessa yhtyett\u00e4 ei n\u00e4hd\u00e4), syksyll\u00e4 ja loppuvuodesta Maidenin kiertuekaravaani suuntaa vuorostaan Pohjois-Amerikkaan ja siit\u00e4 edelleen Etel\u00e4-Amerikkaan.<\/p>\n<p>Lue my\u00f6s: <a href=\"https:\/\/www.soundi.fi\/uutiset\/iron-maiden-kitaristi-kertoo-miksi-yhtye-paatti-poiketa-pitkista-perinteistaan-viimeisimmalla-kiertueellaan\/\" title=\"Iron Maiden -kitaristi kertoo, miksi yhtye p\u00e4\u00e4tti poiketa pitkist\u00e4 perinteist\u00e4\u00e4n viimeisimm\u00e4ll\u00e4 kiertueellaan\" class=\"underline-custom !font-montserrat !font-bold !underline-offset-4 !decoration-4 !decoration-tilt-light\" rel=\"nofollow noopener\" target=\"_blank\">Iron Maiden -kitaristi kertoo, miksi yhtye p\u00e4\u00e4tti poiketa pitkist\u00e4 perinteist\u00e4\u00e4n viimeisimm\u00e4ll\u00e4 kiertueellaan<\/a><\/p>\n<p>Lue my\u00f6s: <a href=\"https:\/\/www.soundi.fi\/uutiset\/millaista-oli-lampata-iron-maidenia-taman-massiivisella-juhlakiertueella-halestorm-rumpali-kertoo\/\" title=\"Millaista oli l\u00e4mp\u00e4t\u00e4 Iron Maidenia t\u00e4m\u00e4n massiivisella juhlakiertueella? Halestorm-rumpali kertoo\" class=\"underline-custom !font-montserrat !font-bold !underline-offset-4 !decoration-4 !decoration-tilt-light\" rel=\"nofollow noopener\" target=\"_blank\">Millaista oli l\u00e4mp\u00e4t\u00e4 Iron Maidenia t\u00e4m\u00e4n massiivisella juhlakiertueella? Halestorm-rumpali kertoo<\/a><\/p>\n<p>Lue my\u00f6s: <a href=\"https:\/\/www.soundi.fi\/uutiskirje\/\" title=\"Tilaa Soundin uutiskirje\" class=\"underline-custom !font-montserrat !font-bold !underline-offset-4 !decoration-4 !decoration-red-600 !text-md\" rel=\"nofollow noopener\" target=\"_blank\">Tilaa Soundin uutiskirje ja tied\u00e4t mist\u00e4 kahvitauolla puhutaan! Nappaa ajankohtaiset musiikin uutiset ja puheenaiheet suoraan s\u00e4hk\u00f6postiin t\u00e4st\u00e4.<\/a><\/p>\n","protected":false},"excerpt":{"rendered":"Iron Maiden aloitti viime vuonna Run For Your Lives -juhlakiertueen, jolla yhtye keskittyy soittamaan kappaleita ainoastaan uransa alkupuolelta&hellip;\n","protected":false},"author":2,"featured_media":126949,"comment_status":"","ping_status":"","sticky":false,"template":"","format":"standard","meta":{"footnotes":""},"categories":[132],"tags":[137,33,31,30,195,47,32,109],"class_list":{"0":"post-135153","1":"post","2":"type-post","3":"status-publish","4":"format-standard","5":"has-post-thumbnail","7":"category-musiikki","8":"tag-entertainment","9":"tag-fi","10":"tag-finland","11":"tag-finnish","12":"tag-music","13":"tag-musiikki","14":"tag-suomi","15":"tag-viihde"},"share_on_mastodon":{"url":"https:\/\/pubeurope.com\/@fi\/115849463243537811","error":""},"_links":{"self":[{"href":"https:\/\/www.europesays.com\/fi\/wp-json\/wp\/v2\/posts\/135153","targetHints":{"allow":["GET"]}}],"collection":[{"href":"https:\/\/www.europesays.com\/fi\/wp-json\/wp\/v2\/posts"}],"about":[{"href":"https:\/\/www.europesays.com\/fi\/wp-json\/wp\/v2\/types\/post"}],"author":[{"embeddable":true,"href":"https:\/\/www.europesays.com\/fi\/wp-json\/wp\/v2\/users\/2"}],"replies":[{"embeddable":true,"href":"https:\/\/www.europesays.com\/fi\/wp-json\/wp\/v2\/comments?post=135153"}],"version-history":[{"count":0,"href":"https:\/\/www.europesays.com\/fi\/wp-json\/wp\/v2\/posts\/135153\/revisions"}],"wp:featuredmedia":[{"embeddable":true,"href":"https:\/\/www.europesays.com\/fi\/wp-json\/wp\/v2\/media\/126949"}],"wp:attachment":[{"href":"https:\/\/www.europesays.com\/fi\/wp-json\/wp\/v2\/media?parent=135153"}],"wp:term":[{"taxonomy":"category","embeddable":true,"href":"https:\/\/www.europesays.com\/fi\/wp-json\/wp\/v2\/categories?post=135153"},{"taxonomy":"post_tag","embeddable":true,"href":"https:\/\/www.europesays.com\/fi\/wp-json\/wp\/v2\/tags?post=135153"}],"curies":[{"name":"wp","href":"https:\/\/api.w.org\/{rel}","templated":true}]}}