{"id":135158,"date":"2026-01-06T18:06:12","date_gmt":"2026-01-06T18:06:12","guid":{"rendered":"https:\/\/www.europesays.com\/fi\/135158\/"},"modified":"2026-01-06T18:06:12","modified_gmt":"2026-01-06T18:06:12","slug":"kuvavuoto-tassa-on-motorolan-ensimmainen-kirjamallin-taittuvanayttoinen-puhelin-razr-fold","status":"publish","type":"post","link":"https:\/\/www.europesays.com\/fi\/135158\/","title":{"rendered":"Kuvavuoto: t\u00e4ss\u00e4 on Motorolan ensimm\u00e4inen kirjamallin taittuvan\u00e4ytt\u00f6inen puhelin Razr Fold"},"content":{"rendered":"<p><a href=\"https:\/\/mobiili.fi\/wp-content\/uploads\/2026\/01\/G96SH9-WAAA2DI4-scaled.jpg\" data-lightbox=\"image\" rel=\"nofollow noopener\" target=\"_blank\"><img fetchpriority=\"high\" decoding=\"async\" aria-describedby=\"caption-attachment-271413\" class=\"size-large wp-image-271413\" src=\"data:image\/svg+xml,%3Csvg%20xmlns=\" http:=\"\" alt=\"Motorola Razr Fold. Kuva: Evan Blass.\" width=\"1200\" height=\"1200\" data-lazy- data-lazy- data-lazy-src=\"https:\/\/www.europesays.com\/fi\/wp-content\/uploads\/2026\/01\/G96SH9-WAAA2DI4-1200x1200.jpg\"\/><\/a><\/p>\n<p id=\"caption-attachment-271413\" class=\"wp-caption-text\">Motorola Razr Fold. Kuva: Evan Blass.<\/p>\n<p>Motorola on tulossa tarjoamaan ensikatsauksen my\u00f6s uuteen taittuvan\u00e4ytt\u00f6iseen Razr Fold -puhelimeen t\u00e4ll\u00e4 viikolla CES-messujen yhteydess\u00e4.<\/p>\n<p><a href=\"https:\/\/mobiili.fi\/2026\/01\/05\/paljastus-motorolalta-tulossa-sen-ensimmainen-kirjamallin-taittuvanayttoinen-puhelin-razr-fold-ensivilaus-luvassa-jo-talla-viikolla\/\" rel=\"nofollow noopener\" target=\"_blank\">Razr Foldin esittelyst\u00e4, joka ei n\u00e4ill\u00e4 n\u00e4kymin tule olemaan viel\u00e4 t\u00e4ysi julkistus, saatiin vihjaus jo aiemmasta vuodosta<\/a>, ja nyt <a href=\"https:\/\/x.com\/evleaks\/status\/2008203694949663105\" rel=\"nofollow\">vuotaja Evan Blass on jatkanut paljastuksiaan julkaisemalla lukuisia tuotekuvia Razr Foldista<\/a>, joka on Motorolan ensimm\u00e4inen kirjamallin taittuvan\u00e4ytt\u00f6inen puhelin.<\/p>\n<p>T\u00e4h\u00e4n asti Motorolalta on n\u00e4hty useita taittuvan\u00e4ytt\u00f6isi\u00e4 Razr-simpukkapuhelimia, jotka taittuvat auki pystysuunnassa, mutta Razr Fold taittuu auki kirjan tavoin sivusuunassa.<\/p>\n<p style=\"width: 98%; text-align: center; font-size:13px; border-bottom: 1px solid #C8C8C8; line-height: 0.1em; margin: 8px 1% 16px 1%;\">MAINOS (ARTIKKELI JATKUU ALLA)<\/p>\n<p>Aiemman paljastuksen mukaan mukaan Razr Fold tarjoaa loistavat n\u00e4yt\u00f6t, \u00e4lykk\u00e4it\u00e4 teko\u00e4lytoimintoja sek\u00e4 kehittyneen kamerakokoonpanon \u201dasettaen uuden standardin sille mik\u00e4 on mahdollista taittuvassa laitteessa\u201d. Kuva kameroiden yhteydess\u00e4 kertoo polttov\u00e4lien olevan 12-71 millimetri\u00e4, eli mukana on p\u00e4\u00e4kameran lis\u00e4ksi ultralaajakulma- ja telekamerat. Telakameran optisen zoomin m\u00e4\u00e4r\u00e4 on noin 3x p\u00e4\u00e4kameraan verrattuna.<\/p>\n<p>Kuvat paljastavat my\u00f6s Razr Foldin tulevan tukemaan Motorolan uutta Moto Pen Ultra -stylus-kyn\u00e4\u00e4, joka my\u00f6s julkistettaneen t\u00e4ll\u00e4 viikolla.<\/p>\n<p>Lis\u00e4\u00e4 Razr Foldista t\u00e4ll\u00e4 viikolla luvassa olevan vilauksen j\u00e4lkeen virallisesti on tarkoitus paljastaa tulevina kuukausina, joten markkinoilletulo voi ajoittua kenties kes\u00e4n alkuun.<\/p>\n<p style=\"width: 98%; text-align: center; font-size:13px; border-bottom: 1px solid #C8C8C8; line-height: 0.1em; margin: 8px 1% 16px 1%;\">MAINOS (ARTIKKELI JATKUU ALLA)<\/p>\n<p>Razr Foldin lis\u00e4ksi Motorola tulee t\u00e4ll\u00e4 viikolla julkistamaan <a href=\"https:\/\/mobiili.fi\/2026\/01\/04\/motorolan-tulevan-signature-lippulaivapuhelimen-taydet-tekniset-tiedot-paljastuivat-paivityslupaus-pitenee-seitseman-vuoteen\/\" rel=\"nofollow noopener\" target=\"_blank\">uuden Signature-lippulaivapuhelimensa, joka on paljastunut jo vuodoissa kokonaisuudessaan<\/a>.<\/p>\n<p><a href=\"https:\/\/mobiili.fi\/wp-content\/uploads\/2026\/01\/G96SkTGXkAAIvZu-scaled.jpg\" data-lightbox=\"image\" rel=\"nofollow noopener\" target=\"_blank\"><img loading=\"lazy\" decoding=\"async\" class=\"aligncenter size-large wp-image-271415\" src=\"data:image\/svg+xml,%3Csvg%20xmlns=\" http:=\"\" alt=\"\" width=\"1200\" height=\"1200\" data-lazy- data-lazy- data-lazy-src=\"https:\/\/www.europesays.com\/fi\/wp-content\/uploads\/2026\/01\/G96SkTGXkAAIvZu-1200x1200.jpg\"\/><\/a><\/p>\n<p><a href=\"https:\/\/mobiili.fi\/wp-content\/uploads\/2026\/01\/G96SkTDXwAAaPQ1-scaled.jpg\" data-lightbox=\"image\" rel=\"nofollow noopener\" target=\"_blank\"><img loading=\"lazy\" decoding=\"async\" class=\"aligncenter size-large wp-image-271414\" src=\"data:image\/svg+xml,%3Csvg%20xmlns=\" http:=\"\" alt=\"\" width=\"1200\" height=\"1200\" data-lazy- data-lazy- data-lazy-src=\"https:\/\/www.europesays.com\/fi\/wp-content\/uploads\/2026\/01\/G96SkTDXwAAaPQ1-1200x1200.jpg\"\/><\/a><\/p>\n<p><a href=\"https:\/\/mobiili.fi\/wp-content\/uploads\/2026\/01\/G96SkTMWMAAvDY8-scaled.jpg\" data-lightbox=\"image\" rel=\"nofollow noopener\" target=\"_blank\"><img loading=\"lazy\" decoding=\"async\" class=\"aligncenter size-large wp-image-271416\" src=\"data:image\/svg+xml,%3Csvg%20xmlns=\" http:=\"\" alt=\"\" width=\"1200\" height=\"791\" data-lazy- data-lazy- data-lazy-src=\"https:\/\/www.europesays.com\/fi\/wp-content\/uploads\/2026\/01\/G96SkTMWMAAvDY8-1200x791.jpg\"\/><\/a><\/p>\n<p style=\"width: 98%; text-align: center; font-size:13px; border-bottom: 1px solid #C8C8C8; line-height: 0.1em; margin: 8px 1% 16px 1%;\">MAINOS (ARTIKKELI JATKUU ALLA)<\/p>\n<p><a href=\"https:\/\/mobiili.fi\/wp-content\/uploads\/2026\/01\/G96SWxbWkAAlctl-scaled.jpg\" data-lightbox=\"image\" rel=\"nofollow noopener\" target=\"_blank\"><img loading=\"lazy\" decoding=\"async\" class=\"aligncenter size-large wp-image-271417\" src=\"data:image\/svg+xml,%3Csvg%20xmlns=\" http:=\"\" alt=\"\" width=\"1200\" height=\"1200\" data-lazy- data-lazy- data-lazy-src=\"https:\/\/www.europesays.com\/fi\/wp-content\/uploads\/2026\/01\/G96SWxbWkAAlctl-1200x1200.jpg\"\/><\/a><\/p>\n<p><a href=\"https:\/\/mobiili.fi\/wp-content\/uploads\/2026\/01\/G96SWxZWcAAnNZX-scaled.jpg\" data-lightbox=\"image\" rel=\"nofollow noopener\" target=\"_blank\"><img loading=\"lazy\" decoding=\"async\" class=\"aligncenter size-large wp-image-271418\" src=\"data:image\/svg+xml,%3Csvg%20xmlns=\" http:=\"\" alt=\"\" width=\"1200\" height=\"1200\" data-lazy- data-lazy- data-lazy-src=\"https:\/\/www.europesays.com\/fi\/wp-content\/uploads\/2026\/01\/G96SWxZWcAAnNZX-1200x1200.jpg\"\/><\/a><\/p>\n<p>Mainos: <a href=\"https:\/\/hinta.fi\/?src=gPp6fX03\" target=\"_blank\" rel=\"nofollow noopener\">Noin 1 600 000 tuotteen hintavertailu ja hintaseuranta &#8211; katso Hinta.fist\u00e4 mist\u00e4 saat halvimmalla<\/a><\/p>\n","protected":false},"excerpt":{"rendered":"Motorola Razr Fold. Kuva: Evan Blass. Motorola on tulossa tarjoamaan ensikatsauksen my\u00f6s uuteen taittuvan\u00e4ytt\u00f6iseen Razr Fold -puhelimeen t\u00e4ll\u00e4&hellip;\n","protected":false},"author":2,"featured_media":135159,"comment_status":"","ping_status":"","sticky":false,"template":"","format":"standard","meta":{"footnotes":""},"categories":[84],"tags":[33,31,30,32,91,92],"class_list":{"0":"post-135158","1":"post","2":"type-post","3":"status-publish","4":"format-standard","5":"has-post-thumbnail","7":"category-teknologia","8":"tag-fi","9":"tag-finland","10":"tag-finnish","11":"tag-suomi","12":"tag-technology","13":"tag-teknologia"},"share_on_mastodon":{"url":"https:\/\/pubeurope.com\/@fi\/115849487036038616","error":""},"_links":{"self":[{"href":"https:\/\/www.europesays.com\/fi\/wp-json\/wp\/v2\/posts\/135158","targetHints":{"allow":["GET"]}}],"collection":[{"href":"https:\/\/www.europesays.com\/fi\/wp-json\/wp\/v2\/posts"}],"about":[{"href":"https:\/\/www.europesays.com\/fi\/wp-json\/wp\/v2\/types\/post"}],"author":[{"embeddable":true,"href":"https:\/\/www.europesays.com\/fi\/wp-json\/wp\/v2\/users\/2"}],"replies":[{"embeddable":true,"href":"https:\/\/www.europesays.com\/fi\/wp-json\/wp\/v2\/comments?post=135158"}],"version-history":[{"count":0,"href":"https:\/\/www.europesays.com\/fi\/wp-json\/wp\/v2\/posts\/135158\/revisions"}],"wp:featuredmedia":[{"embeddable":true,"href":"https:\/\/www.europesays.com\/fi\/wp-json\/wp\/v2\/media\/135159"}],"wp:attachment":[{"href":"https:\/\/www.europesays.com\/fi\/wp-json\/wp\/v2\/media?parent=135158"}],"wp:term":[{"taxonomy":"category","embeddable":true,"href":"https:\/\/www.europesays.com\/fi\/wp-json\/wp\/v2\/categories?post=135158"},{"taxonomy":"post_tag","embeddable":true,"href":"https:\/\/www.europesays.com\/fi\/wp-json\/wp\/v2\/tags?post=135158"}],"curies":[{"name":"wp","href":"https:\/\/api.w.org\/{rel}","templated":true}]}}