{"id":135164,"date":"2026-01-06T18:09:07","date_gmt":"2026-01-06T18:09:07","guid":{"rendered":"https:\/\/www.europesays.com\/fi\/135164\/"},"modified":"2026-01-06T18:09:07","modified_gmt":"2026-01-06T18:09:07","slug":"ihmiset-kertovat-miten-elama-muuttuisi-lottovoiton-myota-matti-ei-laittaisi-euroakaan-omalle-tilille-iltalehti","status":"publish","type":"post","link":"https:\/\/www.europesays.com\/fi\/135164\/","title":{"rendered":"Ihmiset kertovat, miten el\u00e4m\u00e4 muuttuisi lottovoiton my\u00f6t\u00e4 \u2013 Matti ei laittaisi euroakaan omalle tilille &#8211; Iltalehti"},"content":{"rendered":"<ol>\n<li><a href=\"https:\/\/news.google.com\/rss\/articles\/CBMie0FVX3lxTE9mcnRva1RIdGNpSU9sOW9rOWdxaFp1akNCcFFrei1xNDl4dmMzeVFEUjU0YlZnZTQ5TXgtOUtOQXBzRnRZWE1UTF9ycUEwYmdYcThZSzI0SVZuRWNwT2RIVGs5aTdkUHZ4ZGVLQXpXbkJVcjRNSjA5bDBQRQ?oc=5\" target=\"_blank\" rel=\"nofollow noopener\">Ihmiset kertovat, miten el\u00e4m\u00e4 muuttuisi lottovoiton my\u00f6t\u00e4 \u2013 Matti ei laittaisi euroakaan omalle tilille<\/a>&nbsp;&nbsp;Iltalehti<\/li>\n<li><a href=\"https:\/\/news.google.com\/rss\/articles\/CBMi9gFBVV95cUxQVzVOLXVwZ29tYnZ2X01raWlQMmd6ekgxQUhIYVdBQVJqYU5CaTlvd3ZIN3BXWjB5ajNRX3hETmRoSmhrS1Y4V1JNNFlndktESkdRZDJPSGt2a09SZjFPLURwTlVWdXhlOGZtUEJTaUI1ZDgwbzdobGVzeUN2Y05ZMmVHak1pUy04by1UWlgtZ2k1U2E3dGMtcFFLdTBobUJqSk5iMFl1VXl1Qk9UTDRvVFJPZDdlb21zcGhkVDc3bmotNl94T3B3NW80R0F4YnlEMmdVdUtacTV1RHdGOXlVcnV3NkQ3QXVEYUtreXJHSHZCanBfbFE?oc=5\" target=\"_blank\" rel=\"nofollow noopener\">J\u00e4ttim\u00e4isen 74,1 miljoonan euron Eurojackpot-voittaja: \u201dMenen nyt lumit\u00f6ihin\u201d<\/a>&nbsp;&nbsp;Veikkaus<\/li>\n<li><a href=\"https:\/\/news.google.com\/rss\/articles\/CBMie0FVX3lxTE5xeFVscHduSXFvQ2xWMlV1d21zbXlRUGF4SHktaGVSQXE2THB4YS13aXlZelJrcFRNZTN3dXd2MnZCeFpldzlHNTJ4Mkhnb3hQT1BnMXFJRlNiTUxIX3VhTXRQM1l6dmhXSUU2eG9HUkdKR2NISUkxb3NjTQ?oc=5\" target=\"_blank\" rel=\"nofollow noopener\">Suomeen osui historiallinen j\u00e4ttipotti \u2013 Professori varoittaa sudenkuopasta<\/a>&nbsp;&nbsp;Iltalehti<\/li>\n<li><a href=\"https:\/\/news.google.com\/rss\/articles\/CBMiQkFVX3lxTE9vZ05ienNPeHFyTm90b2Z3cldER084Wmx5eWN6M3VwU2tueTZxZ1ZkY0ZzbDZJZ0RDTF8zRlpqR2tyQQ?oc=5\" target=\"_blank\" rel=\"nofollow noopener\">Etel\u00e4-Suomeen pakkasvaroitus \u2013 viikko alkaa kylm\u00e4n\u00e4<\/a>&nbsp;&nbsp;Yle<\/li>\n<li><a href=\"https:\/\/news.google.com\/rss\/articles\/CBMiswFBVV95cUxPWVFyNEJlVC05Sm1NWnRKbUJBWGRmem9uYVlaSkthTDhfeWFpWlNrVjJtU3c2MjV6TVlCUGhHU1RTWWhMZ002OUZpaWdUdzFDY2hDQy12RTNocFVhR1J1eWdndUotQU1OZTRMeXEtSzQ3bHE4RlExOVdMX1BRYjVIVHlvWVRFOFR6UXFRcG9GZUhnTG5lYUE3aHVPWFhfaFlsc0pVcXNLcVdJWW83ZEpTUk9MRQ?oc=5\" target=\"_blank\" rel=\"nofollow noopener\">Eurojackpotin voittajanaista odottaa pari kylm\u00e4\u00e4 tosiasiaa \u2013 n\u00e4in paljon vie verottaja\u2026<\/a>&nbsp;&nbsp;Como.fi<\/li>\n<\/ol>\n","protected":false},"excerpt":{"rendered":"Ihmiset kertovat, miten el\u00e4m\u00e4 muuttuisi lottovoiton my\u00f6t\u00e4 \u2013 Matti ei laittaisi euroakaan omalle tilille&nbsp;&nbsp;Iltalehti J\u00e4ttim\u00e4isen 74,1 miljoonan euron&hellip;\n","protected":false},"author":2,"featured_media":135165,"comment_status":"","ping_status":"","sticky":false,"template":"","format":"standard","meta":{"footnotes":""},"categories":[12],"tags":[35,22,23,26,27,33,31,30,478,17,24,25,28,29,15,18,21,150,5629,721,32,19,20,16,2186],"class_list":{"0":"post-135164","1":"post","2":"type-post","3":"status-publish","4":"format-standard","5":"has-post-thumbnail","7":"category-suomi","8":"tag-24h","9":"tag-breaking-news","10":"tag-breakingnews","11":"tag-featured-news","12":"tag-featurednews","13":"tag-fi","14":"tag-finland","15":"tag-finnish","16":"tag-harrastukset","17":"tag-headlines","18":"tag-latest-news","19":"tag-latestnews","20":"tag-main-news","21":"tag-mainnews","22":"tag-news","23":"tag-otsikot","24":"tag-paauutiset","25":"tag-pelit","26":"tag-raha-ja-muut-maksuvalineet","27":"tag-rahoitus","28":"tag-suomi","29":"tag-top-stories","30":"tag-topstories","31":"tag-uutiset","32":"tag-verotus"},"share_on_mastodon":{"url":"https:\/\/pubeurope.com\/@fi\/115849498762386913","error":""},"_links":{"self":[{"href":"https:\/\/www.europesays.com\/fi\/wp-json\/wp\/v2\/posts\/135164","targetHints":{"allow":["GET"]}}],"collection":[{"href":"https:\/\/www.europesays.com\/fi\/wp-json\/wp\/v2\/posts"}],"about":[{"href":"https:\/\/www.europesays.com\/fi\/wp-json\/wp\/v2\/types\/post"}],"author":[{"embeddable":true,"href":"https:\/\/www.europesays.com\/fi\/wp-json\/wp\/v2\/users\/2"}],"replies":[{"embeddable":true,"href":"https:\/\/www.europesays.com\/fi\/wp-json\/wp\/v2\/comments?post=135164"}],"version-history":[{"count":0,"href":"https:\/\/www.europesays.com\/fi\/wp-json\/wp\/v2\/posts\/135164\/revisions"}],"wp:featuredmedia":[{"embeddable":true,"href":"https:\/\/www.europesays.com\/fi\/wp-json\/wp\/v2\/media\/135165"}],"wp:attachment":[{"href":"https:\/\/www.europesays.com\/fi\/wp-json\/wp\/v2\/media?parent=135164"}],"wp:term":[{"taxonomy":"category","embeddable":true,"href":"https:\/\/www.europesays.com\/fi\/wp-json\/wp\/v2\/categories?post=135164"},{"taxonomy":"post_tag","embeddable":true,"href":"https:\/\/www.europesays.com\/fi\/wp-json\/wp\/v2\/tags?post=135164"}],"curies":[{"name":"wp","href":"https:\/\/api.w.org\/{rel}","templated":true}]}}