{"id":135168,"date":"2026-01-06T18:22:08","date_gmt":"2026-01-06T18:22:08","guid":{"rendered":"https:\/\/www.europesays.com\/fi\/135168\/"},"modified":"2026-01-06T18:22:08","modified_gmt":"2026-01-06T18:22:08","slug":"nicole-kidmanin-ensimmainen-joulu-sinkkuna-20-vuoteen-yllatyseron-keith-urbanista-jalkeen-kuvattiin-tyttariensa-kanssa-lentoasemalla","status":"publish","type":"post","link":"https:\/\/www.europesays.com\/fi\/135168\/","title":{"rendered":"Nicole Kidmanin: Ensimm\u00e4inen joulu sinkkuna 20 vuoteen yll\u00e4tyseron Keith Urbanista j\u00e4lkeen \u2013 kuvattiin tytt\u00e4riens\u00e4 kanssa lentoasemalla"},"content":{"rendered":"<p>            AOP\n        <\/p>\n<p class=\"subtitle \">Miljon\u00e4\u00e4rin\u00e4yttelij\u00e4 vietti katkeransuloisen juhlasesongin tytt\u00e4riens\u00e4 kanssa.<\/p>\n<p class=\"article-content article-content-width !bg-background\">Yll\u00e4tyseronnut  esiintyi Sydneyn lentoasemalla p\u00e4ivyst\u00e4neille paparazzeille iloisesti vilkutellen. Niin tekiv\u00e4t my\u00f6s h\u00e4nen teinitytt\u00e4rens\u00e4.<\/p>\n<p class=\"font-weight-bold m-font-weight-bold article-content article-content-width !bg-background\">Arkistovideo: Nicole erosi kantrimiehest\u00e4\u00e4n Keith Urbanista syksyll\u00e4<\/p>\n<p class=\"article-content article-content-width !bg-background\">Miljon\u00e4\u00e4rin\u00e4yttelij\u00e4 oli sunnuntaina (4.1.) lent\u00e4m\u00e4ss\u00e4 takaisin Yhdysvaltoihin mukanaan tytt\u00e4rens\u00e4\u00a0, 17, ja , 15. Trio oli juhlinut joulua ja vuodenvaihdetta Sydneyss\u00e4. Nicole on Australiasta kotoisin.<\/p>\n<p class=\"article-content article-content-width !bg-background\">Lentomatkalleen Nicole oli pukeutunut hyvin v\u00e4hiin v\u00e4reihin.<br \/>\nYll\u00e4 oli musta nahkatakki, musta Chanel-toppi ja maailmant\u00e4hdille<br \/>\npuolipakolliset mustat, isot aurinkolasit.<\/p>\n<p>        <a itemprop=\"url\" href=\"https:\/\/www.seiska.fi\/ulkomaat\/mita-tapahtui-nicole-kidmanin-kasvoille\/1998322\" rel=\"nofollow noopener\" target=\"_blank\"><\/p>\n<p>\nNicole Kidman\n<\/p>\n<p class=\"section-date\">\n        <strong class=\"article-section\" data-section=\"ulkomaat\"><br \/>\n            ulkomaat<br \/>\n        <\/strong><br \/>\n        27.12.2025 21:00\n    <\/p>\n<p>Mit\u00e4 tapahtui Nicole Kidmanin kasvoille?\n    <\/p>\n<p itemprop=\"description\" class=\"subtitle \">\n    57-vuotiaan n\u00e4yttelij\u00e4n muuttunut ulkon\u00e4k\u00f6 puhuttaa.\n<\/p>\n<p>        <\/a><\/p>\n<p class=\"article-content article-content-width !bg-background\"><a href=\"https:\/\/www.dailymail.co.uk\/tvshowbiz\/article-15432489\/Nicole-Kidman-leaves-Sydney-daughters.html\" target=\"_blank\" style=\"font-size:1.125rem\" rel=\"nofollow noopener\">Mustaa yl\u00e4osaa Nicole tasapainotti oikeaoppisesti vaalealla. Jalassa oli kermanv\u00e4riset housut ja valkoiset keng\u00e4t, Daily Mail kertoo.<\/a><\/p>\n<p class=\"article-content article-content-width !bg-background\">Usein kiharoissa viihtyv\u00e4 blondi oli t\u00e4ll\u00e4kin kertaa j\u00e4tt\u00e4nyt kutrinsa auki, n\u00e4enn\u00e4isen luonnollisesti vapaana keikkuviksi.<\/p>\n<p>Paluu Australiaan<\/p>\n<p class=\"article-content article-content-width !bg-background\">Joulu oli Nicolen ensimm\u00e4inen sinkkuna 20 vuoteen. H\u00e4n erosi yleis\u00f6n yll\u00e4tykseksi\u00a0kantrilaulaja  syyskuun viimeisen\u00e4 p\u00e4iv\u00e4n\u00e4.<\/p>\n<p>                <img decoding=\"async\" src=\"https:\/\/www.europesays.com\/fi\/wp-content\/uploads\/2026\/01\/2038048.webp.jpeg\" width=\"576\" height=\"413\" alt=\"Sunnuntaina Sydneyst\u00e4 toiseen p\u00e4\u00e4kotiinsa Nashvilleen singahtanut perh kuvattiin lentoasemalla. Vasemmalla kuvassa on Sunday, joka ei ole Nicolen ja Keithin biologinen lapsi vaan heid\u00e4n adoptoimansa. Oikealla oleva kaksi vuotta nuorempi Faith puolestaan on sijaissynnytt\u00e4j\u00e4n avulla saatu.\" loading=\"lazy\" \/>            <\/p>\n<p>\n            Sunnuntaina Sydneyst\u00e4 toiseen p\u00e4\u00e4kotiinsa Nashvilleen singahtanut perh kuvattiin lentoasemalla. Vasemmalla kuvassa on Sunday, joka ei ole Nicolen ja Keithin biologinen lapsi vaan heid\u00e4n adoptoimansa. Oikealla oleva kaksi vuotta nuorempi Faith puolestaan on sijaissynnytt\u00e4j\u00e4n avulla saatu.<br \/>\n            AOP\n        <\/p>\n<p class=\"article-content article-content-width !bg-background\">People-lehden mukaan Kidman oli iloinen p\u00e4\u00e4stess\u00e4\u00e4n takaisin Australiaan joulunviettoon.<\/p>\n<p class=\"article-content article-content-width !bg-background\">\u2013 T\u00e4m\u00e4 oli kaikki, mit\u00e4 h\u00e4n halusi myrskyis\u00e4n syksyn j\u00e4lkeen. <a href=\"https:\/\/people.com\/nicole-kidman-first-christmas-since-keith-urban-split-australia-daughters-exclusive-11876182\" target=\"_blank\" rel=\"nofollow noopener\">H\u00e4n halusi vain juhlia joulua kotona, l\u00e4hde kertoi Peoplelle<\/a>.<\/p>\n<p>Juridinen sopimus: ollaan kavereita<\/p>\n<p class=\"article-content article-content-width !bg-background\">Erossa Nicole sai ensisijaisen huoltajuuden tytt\u00e4rist\u00e4\u00e4n. He asuvat p\u00e4\u00e4asiassa Sydneyn- ja Nashvillen-kodeissaan. J\u00e4lkimm\u00e4isess\u00e4 tyt\u00f6t k\u00e4yv\u00e4t koulua.<\/p>\n<p class=\"article-content article-content-width !bg-background\">Enimm\u00e4kseen teinit siis ovat arjen \u00e4itins\u00e4 luona, mutta voivat milloin tahansa k\u00e4yd\u00e4 is\u00e4n luona. Is\u00e4 Keith hoitaa heit\u00e4 kuitenkin v\u00e4hint\u00e4\u00e4n 60 vuorokautta vuodessa.<\/p>\n<p>                <img decoding=\"async\" src=\"https:\/\/www.europesays.com\/fi\/wp-content\/uploads\/2026\/01\/2038080.webp.jpeg\" width=\"576\" height=\"720\" alt=\"Koko nimelt\u00e4\u00e4n Sunday Rose Kidman-Urban on juuri maailman ykk\u00f6spaikoilla aloittanut 17-vuotias malli. Syy t\u00e4h\u00e4n on vanhempien rajoitus: h\u00e4nen ei annettu ryhty\u00e4 malliksi ennen kuin t\u00e4ytti 16, ja sen j\u00e4lkeenkin t\u00f6it\u00e4 saa tehd\u00e4 vain koulun niin salliessa. Ja onhan niit\u00e4 tehty. Sunday teki maailmandebyyttins\u00e4 Pariisin muotiviikoilla Diorin n\u00e4yt\u00f6ksess\u00e4. H\u00e4n on sanonut my\u00f6s haluavansa elokuvaopintojen pariin. Nimenomaan elokuva- ei n\u00e4yttelij\u00e4oppiin. H\u00e4n on h\u00e4mm\u00e4stytt\u00e4v\u00e4n paljon \u00e4itins\u00e4 n\u00e4k\u00f6inen, vaikka on kyseess\u00e4 on adoptio\u00e4iti.\" loading=\"lazy\" \/>            <\/p>\n<p>\n            Koko nimelt\u00e4\u00e4n Sunday Rose Kidman-Urban on juuri maailman ykk\u00f6spaikoilla aloittanut 17-vuotias malli. Syy t\u00e4h\u00e4n on vanhempien rajoitus: h\u00e4nen ei annettu ryhty\u00e4 malliksi ennen kuin t\u00e4ytti 16, ja sen j\u00e4lkeenkin t\u00f6it\u00e4 saa tehd\u00e4 vain koulun niin salliessa. Ja onhan niit\u00e4 tehty. Sunday teki maailmandebyyttins\u00e4 Pariisin muotiviikoilla Diorin n\u00e4yt\u00f6ksess\u00e4. H\u00e4n on sanonut my\u00f6s haluavansa elokuvaopintojen pariin. Nimenomaan elokuva- ei n\u00e4yttelij\u00e4oppiin. H\u00e4n on h\u00e4mm\u00e4stytt\u00e4v\u00e4n paljon \u00e4itins\u00e4 n\u00e4k\u00f6inen, vaikka on kyseess\u00e4 on adoptio\u00e4iti.<br \/>\n            AOP\n        <\/p>\n<p class=\"article-content article-content-width !bg-background\">Keith ja Nicole ovat juridisesti sitovasti my\u00f6s sopineet pysyv\u00e4ns\u00e4 yst\u00e4vin\u00e4. Lis\u00e4ksi erossa tehty sopimus velvoittaa huolehtimaan, ett\u00e4 lapset varmasti rakastavat kumpaakin vanhempaansa.<\/p>\n<p class=\"article-content article-content-width !bg-background\">Sopimukseen t\u00e4m\u00e4 kaikki on kirjattu mediatietojen mukaan niin, etteiv\u00e4t Nicole ja Keith puhu pahaa toisistaan tai toisen vanhemman perheenj\u00e4senist\u00e4.<\/p>\n<p>                <img decoding=\"async\" src=\"https:\/\/www.europesays.com\/fi\/wp-content\/uploads\/2026\/01\/2038096.webp.jpeg\" width=\"576\" height=\"701\" alt=\"15-vuotiasta Faith Margaret Kidman-Urbania ei valokuvista juuri muualta bongata kuin \u00e4itins\u00e4 vierest\u00e4. Molemmilla tytt\u00e4rill\u00e4 on my\u00f6s hybridiaksentti. He puhuvat sekaisin etel\u00e4valtioiden leve\u00e4\u00e4 ja pehme\u00e4\u00e4 englantia sek\u00e4 aussiaksentin napakkaa ja pomppivaa englantia. T\u00e4m\u00e4 on tiett\u00e4v\u00e4sti \u00e4idin valinta. Yhdysvalloissa ja varsinkin Englannissa on puhutun englannin murteella iso sosiaalinen merkitys.\" loading=\"lazy\" \/>            <\/p>\n<p>\n            15-vuotiasta Faith Margaret Kidman-Urbania ei valokuvista juuri muualta bongata kuin \u00e4itins\u00e4 vierest\u00e4. Molemmilla tytt\u00e4rill\u00e4 on my\u00f6s hybridiaksentti. He puhuvat sekaisin etel\u00e4valtioiden leve\u00e4\u00e4 ja pehme\u00e4\u00e4 englantia sek\u00e4 aussiaksentin napakkaa ja pomppivaa englantia. T\u00e4m\u00e4 on tiett\u00e4v\u00e4sti \u00e4idin valinta. Yhdysvalloissa ja varsinkin Englannissa on puhutun englannin murteella iso sosiaalinen merkitys.<br \/>\n            AOP\n        <\/p>\n<p class=\"article-content article-content-width !bg-background\">Kumpikin rohkaisee lapsiaan jatkamaan toisen vanhemman rakastamista. <a href=\"https:\/\/www.hellomagazine.com\/celebrities\/875776\/nicole-kidman-new-year-daughters\/\" target=\"_blank\" style=\"font-size:1.125rem\" rel=\"nofollow noopener\">Samoin tytt\u00f6j\u00e4 rohkaistaan viihtym\u00e4\u00e4n molemmissa perheiss\u00e4, sopimuksessa lukee Hello!-lehden mukaan<\/a>.<\/p>\n<p>Ei elatusapua<\/p>\n<p class=\"article-content article-content-width !bg-background\">Rahojen suhteen pari tiett\u00e4v\u00e4sti ei tehnyt kummoistakaan ositusta. Molemmat ovat \u00f6kymiljon\u00e4\u00e4rej\u00e4. Asunnoista kuitenkin luultavasti on tehty jonkinlainen sopimus.<\/p>\n<p>        <a itemprop=\"url\" href=\"https:\/\/www.seiska.fi\/ulkomaat\/nicole-kidman-ja-keith-urban-shokkiero\/1945949\" rel=\"nofollow noopener\" target=\"_blank\"><\/p>\n<p>\nHollywoodin megat\u00e4hdet\n<\/p>\n<p class=\"section-date\">\n        <strong class=\"article-section\" data-section=\"ulkomaat\"><br \/>\n            ulkomaat<br \/>\n        <\/strong><br \/>\n        30.9.2025 08:00\n    <\/p>\n<p>Nicole Kidman ja Keith Urban: Shokkiero!\n    <\/p>\n<p itemprop=\"description\" class=\"subtitle \">\n    T\u00e4htipari piti yht\u00e4 l\u00e4hes kahden vuosikymmenen ajan.\n<\/p>\n<p>        <\/a><\/p>\n<p class=\"article-content article-content-width !bg-background\">Keithin nettovarallisuudeksi on mediatiedoissa kerrottu noin 65 miljoonaa euroa. Nicole on liki nelj\u00e4 kertaa rikkaampi noin 215 miljoonan euron omaisuudellaan.<\/p>\n<p>        T\u00e4st\u00e4 syyst\u00e4 Nicole Kidman on miljon\u00e4\u00e4ri<\/p>\n<ul>\n<li class=\"lab-bodytext-line\">Elokuvapalkkiot. Vuosikymmenten uralla toistuvasti miljoona- tai kymmenien miljoonien sopimuksia<\/li>\n<li class=\"lab-bodytext-line\">Televisiopalkkiot. Historiassa jopa yli 850 000 euroa per jakso<\/li>\n<li class=\"lab-bodytext-line\">Oma tuotantoyhti\u00f6 Blossom<br \/>\nFilms. Vuonna 2010 perustettu firma tuo my\u00f6s &#8221;n\u00e4kym\u00e4tt\u00f6mi\u00e4&#8221; lis\u00e4tuloja omien palkkoiden lis\u00e4ksi esimerkiksi jakelu- ja lisenssituloina sek\u00e4 pitk\u00e4n\u00e4 h\u00e4nt\u00e4n\u00e4 toteutuvat esimerkiksi dvd- ja oheistuotetulot ja mahdollisuudet uusiin bisneksiin.<\/li>\n<li class=\"lab-bodytext-line\">Br\u00e4ndikumppanuudet esimerkiksi Chanel No. 5:n, Balenciagan ja muiden luksusmerkkien kanssa<\/li>\n<li class=\"lab-bodytext-line\">Omat asuinkiinteist\u00f6t nelj\u00e4ss\u00e4 suurkaupungissa\u00a0sek\u00e4 muita sijoituksia<\/li>\n<\/ul>\n<p>L\u00e4hteet: Finance Monthly, Celebrity Net Worth<\/p>\n<p class=\"article-content article-content-width !bg-background\">My\u00f6sk\u00e4\u00e4n elatusapua lapsista ei velvoiteta maksamaan kumpaankaan suuntaan.<\/p>\n<p>        <a itemprop=\"url\" href=\"https:\/\/www.seiska.fi\/ulkomaat\/tom-cruiselta-yllattava-ulostulo-nicole-kidmanista\/1700769\" rel=\"nofollow noopener\" target=\"_blank\"><\/p>\n<p>\nTom Cruise\n<\/p>\n<p class=\"section-date\">\n        <strong class=\"article-section\" data-section=\"ulkomaat\"><br \/>\n            ulkomaat<br \/>\n        <\/strong><br \/>\n        14.5.2025 09:34\n    <\/p>\n<p>Tom Cruiselta yll\u00e4tt\u00e4v\u00e4 ulostulo Nicole Kidmanista\n    <\/p>\n<p itemprop=\"description\" class=\"subtitle \">\n    Eroprosessi 11-vuotisesta liitosta oli kivulias.\n<\/p>\n<p>        <\/a><\/p>\n<p class=\"article-content article-content-width !bg-background\">Tuon enemp\u00e4\u00e4 elatusrahoista ei sopimuksen julkisesta osuudesta ole selvinnyt. Luultavasti elatuksesta huolehditaan suunnilleen kahtia tasaten tai sitten samassa suhteessa kuin lapset viett\u00e4v\u00e4t aikaa kumpaisenkin luona.<\/p>\n<p class=\"article-content article-content-width !bg-background\">Nicole on my\u00f6s h\u00e4nen ja  kahden jo aikuisen adoptiolapsen \u00e4iti.<\/p>\n<p>        <a itemprop=\"url\" href=\"https:\/\/www.seiska.fi\/ulkomaat\/tallaiset-valit-tom-cruisella-on-lapsiinsa\/1356051\" rel=\"nofollow noopener\" target=\"_blank\"><\/p>\n<p class=\"section-date\">\n        <strong class=\"article-section\" data-section=\"ulkomaat\"><br \/>\n            ulkomaat<br \/>\n        <\/strong><br \/>\n        21.5.2024 21:00\n    <\/p>\n<p>T\u00e4llaiset v\u00e4lit Tom Cruisella on lapsiinsa\n    <\/p>\n<p itemprop=\"description\" class=\"subtitle \">\n    Nykyisin Mission Impossible -t\u00e4hden lapsiasiat ovat haastatteluissa &#8221;no go zone&#8221;. N\u00e4in ei ollut aina.\n<\/p>\n<p>        <\/a><\/p>\n","protected":false},"excerpt":{"rendered":"AOP Miljon\u00e4\u00e4rin\u00e4yttelij\u00e4 vietti katkeransuloisen juhlasesongin tytt\u00e4riens\u00e4 kanssa. Yll\u00e4tyseronnut esiintyi Sydneyn lentoasemalla p\u00e4ivyst\u00e4neille paparazzeille iloisesti vilkutellen. Niin tekiv\u00e4t my\u00f6s&hellip;\n","protected":false},"author":2,"featured_media":135169,"comment_status":"","ping_status":"","sticky":false,"template":"","format":"standard","meta":{"footnotes":""},"categories":[136],"tags":[13422,1177,16821,10062,2639,3751,2759,407,137,1664,20318,23699,33,31,30,408,12406,23698,12288,3676,98,1240,23697,8193,23696,32,23695,4380,3489,23694,2677,107,109],"class_list":{"0":"post-135168","1":"post","2":"type-post","3":"status-publish","4":"format-standard","5":"has-post-thumbnail","7":"category-julkkikset","8":"tag-adoptio","9":"tag-aiti","10":"tag-aiti-ja-tytar","11":"tag-aiti-tytar-matka","12":"tag-asu","13":"tag-australia","14":"tag-avioero","15":"tag-celebrities","16":"tag-entertainment","17":"tag-ero","18":"tag-eronnut","19":"tag-faith-margaret-keith-urban","20":"tag-fi","21":"tag-finland","22":"tag-finnish","23":"tag-julkkikset","24":"tag-keith-urban","25":"tag-nashville","26":"tag-nicole-kidman","27":"tag-omaisuus","28":"tag-perhe","29":"tag-raha","30":"tag-sijaissynnyttaja","31":"tag-sinkku","32":"tag-sunday-rose-kidman-urban","33":"tag-suomi","34":"tag-sydney","35":"tag-tom-cruise","36":"tag-tytar","37":"tag-tyttaret","38":"tag-tyyli","39":"tag-vaatteet","40":"tag-viihde"},"share_on_mastodon":{"url":"","error":"Validation failed: Text character limit of 500 exceeded"},"_links":{"self":[{"href":"https:\/\/www.europesays.com\/fi\/wp-json\/wp\/v2\/posts\/135168","targetHints":{"allow":["GET"]}}],"collection":[{"href":"https:\/\/www.europesays.com\/fi\/wp-json\/wp\/v2\/posts"}],"about":[{"href":"https:\/\/www.europesays.com\/fi\/wp-json\/wp\/v2\/types\/post"}],"author":[{"embeddable":true,"href":"https:\/\/www.europesays.com\/fi\/wp-json\/wp\/v2\/users\/2"}],"replies":[{"embeddable":true,"href":"https:\/\/www.europesays.com\/fi\/wp-json\/wp\/v2\/comments?post=135168"}],"version-history":[{"count":0,"href":"https:\/\/www.europesays.com\/fi\/wp-json\/wp\/v2\/posts\/135168\/revisions"}],"wp:featuredmedia":[{"embeddable":true,"href":"https:\/\/www.europesays.com\/fi\/wp-json\/wp\/v2\/media\/135169"}],"wp:attachment":[{"href":"https:\/\/www.europesays.com\/fi\/wp-json\/wp\/v2\/media?parent=135168"}],"wp:term":[{"taxonomy":"category","embeddable":true,"href":"https:\/\/www.europesays.com\/fi\/wp-json\/wp\/v2\/categories?post=135168"},{"taxonomy":"post_tag","embeddable":true,"href":"https:\/\/www.europesays.com\/fi\/wp-json\/wp\/v2\/tags?post=135168"}],"curies":[{"name":"wp","href":"https:\/\/api.w.org\/{rel}","templated":true}]}}