{"id":135171,"date":"2026-01-06T18:26:07","date_gmt":"2026-01-06T18:26:07","guid":{"rendered":"https:\/\/www.europesays.com\/fi\/135171\/"},"modified":"2026-01-06T18:26:07","modified_gmt":"2026-01-06T18:26:07","slug":"thrash-pioneeri-razorin-alkuperaisrumpali-michael-embro-on-kuollut","status":"publish","type":"post","link":"https:\/\/www.europesays.com\/fi\/135171\/","title":{"rendered":"Thrash-pioneeri Razorin alkuper\u00e4isrumpali Michael Embro on kuollut"},"content":{"rendered":"<p>Kanadalaisen <strong>Razor<\/strong>-yhtyeen alkuper\u00e4isrumpali <strong>Michael \u201dM-Bro\u201d Embro<\/strong> on kuollut, uutisoi <a href=\"https:\/\/bravewords.com\/heavy-metal\/razor-former-drummer-mike-embro-dead-at-63\/\" target=\"_blank\" rel=\"noreferrer noopener nofollow\">BraveWords<\/a>. Embro oli kuollessaan 63-vuotias.<\/p>\n<p>Vuonna 1983 Ontarion Guelphissa perustettu Razor on kanadalaisen thrash metalin pioneeri, joka lasketaan mukaan maan \u201dBig Fouriin\u201d yhdess\u00e4 <strong>Sacrificen<\/strong>, <strong>Voivodin <\/strong>ja <strong>Annihilatorin <\/strong>kanssa. Embro soitti yhtyeen nelj\u00e4ll\u00e4 ensimm\u00e4isell\u00e4 pitk\u00e4soitolla, kunnes erosi b\u00e4ndist\u00e4 1987. H\u00e4n kuitenkin vieraili yhtyeen vuoden 2022 Cycle of Contempt -pitk\u00e4soitolla taustalaulajana.<\/p>\n<p>Embro perusti vuonna 2017 yhdess\u00e4 kitaristi <strong>Mike Carlon<\/strong> kanssa <strong>10 Carden Street<\/strong> -yhtyeen.<\/p>\n<p><img loading=\"lazy\" decoding=\"async\" alt=\"YouTube video\" width=\"480\" height=\"360\" data-pin-nopin=\"true\" nopin=\"nopin\" class=\"perfmatters-lazy\" src=\"https:\/\/www.europesays.com\/fi\/wp-content\/uploads\/2026\/01\/1767723967_526_hqdefault.jpg\"\/><\/p>\n<p><img loading=\"lazy\" decoding=\"async\" alt=\"YouTube video\" width=\"480\" height=\"360\" data-pin-nopin=\"true\" nopin=\"nopin\" class=\"perfmatters-lazy\" src=\"https:\/\/www.europesays.com\/fi\/wp-content\/uploads\/2026\/01\/1767723967_438_hqdefault.jpg\"\/><\/p>\n<p>Lue my\u00f6s: <a href=\"https:\/\/www.inferno.fi\/uutiskirje\/\" title=\"Tilaa Infernon uutiskirje\" class=\"underline-custom !font-montserrat !font-bold !underline-offset-4 !decoration-4 !decoration-red-600 !text-md\" rel=\"nofollow noopener\" target=\"_blank\">Tilaa Infernon uutiskirje ja tied\u00e4t mist\u00e4 kahvitauolla puhutaan! Nappaa raskaan musiikin uutiset ja puheenaiheet suoraan s\u00e4hk\u00f6postiin t\u00e4st\u00e4.<\/a><\/p>\n","protected":false},"excerpt":{"rendered":"Kanadalaisen Razor-yhtyeen alkuper\u00e4isrumpali Michael \u201dM-Bro\u201d Embro on kuollut, uutisoi BraveWords. Embro oli kuollessaan 63-vuotias. Vuonna 1983 Ontarion Guelphissa&hellip;\n","protected":false},"author":2,"featured_media":18798,"comment_status":"","ping_status":"","sticky":false,"template":"","format":"standard","meta":{"footnotes":""},"categories":[132],"tags":[137,33,31,30,195,47,2039,32,109],"class_list":{"0":"post-135171","1":"post","2":"type-post","3":"status-publish","4":"format-standard","5":"has-post-thumbnail","7":"category-musiikki","8":"tag-entertainment","9":"tag-fi","10":"tag-finland","11":"tag-finnish","12":"tag-music","13":"tag-musiikki","14":"tag-rip","15":"tag-suomi","16":"tag-viihde"},"share_on_mastodon":{"url":"https:\/\/pubeurope.com\/@fi\/115849565530049966","error":""},"_links":{"self":[{"href":"https:\/\/www.europesays.com\/fi\/wp-json\/wp\/v2\/posts\/135171","targetHints":{"allow":["GET"]}}],"collection":[{"href":"https:\/\/www.europesays.com\/fi\/wp-json\/wp\/v2\/posts"}],"about":[{"href":"https:\/\/www.europesays.com\/fi\/wp-json\/wp\/v2\/types\/post"}],"author":[{"embeddable":true,"href":"https:\/\/www.europesays.com\/fi\/wp-json\/wp\/v2\/users\/2"}],"replies":[{"embeddable":true,"href":"https:\/\/www.europesays.com\/fi\/wp-json\/wp\/v2\/comments?post=135171"}],"version-history":[{"count":0,"href":"https:\/\/www.europesays.com\/fi\/wp-json\/wp\/v2\/posts\/135171\/revisions"}],"wp:featuredmedia":[{"embeddable":true,"href":"https:\/\/www.europesays.com\/fi\/wp-json\/wp\/v2\/media\/18798"}],"wp:attachment":[{"href":"https:\/\/www.europesays.com\/fi\/wp-json\/wp\/v2\/media?parent=135171"}],"wp:term":[{"taxonomy":"category","embeddable":true,"href":"https:\/\/www.europesays.com\/fi\/wp-json\/wp\/v2\/categories?post=135171"},{"taxonomy":"post_tag","embeddable":true,"href":"https:\/\/www.europesays.com\/fi\/wp-json\/wp\/v2\/tags?post=135171"}],"curies":[{"name":"wp","href":"https:\/\/api.w.org\/{rel}","templated":true}]}}