{"id":135186,"date":"2026-01-06T18:46:47","date_gmt":"2026-01-06T18:46:47","guid":{"rendered":"https:\/\/www.europesays.com\/fi\/135186\/"},"modified":"2026-01-06T18:46:47","modified_gmt":"2026-01-06T18:46:47","slug":"varkauden-akkutehtaan-konkurssipesa-on-myynyt-tehtaan-koneet-ja-laitteet","status":"publish","type":"post","link":"https:\/\/www.europesays.com\/fi\/135186\/","title":{"rendered":"Varkauden akkutehtaan konkurssipes\u00e4 on myynyt tehtaan koneet ja laitteet"},"content":{"rendered":"<p>Artikkeli on yli 3 vuotta vanha<\/p>\n<p class=\"aw-1gybjub aw-5vja16 kEtdKx kmuxyA yle__article__paragraph\">Ostaja on ulkomainen taho. Kauppasumman loppuosaa odotetaan maksettavaksi helmikuun aikana.<\/p>\n<p><img decoding=\"async\" alt=\"Varkauden akkutehdas vuonna 2015\" src=\"https:\/\/www.europesays.com\/fi\/wp-content\/uploads\/2026\/01\/39-6315145e200abe3da53.jpeg\" class=\"aw-1l9m598 hKVVvP\"\/><\/p>\n<p>Avaa kuvien katselu<\/p>\n<p>Varkauden akkutehdas. Arkistokuva. Kuva: Antti Karhunen \/ Yle<\/p>\n<p>1.2.2022 14:48\u2022P\u00e4ivitetty 1.2.2022 14:54<\/p>\n<p class=\"aw-1gybjub aw-1p7kakr kEtdKx cEmitX yle__article__paragraph\">Varkauden akkutehtaan konkurssipes\u00e4 on myynyt tehtaan koneet ja laitteet. Konkurssipes\u00e4 on tehnyt kaupat jo viime joulukuussa ulkomaisen ostajan kanssa.<\/p>\n<p class=\"aw-1gybjub aw-1p7kakr kEtdKx cEmitX yle__article__paragraph\">Ensimm\u00e4inen osa kauppasummasta on maksettu ja loppusummaa odotetaan helmikuun aikana. Konkurssipes\u00e4n hoitaja ei kerro kauppasummaa, mutta kuvailee saatujen tarjousten olleen hyv\u00e4ll\u00e4 tasolla. Pes\u00e4nhoitaja <strong class=\"aw-ak79eh KyCXm yle__article__strong\">Pauliina Tenhusen<\/strong> mukaan koneista ja laitteista tehtiin kolme tarjousta ja ne kaikki tulivat ulkomailta.<\/p>\n<p class=\"aw-1gybjub aw-1p7kakr kEtdKx cEmitX yle__article__paragraph\">Varkauden akkutehtaan yhti\u00f6 European Battery Technologies hakeutui konkurssiin vuonna 2019. Konkurssipes\u00e4 omistaa koneet ja laitteet. Pes\u00e4n suurin velkoja on kyproslainen yhti\u00f6.<\/p>\n<p class=\"aw-1gybjub aw-1p7kakr kEtdKx cEmitX yle__article__paragraph\">Tehdasrakennuksen omistaa Varkauden kaupungin tyt\u00e4ryhti\u00f6, Keski-Savon teollisuuskyl\u00e4. Se on jo neuvotellut tiloihin uusia vuokralaisia. Koneiden ja laitteiden kaupasta kertoi ensimm\u00e4isen\u00e4 <a class=\"aw-iao6s4 iHOxEa yle__article__link\" href=\"https:\/\/www.savonsanomat.fi\/paikalliset\/4462381\" role=\"link\" rel=\"nofollow noopener\" target=\"_blank\">Savon Sanomat<\/a>.<\/p>\n","protected":false},"excerpt":{"rendered":"Artikkeli on yli 3 vuotta vanha Ostaja on ulkomainen taho. Kauppasumman loppuosaa odotetaan maksettavaksi helmikuun aikana. Avaa kuvien&hellip;\n","protected":false},"author":2,"featured_media":135187,"comment_status":"","ping_status":"","sticky":false,"template":"","format":"standard","meta":{"footnotes":""},"categories":[86],"tags":[15450,420,33,31,30,1167,421,1136,32,91,92,20921,2915],"class_list":{"0":"post-135186","1":"post","2":"type-post","3":"status-publish","4":"format-standard","5":"has-post-thumbnail","7":"category-laitteet","8":"tag-elektroniikan-ja-sahkolaitteiden-valmistus","9":"tag-equipment","10":"tag-fi","11":"tag-finland","12":"tag-finnish","13":"tag-konkurssi","14":"tag-laitteet","15":"tag-pohjois-savo","16":"tag-suomi","17":"tag-technology","18":"tag-teknologia","19":"tag-varkauden-seutukunta","20":"tag-varkaus"},"share_on_mastodon":{"url":"https:\/\/pubeurope.com\/@fi\/115849644141421701","error":""},"_links":{"self":[{"href":"https:\/\/www.europesays.com\/fi\/wp-json\/wp\/v2\/posts\/135186","targetHints":{"allow":["GET"]}}],"collection":[{"href":"https:\/\/www.europesays.com\/fi\/wp-json\/wp\/v2\/posts"}],"about":[{"href":"https:\/\/www.europesays.com\/fi\/wp-json\/wp\/v2\/types\/post"}],"author":[{"embeddable":true,"href":"https:\/\/www.europesays.com\/fi\/wp-json\/wp\/v2\/users\/2"}],"replies":[{"embeddable":true,"href":"https:\/\/www.europesays.com\/fi\/wp-json\/wp\/v2\/comments?post=135186"}],"version-history":[{"count":0,"href":"https:\/\/www.europesays.com\/fi\/wp-json\/wp\/v2\/posts\/135186\/revisions"}],"wp:featuredmedia":[{"embeddable":true,"href":"https:\/\/www.europesays.com\/fi\/wp-json\/wp\/v2\/media\/135187"}],"wp:attachment":[{"href":"https:\/\/www.europesays.com\/fi\/wp-json\/wp\/v2\/media?parent=135186"}],"wp:term":[{"taxonomy":"category","embeddable":true,"href":"https:\/\/www.europesays.com\/fi\/wp-json\/wp\/v2\/categories?post=135186"},{"taxonomy":"post_tag","embeddable":true,"href":"https:\/\/www.europesays.com\/fi\/wp-json\/wp\/v2\/tags?post=135186"}],"curies":[{"name":"wp","href":"https:\/\/api.w.org\/{rel}","templated":true}]}}