{"id":135190,"date":"2026-01-06T18:51:07","date_gmt":"2026-01-06T18:51:07","guid":{"rendered":"https:\/\/www.europesays.com\/fi\/135190\/"},"modified":"2026-01-06T18:51:07","modified_gmt":"2026-01-06T18:51:07","slug":"salkkarit-paljastus-loksauttaa-leuat-kaupan-uusi-omistaja-selviaa","status":"publish","type":"post","link":"https:\/\/www.europesays.com\/fi\/135190\/","title":{"rendered":"Salkkarit-paljastus loksauttaa leuat \u2013 kaupan uusi omistaja selvi\u00e4\u00e4"},"content":{"rendered":"<p><strong class=\"typography-bold\">Salkkareissa Aaron kaupan uusi omistaja selvi\u00e4\u00e4.\u00a0<\/strong><\/p>\n<p><a class=\"cursor-pointer underline\" data-testid=\"internal-link\" role=\"link\" data-sentry-element=\"Link\" data-sentry-component=\"InternalLink\" data-sentry-source-file=\"InternalLink.tsx\" href=\"https:\/\/www.mtvuutiset.fi\/aihe\/salatut-elamat\/2889940\" rel=\"nofollow noopener\" target=\"_blank\">Salatut el\u00e4m\u00e4t<\/a> -sarjassa Ismo j\u00e4rkyttyi, kun Aaron kauppa olikin jo myyty mysteerihenkil\u00f6lle.<\/p>\n<p>Keskiviikkona n\u00e4ht\u00e4v\u00e4ss\u00e4 jaksossa Ismo pohtii, kuka on kehdannut ostaa kaupan h\u00e4nen nen\u00e4ns\u00e4\u00a0edest\u00e4. Jutta, Lasse, Kari, Salla ja Jiri my\u00f6s pohtivat uuden omistajan henkil\u00f6llisyytt\u00e4.\u00a0<\/p>\n<p>Pihlajakadun asukkaan saapuvat kaupalle, kun Aaro esittelee uutta omistajaa.\u00a0\u00a0<\/p>\n<p>\u2013 Minun on nyt helppo v\u00e4isty\u00e4, kun tied\u00e4n, ett\u00e4 kauppa j\u00e4\u00e4 nyt osaaviin k\u00e4siin. Pidemmitt\u00e4 puheitta, saanko esitell\u00e4&#8230; Aaro aloittaa.\u00a0<\/p>\n<p>Kaupan uuden omistajan ilmestytty\u00e4 ovesta Pihlajakadun asukkaiden leuat loksahtavat.\u00a0<\/p>\n<p>Kuka on kyseess\u00e4? <strong class=\"typography-bold\">Katso kohtaus ennakkoon ylh\u00e4\u00e4ll\u00e4 olevalta videolta!<\/strong><\/p>\n<p><strong class=\"typography-bold\">Salatut el\u00e4m\u00e4t<\/strong><strong class=\"typography-bold\">\u00a0ma-to <\/strong><a class=\"underline\" data-testid=\"external-link\" href=\"http:\/\/mtv.fi\" rel=\"noopener noreferrer nofollow\" target=\"_blank\" data-sentry-component=\"ExternalLink\" data-sentry-source-file=\"ExternalLink.tsx\"><strong class=\"typography-bold\">MTV Katsomossa<\/strong><\/a><strong class=\"typography-bold\">\u00a0ja klo 19.30 MTV3-kanavalla. Jaksot ennakkoon <\/strong><a class=\"underline\" data-testid=\"external-link\" href=\"https:\/\/www.mtv.fi\/ohjelma\/b7cd2861074f79d2ca1e\/salatut-elamat\" rel=\"noopener noreferrer nofollow\" data-sentry-component=\"ExternalLink\" data-sentry-source-file=\"ExternalLink.tsx\" target=\"_blank\"><strong class=\"typography-bold\">MTV Katsomo+ <\/strong><\/a><strong class=\"typography-bold\">-tilauksella perjantaisin.<\/strong><\/p>\n","protected":false},"excerpt":{"rendered":"Salkkareissa Aaron kaupan uusi omistaja selvi\u00e4\u00e4.\u00a0 Salatut el\u00e4m\u00e4t -sarjassa Ismo j\u00e4rkyttyi, kun Aaron kauppa olikin jo myyty mysteerihenkil\u00f6lle.&hellip;\n","protected":false},"author":2,"featured_media":135191,"comment_status":"","ping_status":"","sticky":false,"template":"","format":"standard","meta":{"footnotes":""},"categories":[133],"tags":[137,33,31,30,32,206,156,109],"class_list":{"0":"post-135190","1":"post","2":"type-post","3":"status-publish","4":"format-standard","5":"has-post-thumbnail","7":"category-televisiot","8":"tag-entertainment","9":"tag-fi","10":"tag-finland","11":"tag-finnish","12":"tag-suomi","13":"tag-televisiot","14":"tag-tv","15":"tag-viihde"},"share_on_mastodon":{"url":"https:\/\/pubeurope.com\/@fi\/115849663805176748","error":""},"_links":{"self":[{"href":"https:\/\/www.europesays.com\/fi\/wp-json\/wp\/v2\/posts\/135190","targetHints":{"allow":["GET"]}}],"collection":[{"href":"https:\/\/www.europesays.com\/fi\/wp-json\/wp\/v2\/posts"}],"about":[{"href":"https:\/\/www.europesays.com\/fi\/wp-json\/wp\/v2\/types\/post"}],"author":[{"embeddable":true,"href":"https:\/\/www.europesays.com\/fi\/wp-json\/wp\/v2\/users\/2"}],"replies":[{"embeddable":true,"href":"https:\/\/www.europesays.com\/fi\/wp-json\/wp\/v2\/comments?post=135190"}],"version-history":[{"count":0,"href":"https:\/\/www.europesays.com\/fi\/wp-json\/wp\/v2\/posts\/135190\/revisions"}],"wp:featuredmedia":[{"embeddable":true,"href":"https:\/\/www.europesays.com\/fi\/wp-json\/wp\/v2\/media\/135191"}],"wp:attachment":[{"href":"https:\/\/www.europesays.com\/fi\/wp-json\/wp\/v2\/media?parent=135190"}],"wp:term":[{"taxonomy":"category","embeddable":true,"href":"https:\/\/www.europesays.com\/fi\/wp-json\/wp\/v2\/categories?post=135190"},{"taxonomy":"post_tag","embeddable":true,"href":"https:\/\/www.europesays.com\/fi\/wp-json\/wp\/v2\/tags?post=135190"}],"curies":[{"name":"wp","href":"https:\/\/api.w.org\/{rel}","templated":true}]}}