{"id":135194,"date":"2026-01-06T18:56:08","date_gmt":"2026-01-06T18:56:08","guid":{"rendered":"https:\/\/www.europesays.com\/fi\/135194\/"},"modified":"2026-01-06T18:56:08","modified_gmt":"2026-01-06T18:56:08","slug":"kiti-kokkonen-yllatti-kirpputorilla-salakuvat","status":"publish","type":"post","link":"https:\/\/www.europesays.com\/fi\/135194\/","title":{"rendered":"Kiti Kokkonen yll\u00e4tti kirpputorilla \u2013 salakuvat!"},"content":{"rendered":"<p>\n            \u2013 Olen yritt\u00e4nyt kirjoittaa kappaleita mieheni yhtyeille, mutta ne ovat olleet ilmeisesti niin huonoja ja korneja, etteiv\u00e4t ne ole menneet l\u00e4pi. Ehk\u00e4 haen omilla kappaleillani Euroviisuihin, Kiti vitsailee.<br \/>\n            Matti Matikainen\n        <\/p>\n<p class=\"subtitle \">Kiti on monille 1990- ja 2000-luvuilla lapsuutensa el\u00e4neille jo pelk\u00e4n \u00e4\u00e4nens\u00e4 puolesta nostalginen hahmo.<\/p>\n<p class=\"article-content article-content-width !bg-background\"> on monipuolinen n\u00e4yttelij\u00e4, jolla on tunnistettava ja omaleimainen \u00e4\u00e4ni.<\/p>\n<p class=\"font-weight-bold m-font-weight-bold article-content article-content-width !bg-background\">Video: Kiti kertoi viime kev\u00e4\u00e4n\u00e4 kissoistaan.<\/p>\n<p class=\"article-content article-content-width !bg-background\">T\u00e4st\u00e4 kertovat muun muassa lukuisat dubbausty\u00f6t, erityisesti piirrettyjen parissa. Niiden ansiosta Kiti on monille 1990- ja 2000-luvuilla lapsuutensa el\u00e4neille jo pelk\u00e4n \u00e4\u00e4nens\u00e4 puolesta nostalginen hahmo.<\/p>\n<p class=\"article-content article-content-width !bg-background\">Kulttuurisukua h\u00e4n on \u2013 ainakin vanhempiensa osalta, sill\u00e4 h\u00e4nen is\u00e4ns\u00e4 oli jo edesmennyt ohjaaja  ja \u00e4itins\u00e4 n\u00e4yttelij\u00e4 .<\/p>\n<p>        <a itemprop=\"url\" href=\"https:\/\/www.seiska.fi\/kotimaa\/kiti-kokkonen-kiusallinen-terveyshuoli-piinaa-kuva-ei-herkille\/1990640\" rel=\"nofollow noopener\" target=\"_blank\"><\/p>\n<p>\nKuva ei herkille!\n<\/p>\n<p class=\"section-date\">\n        <strong class=\"article-section\" data-section=\"kotimaa\"><br \/>\n            kotimaa<br \/>\n        <\/strong><br \/>\n        12.11.2025 11:04\n    <\/p>\n<p>Kiti Kokkonen: Kiusallinen terveyshuoli piinaa \u2013 kuva ei herkille\n    <\/p>\n<p itemprop=\"description\" class=\"subtitle \">\n    Kiti Kokkonen kertoo k\u00e4rsineens\u00e4 jo pitk\u00e4\u00e4n terveysongelmista.\n<\/p>\n<p>        <\/a><\/p>\n<p class=\"article-content article-content-width !bg-background\">Nyt Kiti on n\u00e4hty.<\/p>\n<p class=\"article-content article-content-width !bg-background\">Kyll\u00e4 vain.<\/p>\n<p>                <img decoding=\"async\" src=\"https:\/\/www.europesays.com\/fi\/wp-content\/uploads\/2026\/01\/2037645.webp.jpeg\" width=\"576\" height=\"639\" alt=\"51-vuotias Kiti ei n\u00e4yt\u00e4 p\u00e4iv\u00e4\u00e4k\u00e4\u00e4n yli 35-vuotiaalta.\" loading=\"lazy\" \/>            <\/p>\n<p>\n            51-vuotias Kiti ei n\u00e4yt\u00e4 p\u00e4iv\u00e4\u00e4k\u00e4\u00e4n yli 35-vuotiaalta.<br \/>\n            Lukijan kuva\n        <\/p>\n<p>&#8221;V\u00e4h\u00e4n salaa kiertelin&#8221;<\/p>\n<p class=\"article-content article-content-width !bg-background\">Hyvink\u00e4\u00e4ll\u00e4 \u2013 tarkemmin ottaen paikallisen Prisman v\u00e4litt\u00f6m\u00e4ss\u00e4 l\u00e4heisyydess\u00e4 sijaitsevalla Villatehtaan Kellarin kirppiksell\u00e4.<\/p>\n<p class=\"article-content article-content-width !bg-background\">Tiuku n\u00e4ytti nelj\u00e4\u00e4 iltap\u00e4iv\u00e4ll\u00e4 ja kalenteri perjantaita 2. tammikuuta.<\/p>\n<p class=\"article-content article-content-width !bg-background\">\u2013 Hoksasin Kitin asioitani toimittaessa, ja sitten v\u00e4h\u00e4n salaa kiertelin samoilla v\u00e4ylill\u00e4, Seiskan lukija kertoo.<\/p>\n<p>        <a itemprop=\"url\" href=\"https:\/\/www.seiska.fi\/terveys\/kiti-kokkonen-sairastui-raju-kuva\/1980655\" rel=\"nofollow noopener\" target=\"_blank\"><\/p>\n<p>\nRaju kuva\n<\/p>\n<p class=\"section-date\">\n        <strong class=\"article-section\" data-section=\"terveys\"><br \/>\n            terveys<br \/>\n        <\/strong><br \/>\n        1.11.2025 12:04\n    <\/p>\n<p>Kiti Kokkonen sairastui \u2013 raju kuva\n    <\/p>\n<p itemprop=\"description\" class=\"subtitle \">\n    N\u00e4yttelij\u00e4 kertoo \u00e4rh\u00e4k\u00e4st\u00e4 sairaudestaan.\n<\/p>\n<p>        <\/a><\/p>\n<p class=\"article-content article-content-width !bg-background\">Kiti ei ollut yksin, vaan h\u00e4nen seuranaan oli lukijan mukaan samanik\u00e4isen n\u00e4k\u00f6inen rouva.<\/p>\n<p class=\"article-content article-content-width !bg-background\">\u2013 Jotain omia asioitaan he h\u00f6p\u00f6tteliv\u00e4t\u2026<\/p>\n<p class=\"article-content article-content-width !bg-background\">\u2013 Katselivat\u2026 ja sitten Kiti kiitteli vuolaasti myyji\u00e4 l\u00e4htiess\u00e4\u00e4n.<\/p>\n<p>                <img decoding=\"async\" src=\"https:\/\/www.europesays.com\/fi\/wp-content\/uploads\/2026\/01\/2037643.webp.jpeg\" width=\"576\" height=\"639\" alt=\"Kiti kierteli, mutta lukijan mukaan h\u00e4n l\u00e4hti tyhjin k\u00e4sin.\" loading=\"lazy\" \/>            <\/p>\n<p>\n            Kiti kierteli, mutta lukijan mukaan h\u00e4n l\u00e4hti tyhjin k\u00e4sin.<br \/>\n            Lukijan kuva\n        <\/p>\n<p>&#8221;Pirtsakka rouva&#8221;<\/p>\n<p class=\"article-content article-content-width !bg-background\">Ostoksia naispuolinen lukija ei n\u00e4hnyt Kitin tehneen \u2013 seuralaisen ilmeisesti kyll\u00e4kin.<\/p>\n<p class=\"article-content article-content-width !bg-background\">\u2013 Yst\u00e4v\u00e4 taisi k\u00e4yd\u00e4 kassalla, Kiti taas vei korin pois.<\/p>\n<p class=\"article-content article-content-width !bg-background\">Lukijalla on ollut Kitist\u00e4 selke\u00e4 mielikuva.<\/p>\n<p>        <a itemprop=\"url\" href=\"https:\/\/www.seiska.fi\/kotimaa\/kiti-kokkonen-julkaisi-rohkean-kuvan-someseuraajat-hakeltyivat\/1939604\" rel=\"nofollow noopener\" target=\"_blank\"><\/p>\n<p>\nKiti Kokkonen\n<\/p>\n<p class=\"section-date\">\n        <strong class=\"article-section\" data-section=\"kotimaa\"><br \/>\n            kotimaa<br \/>\n        <\/strong><br \/>\n        24.9.2025 18:00\n    <\/p>\n<p>Kiti Kokkonen julkaisi rohkean kuvan \u2013 someseuraajat h\u00e4keltyiv\u00e4t\n    <\/p>\n<p itemprop=\"description\" class=\"subtitle \">\n    Yksi asia Kitin julkaisemassa kuvassa kiinnitti seuraajien huomion.\n<\/p>\n<p>        <\/a><\/p>\n<p class=\"article-content article-content-width !bg-background\">\u2013 Pirtsakka rouvahan h\u00e4n on, todella iloinen ja mukavan oloinen.<\/p>\n<p class=\"article-content article-content-width !bg-background\">\u2013 Ja onhan h\u00e4n hyv\u00e4 n\u00e4yttelij\u00e4.<\/p>\n<p class=\"article-content article-content-width !bg-background\">N\u00e4m\u00e4 positiiviset mielikuvat vain vahvistuivat.<\/p>\n<p class=\"article-content article-content-width !bg-background\">\u2013 Vaikuttaa kyll\u00e4 hyv\u00e4ntuuliselta ihmiselt\u00e4, jolla on jalat maassa.<\/p>\n","protected":false},"excerpt":{"rendered":"\u2013 Olen yritt\u00e4nyt kirjoittaa kappaleita mieheni yhtyeille, mutta ne ovat olleet ilmeisesti niin huonoja ja korneja, etteiv\u00e4t ne&hellip;\n","protected":false},"author":2,"featured_media":135195,"comment_status":"","ping_status":"","sticky":false,"template":"","format":"standard","meta":{"footnotes":""},"categories":[130],"tags":[137,3185,33,31,30,23703,2850,212,1342,32,11444,109],"class_list":{"0":"post-135194","1":"post","2":"type-post","3":"status-publish","4":"format-standard","5":"has-post-thumbnail","7":"category-viihde","8":"tag-entertainment","9":"tag-ere-kokkonen","10":"tag-fi","11":"tag-finland","12":"tag-finnish","13":"tag-kirpputori","14":"tag-kiti-kokkonen","15":"tag-lifestyle","16":"tag-nayttelija","17":"tag-suomi","18":"tag-titta-jokinen","19":"tag-viihde"},"share_on_mastodon":{"url":"https:\/\/pubeurope.com\/@fi\/115849683533348104","error":""},"_links":{"self":[{"href":"https:\/\/www.europesays.com\/fi\/wp-json\/wp\/v2\/posts\/135194","targetHints":{"allow":["GET"]}}],"collection":[{"href":"https:\/\/www.europesays.com\/fi\/wp-json\/wp\/v2\/posts"}],"about":[{"href":"https:\/\/www.europesays.com\/fi\/wp-json\/wp\/v2\/types\/post"}],"author":[{"embeddable":true,"href":"https:\/\/www.europesays.com\/fi\/wp-json\/wp\/v2\/users\/2"}],"replies":[{"embeddable":true,"href":"https:\/\/www.europesays.com\/fi\/wp-json\/wp\/v2\/comments?post=135194"}],"version-history":[{"count":0,"href":"https:\/\/www.europesays.com\/fi\/wp-json\/wp\/v2\/posts\/135194\/revisions"}],"wp:featuredmedia":[{"embeddable":true,"href":"https:\/\/www.europesays.com\/fi\/wp-json\/wp\/v2\/media\/135195"}],"wp:attachment":[{"href":"https:\/\/www.europesays.com\/fi\/wp-json\/wp\/v2\/media?parent=135194"}],"wp:term":[{"taxonomy":"category","embeddable":true,"href":"https:\/\/www.europesays.com\/fi\/wp-json\/wp\/v2\/categories?post=135194"},{"taxonomy":"post_tag","embeddable":true,"href":"https:\/\/www.europesays.com\/fi\/wp-json\/wp\/v2\/tags?post=135194"}],"curies":[{"name":"wp","href":"https:\/\/api.w.org\/{rel}","templated":true}]}}